{"id":94171,"date":"2023-06-06T14:19:32","date_gmt":"2023-06-06T14:19:32","guid":{"rendered":"https:\/\/haberulus.net\/?p=94171"},"modified":"2023-06-06T14:19:32","modified_gmt":"2023-06-06T14:19:32","slug":"tip-gezi-davasindan-tutuklu-bulunan-hatay-milletvekili-can-atalayi-tbmm-baskanligina-aday-gosterdi","status":"publish","type":"post","link":"https:\/\/haberulus.net\/?p=94171","title":{"rendered":"T\u0130P, Gezi Davas\u0131&#8217;ndan tutuklu bulunan Hatay Milletvekili Can Atalay&#8217;\u0131 TBMM Ba\u015fkanl\u0131\u011f\u0131&#8217;na aday g\u00f6sterdi"},"content":{"rendered":"<p>TBMM 28&#8217;inci D\u00f6nem, ge\u00e7ti\u011fimiz cuma g\u00fcn\u00fc Genel Kurul&#8217;da yap\u0131lan Ant \u0130\u00e7me T\u00f6reni ile ba\u015flad\u0131. T\u0130P Hatay Milletvekili Can Atalay, Marmara Cezaevi&#8217;nde tutuklu oldu\u011fu i\u00e7in t\u00f6rene kat\u0131lamad\u0131. T\u0130P, TBMM Ba\u015fkanl\u0131\u011f\u0131&#8217;na tutuklu Hatay Milletvekili Can Atalay&#8217;\u0131 TBMM Ba\u015fkanl\u0131\u011f\u0131&#8217;na aday g\u00f6sterdi.<\/p>\n<p><img decoding=\"async\" src=\"https:\/\/i.hbrcdn.com\/haber\/2023\/06\/06\/tip-gezi-davasi-ndan-tutuklu-bulunan-hatay-16004350_1722_m.jpg\" alt=\"\" title=\"\"><\/p>\n<p><b>D\u0130LEK\u00c7EY\u0130 TESL\u0130M ETT\u0130LER<\/b><\/p>\n<p>T\u0130P Genel Ba\u015fkan\u0131 Erkan Ba\u015f; kendisinin, Parti S\u00f6zc\u00fcs\u00fc Sera Kad\u0131gil&#8217;in ve \u0130stanbul Milletvekili Ahmet \u015e\u0131k&#8217;\u0131n imzas\u0131n\u0131n yer ald\u0131\u011f\u0131 dilek\u00e7eyi TBMM Genel Sekreteri Mehmet Ali Kumbuzo\u011flu&#8217;na bug\u00fcn saat 15.00&#8217;te teslim etti. Dilek\u00e7ede, &#8220;Anayasan\u0131n 94&#8217;\u00fcnc\u00fc ve TBMM \u0130\u00e7t\u00fcz\u00fc\u011f\u00fc&#8217;n\u00fcn 10&#8217;uncu maddesi uyar\u0131nca 28&#8217;inci d\u00f6nem T\u00fcrkiye B\u00fcy\u00fck Millet Meclisi Ba\u015fkan aday\u0131 olarak Hatay Milletvekilimiz \u015eerafettin Can Atalay&#8217;\u0131n adayl\u0131\u011f\u0131n\u0131 arz ve teklif ederiz.&#8221; ifadeleri yer ald\u0131. <\/p>\n<p><img decoding=\"async\" src=\"https:\/\/i.hbrcdn.com\/haber\/2023\/06\/06\/tip-gezi-davasi-ndan-tutuklu-bulunan-hatay-16004350_9794_m.jpg\" alt=\"\" title=\"\"><\/p>\n<p><b>YARGITAY&#8217;IN YANITI BEKLEN\u0130YOR<\/b><\/p>\n<p>Gezi Davas\u0131 kapsam\u0131nda ald\u0131\u011f\u0131 18 y\u0131l hapis cezas\u0131 nedeniyle Silivri Cezaevi&#8217;nde tutulan Atalay&#8217;\u0131n mazbatas\u0131, 25 May\u0131s tarihinde avukatlar\u0131 taraf\u0131ndan al\u0131nd\u0131 ve hemen ard\u0131ndan Atalay&#8217;\u0131n tahliyesi i\u00e7in Yarg\u0131tay&#8217;a ba\u015fvuruda bulunuldu. Yarg\u0131tay, yap\u0131lan ba\u015fvuruya hala yan\u0131t vermezken T\u0130P Milletvekili Can Atalay hen\u00fcz edilememesi sebebiyle g\u00f6revine ba\u015flayamad\u0131.<\/p>\n<div>Kaynak: ANKA \/  Politika <\/div>\n","protected":false},"excerpt":{"rendered":"<p>Milletvekillerinin ge\u00e7ti\u011fimiz hafta yemin etmesiyle TBMM&#8217;de yeni d\u00f6nem resmen ba\u015flad\u0131. Siyasi partiler Meclis Ba\u015fkan\u0131 adaylar\u0131n\u0131 tek tek a\u00e7\u0131klarken, T\u00fcrkiye \u0130\u015f\u00e7i Partisi&#8217;nden dikkat \u00e7eken bir ad\u0131m geldi. T\u0130P, Gezi Davas\u0131 kapsam\u0131nda ald\u0131\u011f\u0131 18 y\u0131l hapis cezas\u0131 nedeniyle tutuklu bulunan Hatay Milletvekili Can Atalay&#8217;\u0131 TBMM Ba\u015fkanl\u0131\u011f\u0131&#8217;na aday g\u00f6sterdi.<\/p>\n","protected":false},"author":1,"featured_media":0,"comment_status":"closed","ping_status":"open","sticky":false,"template":"","format":"standard","meta":{"footnotes":""},"categories":[28],"tags":[4819,1486,1513],"class_list":["post-94171","post","type-post","status-publish","format-standard","hentry","category-politika","tag-atalay","tag-milletvekili","tag-tbmm"],"_links":{"self":[{"href":"https:\/\/haberulus.net\/index.php?rest_route=\/wp\/v2\/posts\/94171","targetHints":{"allow":["GET"]}}],"collection":[{"href":"https:\/\/haberulus.net\/index.php?rest_route=\/wp\/v2\/posts"}],"about":[{"href":"https:\/\/haberulus.net\/index.php?rest_route=\/wp\/v2\/types\/post"}],"author":[{"embeddable":true,"href":"https:\/\/haberulus.net\/index.php?rest_route=\/wp\/v2\/users\/1"}],"replies":[{"embeddable":true,"href":"https:\/\/haberulus.net\/index.php?rest_route=%2Fwp%2Fv2%2Fcomments&post=94171"}],"version-history":[{"count":1,"href":"https:\/\/haberulus.net\/index.php?rest_route=\/wp\/v2\/posts\/94171\/revisions"}],"predecessor-version":[{"id":94172,"href":"https:\/\/haberulus.net\/index.php?rest_route=\/wp\/v2\/posts\/94171\/revisions\/94172"}],"wp:attachment":[{"href":"https:\/\/haberulus.net\/index.php?rest_route=%2Fwp%2Fv2%2Fmedia&parent=94171"}],"wp:term":[{"taxonomy":"category","embeddable":true,"href":"https:\/\/haberulus.net\/index.php?rest_route=%2Fwp%2Fv2%2Fcategories&post=94171"},{"taxonomy":"post_tag","embeddable":true,"href":"https:\/\/haberulus.net\/index.php?rest_route=%2Fwp%2Fv2%2Ftags&post=94171"}],"curies":[{"name":"wp","href":"https:\/\/api.w.org\/{rel}","templated":true}]}}