{"id":94176,"date":"2023-06-06T14:35:32","date_gmt":"2023-06-06T14:35:32","guid":{"rendered":"https:\/\/haberulus.net\/?p=94176"},"modified":"2023-06-06T14:35:32","modified_gmt":"2023-06-06T14:35:32","slug":"chpnin-yeni-myk-uyeleri-ilk-toplantiyi-yapti-mehmet-simsek-uzerinden-erdogani-cok-sert-elestirdiler","status":"publish","type":"post","link":"https:\/\/haberulus.net\/?p=94176","title":{"rendered":"CHP&#8217;nin yeni MYK \u00fcyeleri ilk toplant\u0131y\u0131 yapt\u0131! Mehmet \u015eim\u015fek \u00fczerinden Erdo\u011fan&#8217;\u0131 \u00e7ok sert ele\u015ftirdiler"},"content":{"rendered":"<p>14 May\u0131s se\u00e7imleri sonras\u0131 de\u011fi\u015fime giden CHP&#8217;de MYK&#8217;n\u0131n yeni \u00fcyeleri d\u00fcn belli olurken Genel Ba\u015fkan Kemal K\u0131l\u0131\u00e7daro\u011flu ba\u015fkanl\u0131\u011f\u0131nda ilk toplant\u0131 ise bug\u00fcn yap\u0131ld\u0131.<\/p>\n<p><b>&#8220;MERKEZ BANKASI&#8217;NIN D\u00d6V\u0130Z KASASINI BO\u015eALTTILAR&#8221;<\/b><\/p>\n<p>Toplant\u0131 sonras\u0131 canl\u0131 yay\u0131nda a\u00e7\u0131klama yapan Parti S\u00f6zc\u00fcs\u00fc Faik \u00d6ztrak, Mehmet \u015eim\u015fek&#8217;in yeni Hazine ve Maliye Bakan\u0131 olmas\u0131yla ilgili olarak Cumhurba\u015fkan\u0131 Erdo\u011fan&#8217;a sert ele\u015ftirilerde bulundu: &#8220;14 May\u0131s se\u00e7imlerinden bu yana T\u00fcrk Liras\u0131 dolar kar\u015f\u0131s\u0131nda y\u00fczde 9 de\u011fer kaybetti. D\u00f6viz kurlar\u0131n\u0131 ve ekonomik gidi\u015fat\u0131 iyi g\u00f6stermek i\u00e7in kazan\u0131n dibini kaz\u0131ya kaz\u0131ya sonunda deldiler. Merkez Bankas\u0131&#8217;n\u0131n \u00f6nceki se\u00e7imlerde 128 milyar dolar\u0131n\u0131 bu se\u00e7imlerde de bunun \u00e7ok daha fazlas\u0131n\u0131, Merkez Bankas\u0131&#8217;n\u0131n arka kap\u0131s\u0131ndan kurals\u0131z ve denetimsiz \u015fekilde buharla\u015ft\u0131rd\u0131lar. Merkez Bankas\u0131&#8217;n\u0131n d\u00f6viz kasas\u0131n\u0131 bo\u015faltt\u0131lar.<\/p>\n<p><b>&#8220;DI\u015eARIDAN PARA BULSUN D\u0130YE MEHMET \u015e\u0130M\u015eEK&#8217;\u0130 G\u00d6REVE GET\u0130RD\u0130LER&#8221;<\/b><\/p>\n<p>\u015eimdi Erdo\u011fan, ge\u00e7mi\u015fte olmad\u0131k hakaretler ettikleri, Halk Bankas\u0131&#8217;n\u0131 doland\u0131rmakla su\u00e7lad\u0131\u011f\u0131 isimlerden birini, Say\u0131n Mehmet \u015eim\u015fek&#8217;i d\u0131\u015far\u0131dan para bulsun diye yeniden g\u00f6reve getirdi. O d\u00f6nem Erdo\u011fan&#8217;\u0131n su\u00e7lamalar\u0131n\u0131n muhataplar\u0131ndan biri olan yeni Hazine ve Maliye Bakan\u0131, g\u00f6reve ba\u015flarken, &#8220;T\u00fcrkiye&#8217;nin rasyonel bir zemine d\u00f6nmekten ba\u015fka bir se\u00e7ene\u011fi kalmad\u0131\u011f\u0131n\u0131&#8221; s\u00f6yledi. Yani paray\u0131 bulmas\u0131n\u0131n \u015fart\u0131n\u0131n, Saray&#8217;\u0131n uygulad\u0131\u011f\u0131 &#8220;ak\u0131l d\u0131\u015f\u0131&#8221; politikalardan vazge\u00e7mesi oldu\u011funu ifade etti.<\/p>\n<p><b>&#8220;BU REZALET\u0130N HESABI K\u0130MDEN SORULACAK?&#8221;<\/b><\/p>\n<p>Yeni Bakan bu s\u00f6zlerle Saray&#8217;\u0131n &#8220;Faiz sebep, enflasyon netice&#8221; \u015feklinde \u00f6zetlenebilecek safsatas\u0131n\u0131n ve ucube T\u00fcrkiye modelinin, &#8220;ak\u0131l d\u0131\u015f\u0131&#8221;, &#8220;akl\u0131n kurallar\u0131na dayanmayan&#8221;, &#8220;\u00f6l\u00e7\u00fcs\u00fcz ve hesaps\u0131z&#8221; oldu\u011funu ilan etti. &#8220;Epistemolojik kopu\u015ftan kopacaklar\u0131n\u0131&#8221; s\u00f6ylemi\u015f oldu. \u015eimdi Erdo\u011fan&#8217;a sormak gerek. Milleti hayat pahal\u0131l\u0131\u011f\u0131 ile i\u015fsizlik aras\u0131nda ezen, milletin 418 milyar dolar\u0131n\u0131 yanda\u015flar\u0131na pe\u015fke\u015f \u00e7eken, Merkez Bankas\u0131&#8217;n\u0131n d\u00f6viz kasas\u0131na 80 milyar dolar a\u00e7\u0131k verdiren, ak\u0131l d\u0131\u015f\u0131 safsatalar\u0131n, irrasyonel politikalar\u0131n sahibi olarak millete ne diyeceksiniz? Say\u0131n Bakana da sorulmas\u0131 gereken soru \u015fu: Bu rezaletin hesab\u0131 kimden sorulacak?&#8221;<\/p>\n","protected":false},"excerpt":{"rendered":"<p>CHP&#8217;nin yeni MYK \u00fcyeleri Genel Ba\u015fkan Kemal K\u0131l\u0131\u00e7daro\u011flu ba\u015fkanl\u0131\u011f\u0131ndaki ilk toplant\u0131s\u0131n\u0131 yapt\u0131. Zirvenin ard\u0131ndan a\u00e7\u0131klamalarda bulunan CHP S\u00f6zc\u00fcs\u00fc Faik \u00d6ztrak, yeni Hazine ve Maliye Bakan\u0131 Mehmet \u015eim\u015fek \u00fczerinden Cumhurba\u015fkan\u0131 Erdo\u011fan&#8217;a sert ele\u015ftirilerde bulundu. \u00d6ztrak, &#8220;\u015eimdi Erdo\u011fan, ge\u00e7mi\u015fte olmad\u0131k hakaretler ettikleri, Halk Bankas\u0131&#8217;n\u0131 doland\u0131rmakla su\u00e7lad\u0131\u011f\u0131 isimlerden birini, Say\u0131n Mehmet \u015eim\u015fek&#8217;i d\u0131\u015far\u0131dan para bulsun diye yeniden g\u00f6reve getirdi&#8221; dedi.<\/p>\n","protected":false},"author":1,"featured_media":0,"comment_status":"closed","ping_status":"open","sticky":false,"template":"","format":"standard","meta":{"footnotes":""},"categories":[28],"tags":[],"class_list":["post-94176","post","type-post","status-publish","format-standard","hentry","category-politika"],"_links":{"self":[{"href":"https:\/\/haberulus.net\/index.php?rest_route=\/wp\/v2\/posts\/94176","targetHints":{"allow":["GET"]}}],"collection":[{"href":"https:\/\/haberulus.net\/index.php?rest_route=\/wp\/v2\/posts"}],"about":[{"href":"https:\/\/haberulus.net\/index.php?rest_route=\/wp\/v2\/types\/post"}],"author":[{"embeddable":true,"href":"https:\/\/haberulus.net\/index.php?rest_route=\/wp\/v2\/users\/1"}],"replies":[{"embeddable":true,"href":"https:\/\/haberulus.net\/index.php?rest_route=%2Fwp%2Fv2%2Fcomments&post=94176"}],"version-history":[{"count":1,"href":"https:\/\/haberulus.net\/index.php?rest_route=\/wp\/v2\/posts\/94176\/revisions"}],"predecessor-version":[{"id":94177,"href":"https:\/\/haberulus.net\/index.php?rest_route=\/wp\/v2\/posts\/94176\/revisions\/94177"}],"wp:attachment":[{"href":"https:\/\/haberulus.net\/index.php?rest_route=%2Fwp%2Fv2%2Fmedia&parent=94176"}],"wp:term":[{"taxonomy":"category","embeddable":true,"href":"https:\/\/haberulus.net\/index.php?rest_route=%2Fwp%2Fv2%2Fcategories&post=94176"},{"taxonomy":"post_tag","embeddable":true,"href":"https:\/\/haberulus.net\/index.php?rest_route=%2Fwp%2Fv2%2Ftags&post=94176"}],"curies":[{"name":"wp","href":"https:\/\/api.w.org\/{rel}","templated":true}]}}