{"id":94408,"date":"2023-06-07T03:05:05","date_gmt":"2023-06-07T03:05:05","guid":{"rendered":"https:\/\/haberulus.net\/?p=94408"},"modified":"2023-06-07T03:05:05","modified_gmt":"2023-06-07T03:05:05","slug":"mbnin-yeni-baskani-enkaz-devralacak","status":"publish","type":"post","link":"https:\/\/haberulus.net\/?p=94408","title":{"rendered":"MB\u2019nin yeni ba\u015fkan\u0131 enkaz devralacak"},"content":{"rendered":"<p><strong>Hazine<\/strong> ve Maliye Bakan\u0131 Mehmet \u015eim\u015fek&#8217;in Merkez Bankas\u0131&#8217;n\u0131n (MB) yeni ba\u015fkanl\u0131\u011f\u0131 i\u00e7in ABD&#8217;de finans alan\u0131nda \u00fcst d\u00fczey y\u00f6netici olarak \u00e7al\u0131\u015fan Hafize Gaye Erkan&#8217;\u0131 istedi\u011fi belirtiliyor. MB Ba\u015fkan\u0131 \u015eahap Kavc\u0131o\u011flu&#8217;nun \u015fimdiden odas\u0131n\u0131 toplamaya ba\u015flad\u0131\u011f\u0131 ifade edilirken, 41 ya\u015f\u0131ndaki Erkan, atanmas\u0131 durumunda 82 y\u0131ll\u0131k ge\u00e7mi\u015fi olan MB&#8217;nin ilk kad\u0131n ve en gen\u00e7 ba\u015fkan\u0131 olarak da tarihe ge\u00e7ecek. MB ba\u011f\u0131ms\u0131zl\u0131\u011f\u0131n\u0131n tamamen yok edildi\u011fi bir d\u00f6nemin simgesi olan Ba\u015fkan \u015eahap Kavc\u0131o\u011flu&#8217;nun g\u00f6revden al\u0131nmas\u0131 halinde, ba\u015fkanl\u0131k koltu\u011funa yeni oturacak olan ki\u015fi, Yeni Ekonomi Modeli&#8217;nin yaratt\u0131\u011f\u0131 a\u011f\u0131r tahribatla y\u00fczle\u015fecek.<\/p>\n<p><img decoding=\"async\" src=\"https:\/\/i01.sozcucdn.com\/wp-content\/uploads\/2023\/06\/07\/06kavcioglu.jpg\" alt=\"\" title=\"\"><\/p>\n<p><strong>KR\u0130ZLE G\u00dcNDEM OLDU<\/strong><\/p>\n<p>Hafize Gaye Erkan, Bo\u011fazi\u00e7i \u00dcniversitesi End\u00fcstri M\u00fchendisli\u011fi B\u00f6l\u00fcm\u00fc&#8217;nden mezun olduktan sonra ABD&#8217;de Princeton \u00dcniversitesi&#8217;nde Finansal M\u00fchendislik alan\u0131nda doktora derecesi ald\u0131. Uzun y\u0131llar ABD&#8217;nin \u00f6nde gelen yat\u0131r\u0131m bankalar\u0131ndan Goldman Sach&#8217;ta \u00e7al\u0131\u015fan Erkan&#8217;\u0131n ad\u0131 son olarak First Republic Bank krizi ile yeniden g\u00fcndeme geldi. Zira, Erkan&#8217;\u0131n Aral\u0131k 2021&#8217;e kadar \u00e7al\u0131\u015ft\u0131\u011f\u0131 banka, ABD&#8217;deki banka krizinin en dikkat \u00e7eken kurulu\u015fu oldu. Bankada sorunlar\u0131n ba\u015f g\u00f6sterdi\u011fi Mart 2023&#8217;te Financial Times&#8217;a konu\u015fan kaynaklara g\u00f6re, Erkan&#8217;\u0131n bankadan ayr\u0131l\u0131k s\u00fcrecinde bir y\u00f6netim krizi ya\u015fand\u0131.<\/p>\n<p><strong>Y\u00d6NET\u0130C\u0130 BULAMADI<\/strong><\/p>\n<p>First Republic Bank&#8217;\u0131n 79 ya\u015f\u0131ndaki kurucusu Jim Herbert, Aral\u0131k 2021&#8217;de sa\u011fl\u0131k sorunlar\u0131 nedeniyle bankadan ayr\u0131ld\u0131. Ard\u0131ndan bir ay ge\u00e7meden, bankada \u2018halefi olarak yeti\u015ftirilen&#8217; Erkan da \u015firketten ayr\u0131ld\u0131. \u0130ngiliz gazetenin haberine g\u00f6re, y\u00f6netim ile Hafize Gaye Erkan aras\u0131nda Aral\u0131k 2021 \u00f6ncesinde gerilim ya\u015fand\u0131. Erkan&#8217;\u0131n g\u00f6revi b\u0131rakmas\u0131ndan sonra aylarca \u00fcst d\u00fczey y\u00f6netici bulmakta zorland\u0131. Nitekim,\u00a0 Financial Times&#8217;a g\u00f6r\u00fc\u015f veren ve bankay\u0131 da iyi tan\u0131yan bir kaynak, \u201cFaizler y\u00fckseldi\u011finde y\u00f6n de\u011fi\u015ftirebilecek bir liderleri yoktu. Tsunaminin geldi\u011fini g\u00f6rmediler\u201d\u00a0 ifadesini kulland\u0131.<\/p>\n<p><img decoding=\"async\" src=\"https:\/\/i01.sozcucdn.com\/wp-content\/uploads\/2023\/06\/07\/07-solkisa1-tcmb.jpg\" alt=\"\" title=\"\"><\/p>\n<p><b>\u2018Yetki&#8217; ald\u0131, ikna edemedi<\/b><\/p>\n<p>Gaye Erkan&#8217;\u0131n bankadan ayr\u0131lma s\u00fcrecine geni\u015f yer ay\u0131ran Financial Times&#8217;\u0131n haberinde \u201ctam yetki\u201d detay\u0131 da dikkat \u00e7ekti. Erkan, bu s\u00fcre\u00e7te First Republic Bank y\u00f6neticilerini yakla\u015fan f\u0131rt\u0131na konusunda uyararak, ABD Merkez Bankas\u0131&#8217;n\u0131n (Fed) faizleri art\u0131rma s\u00fcrecine ili\u015fkin haz\u0131rl\u0131k yap\u0131lmas\u0131 i\u00e7in \u0131srarc\u0131 oldu. Ancak ba\u015fta CEO Jim Herbert olmak \u00fczere y\u00f6netimi ikna edemeyen Erkan ayr\u0131lmaya karar verdi. Y\u00f6netim kurulu Gaye Erkan&#8217;a g\u00f6rev vermi\u015f ancak karar almas\u0131na tam yetki ile izin vermemi\u015fti. Erkan ayr\u0131ld\u0131\u011f\u0131nda Fed hen\u00fcz faiz art\u0131\u015flar\u0131na ba\u015flamam\u0131\u015ft\u0131.\u00a0 Ve bankalar i\u00e7in ufukta bir kriz g\u00f6r\u00fcnm\u00fcyordu. Fed&#8217;in faiz art\u0131rmaya ba\u015flamas\u0131yla birlikte hazine tahvil faizlerinin zirveye \u00e7\u0131kmas\u0131 \u00f6zellikle mevduat bankalar\u0131 i\u00e7in zor bir d\u00f6nemin ba\u015flamas\u0131na neden olmu\u015f, ard\u0131ndan baz\u0131 bankalar iflasa s\u00fcr\u00fcklenmi\u015fti.<\/p>\n","protected":false},"excerpt":{"rendered":"<p>MB Ba\u015fkan\u0131 Kavc\u0131o\u011flu\u2019nun g\u00f6revden al\u0131nmas\u0131 halinde, ba\u015fkanl\u0131k koltu\u011funa yeni oturacak olan ki\u015fi, Yeni Ekonomi Modeli\u2019nin yaratt\u0131\u011f\u0131 a\u011f\u0131r tahribatla y\u00fczle\u015fecek.<\/p>\n","protected":false},"author":1,"featured_media":94409,"comment_status":"closed","ping_status":"open","sticky":false,"template":"","format":"standard","meta":{"footnotes":""},"categories":[25],"tags":[2491,188,4765,2151,1525],"class_list":["post-94408","post","type-post","status-publish","format-standard","has-post-thumbnail","hentry","category-ekonomi","tag-bank","tag-bas","tag-erkan","tag-kriz","tag-yon"],"_links":{"self":[{"href":"https:\/\/haberulus.net\/index.php?rest_route=\/wp\/v2\/posts\/94408","targetHints":{"allow":["GET"]}}],"collection":[{"href":"https:\/\/haberulus.net\/index.php?rest_route=\/wp\/v2\/posts"}],"about":[{"href":"https:\/\/haberulus.net\/index.php?rest_route=\/wp\/v2\/types\/post"}],"author":[{"embeddable":true,"href":"https:\/\/haberulus.net\/index.php?rest_route=\/wp\/v2\/users\/1"}],"replies":[{"embeddable":true,"href":"https:\/\/haberulus.net\/index.php?rest_route=%2Fwp%2Fv2%2Fcomments&post=94408"}],"version-history":[{"count":1,"href":"https:\/\/haberulus.net\/index.php?rest_route=\/wp\/v2\/posts\/94408\/revisions"}],"predecessor-version":[{"id":94410,"href":"https:\/\/haberulus.net\/index.php?rest_route=\/wp\/v2\/posts\/94408\/revisions\/94410"}],"wp:featuredmedia":[{"embeddable":true,"href":"https:\/\/haberulus.net\/index.php?rest_route=\/wp\/v2\/media\/94409"}],"wp:attachment":[{"href":"https:\/\/haberulus.net\/index.php?rest_route=%2Fwp%2Fv2%2Fmedia&parent=94408"}],"wp:term":[{"taxonomy":"category","embeddable":true,"href":"https:\/\/haberulus.net\/index.php?rest_route=%2Fwp%2Fv2%2Fcategories&post=94408"},{"taxonomy":"post_tag","embeddable":true,"href":"https:\/\/haberulus.net\/index.php?rest_route=%2Fwp%2Fv2%2Ftags&post=94408"}],"curies":[{"name":"wp","href":"https:\/\/api.w.org\/{rel}","templated":true}]}}