{"id":94447,"date":"2023-06-07T06:51:04","date_gmt":"2023-06-07T06:51:04","guid":{"rendered":"https:\/\/haberulus.net\/?p=94447"},"modified":"2023-06-07T06:51:04","modified_gmt":"2023-06-07T06:51:04","slug":"son-dakika-cinayeti-itiraf-etmisti-mahkemede-intihar-dedi","status":"publish","type":"post","link":"https:\/\/haberulus.net\/?p=94447","title":{"rendered":"Son dakika\u2026 Cinayeti itiraf etmi\u015fti, mahkemede \u2018intihar\u2019 dedi"},"content":{"rendered":"<p>Olay ge\u00e7en y\u0131l 12 Ekim g\u00fcn\u00fc ya\u015fand\u0131. \u00c7al\u0131\u015fanlar\u0131n\u0131 evlerine b\u0131rakan bir in\u015faat ustas\u0131, Pamukkale il\u00e7esine ba\u011fl\u0131 Cumhuriyet Mahallesi 1968 sokakta yol kenar\u0131ndaki bo\u015f arsada \u00e7ar\u015fafa sar\u0131l\u0131 halde bir \u015fey oldu\u011funu fark etti. Arac\u0131n\u0131 durduran \u0130.A. i\u00e7inde ceset olabilece\u011finden \u015f\u00fcphelenerek polise haber verdi.<\/p>\n<p>Polis ekipleri yapt\u0131klar\u0131 incelemede battaniye i\u00e7inde Afganistan uyruklu 30 ya\u015f\u0131ndaki Nadia Noori&#8217;nin cesedini buldu. Ba\u015flat\u0131lan soru\u015fturma kapsam\u0131nda b\u00f6lgedeki g\u00fcvenlik kameras\u0131 kay\u0131tlar\u0131 incelendi ve iki ki\u015finin bir el arabas\u0131 ile cesedi ta\u015f\u0131d\u0131klar\u0131 tespit edildi.<\/p>\n<p>\u00d6nce Afganistan uyruklu N.K\u2019n\u0131n (15) kimli\u011fini tespit eden polis daha sonra Noori ile birlikte ya\u015fad\u0131\u011f\u0131 \u00f6\u011frenilen S.S.\u2019ye (21) ula\u015ft\u0131.<\/p>\n<p><b>P\u0130LAVA KOYDU\u011eU ZEH\u0130RLE \u00d6LD\u00dcRD\u00dc\u011e\u00dcN\u00dc \u0130T\u0130RAF ETT\u0130<\/b><\/p>\n<p>Cesette yap\u0131lan incelemede Noori&#8217;nin elleri ve ayaklar\u0131n\u0131n ba\u011fl\u0131 oldu\u011fu tespit edildi. Otopside ise gen\u00e7 kad\u0131n\u0131n zehirlenerek \u00f6ld\u00fc\u011f\u00fcne dair bulgulara rastland\u0131.<\/p>\n<p>\u015e\u00fcpheli S.S. soru\u015fturma s\u0131ras\u0131nda verdi\u011fi ifadede cinayeti itiraf etti, haz\u0131rlad\u0131\u011f\u0131 pilava fare zehri katt\u0131\u011f\u0131n\u0131, kendisinin az yiyerek zehirden etkilenmedi\u011fini s\u00f6yledi.\u00a0Zehirlenerek \u00f6len Noori&#8217;nin cesedini de iki kilometre el arabas\u0131 ile ta\u015f\u0131yarak yol kenar\u0131na att\u0131\u011f\u0131n\u0131 itiraf etti.<\/p>\n<p>Olayla ilgili yarg\u0131lamaya Denizli 3. A\u011f\u0131r Ceza Mahkemesi&#8217;nde ba\u015fland\u0131. Cumhuriyet Savc\u0131l\u0131\u011f\u0131 Noori&#8217;yi \u00f6ld\u00fcrd\u00fc\u011f\u00fc \u00f6ne s\u00fcr\u00fclen S.S. hakk\u0131nda \u2018kad\u0131na kar\u015f\u0131 \u00f6ld\u00fcrme&#8217; su\u00e7undan m\u00fcebbet hapis cezas\u0131 talep etti. Ya\u015f\u0131 k\u00fc\u00e7\u00fck olan N.K.&#8217;nin dosyas\u0131 ise ayr\u0131ld\u0131.<\/p>\n<p><img decoding=\"async\" src=\"https:\/\/i01.sozcucdn.com\/wp-content\/uploads\/2023\/06\/07\/ceset.jpg\" alt=\"\" title=\"\"><\/p>\n<p><strong>NOOR\u0130 ADINA K\u0130MSE GELMED\u0130<\/strong><\/p>\n<p>\u00d6ld\u00fcr\u00fclen Noori&#8217;nin yak\u0131nlar\u0131 yarg\u0131lamaya kat\u0131lmad\u0131, ma\u011fdur s\u0131fat\u0131yla m\u00fcdahil olmad\u0131. Aile ve Sosyal Hizmetler Bakanl\u0131\u011f\u0131 dosyaya m\u00fcdahil oldu. Denizli Barosu Kad\u0131n Haklar\u0131 Komisyonu da davaya m\u00fcdahil olma talebinde bulundu. Avukat \u0130rem Erdo\u011fan, \u201cKad\u0131n cinayetlerinde her kad\u0131n su\u00e7tan zarar g\u00f6ren taraft\u0131r\u201d diyerek m\u00fcdahil olmay\u0131 ve san\u0131\u011fa haks\u0131z tahrik indirimi uygulanmamas\u0131n\u0131 talep etti. Mahkeme heyeti m\u00fcdahil olma talebini reddetti.<\/p>\n<p><strong>\u0130FADES\u0130N\u0130 \u0130NK\u00c2R ETT\u0130, \u0130NT\u0130HAR OLDU\u011eUNU S\u00d6YLED\u0130<\/strong><\/p>\n<p>San\u0131k yaz\u0131l\u0131 savunmas\u0131nda daha \u00f6nce al\u0131nan ifadesini bask\u0131 alt\u0131nda verdi\u011fini, ailesinin hapse girmesinden endi\u015fe etti\u011fi i\u00e7in bu y\u00f6nde konu\u015ftu\u011funu \u00f6ne s\u00fcrerek, \u00f6nceki ifadeleri kabul etmedi. Noori ile dini nik\u00e2hl\u0131 olduklar\u0131n\u0131 ve birlikte ya\u015fad\u0131klar\u0131n\u0131 belirten \u015f\u00fcpheli, zaman zaman aralar\u0131nda tart\u0131\u015fma ya\u015fand\u0131\u011f\u0131n\u0131, gen\u00e7 kad\u0131n\u0131n daha \u00f6nce intihar giri\u015fiminde bulundu\u011funu ileri s\u00fcrd\u00fc. Savunmas\u0131nda ayr\u0131ca Noori&#8217;nin fare zehrini kendisi i\u00e7erek intihar etmi\u015f olabilece\u011fini belirtti. Di\u011fer yandan Noori&#8217;nin \u015fiddet nedeniyle S.S. hakk\u0131nda uzakla\u015ft\u0131rma karar\u0131 ald\u0131rd\u0131\u011f\u0131 da ortaya \u00e7\u0131kt\u0131.<\/p>\n<p><b>BEK\u00c7\u0130LER \u2018\u00c7UVALDA NE VAR?\u2019 DED\u0130 \u2018DEM\u0130R VAR\u2019 DED\u0130K B\u0130Z\u0130 BIRAKTILAR<\/b><\/p>\n<p>Cesedi bulan tan\u0131k in\u015faat ustas\u0131 \u0130.A. da mahkemede ifade verdi. Cesedin battaniyeye k\u0131smen de nevresime sar\u0131l\u0131 oldu\u011funu belirtti. Cesedin ta\u015f\u0131nmas\u0131nda S.S.&#8217;ye yard\u0131m etti\u011fi ileri s\u00fcr\u00fclen N.K. ise mahkemede el arabas\u0131na koyup, \u00e7uval i\u00e7inde ta\u015f\u0131d\u0131klar\u0131n\u0131 s\u00f6yledi.<\/p>\n<p>\u015e\u00fcphelinin a\u011f\u0131r bir \u015feyi ta\u015f\u0131mak i\u00e7in kendisinden yard\u0131m istedi\u011fini belirten N.K. zaman zaman terc\u00fcman arac\u0131l\u0131\u011f\u0131 ile \u00e7o\u011funlu\u011funu T\u00fcrk\u00e7e yapt\u0131\u011f\u0131 savunmas\u0131nda, \u201cDemir ta\u015f\u0131yaca\u011f\u0131n\u0131, kendisinin kald\u0131ramad\u0131\u011f\u0131n\u0131 s\u00f6yleyip yard\u0131m istedi. Battaniyeye sar\u0131l\u0131 bir \u00e7uval i\u00e7indeydi. Yolda bek\u00e7iler bizi durdurdu. \u0130\u00e7inde ne oldu\u011funu sordu. \u0130\u00e7inde demir oldu\u011funu ve depoya g\u00f6t\u00fcrd\u00fc\u011f\u00fcm\u00fcz\u00fc s\u00f6yledik. Bizi b\u0131rakt\u0131lar. Bu olayda hi\u00e7bir su\u00e7um yok. \u0130\u00e7inde ne oldu\u011funu bilmiyordum\u201d diye konu\u015ftu.<\/p>\n<p><strong>\u201cBEN YAPMADIM, YEM\u0130N EDER\u0130M\u201d<\/strong><\/p>\n<p>\u015e\u00fcpheli S.S. T\u00fcrk\u00e7e savunmas\u0131nda, \u201cBen yapmad\u0131m. Yemin ederim. Su\u00e7lamalar\u0131 kabul etmiyorum\u201d diye konu\u015ftu. San\u0131k avukat\u0131 da ortada somut delil bulunmad\u0131\u011f\u0131n\u0131, t\u00fcm delillerin topland\u0131\u011f\u0131n\u0131 belirterek \u015f\u00fcphelinin adli kontrol \u015fart\u0131yla serbest b\u0131rak\u0131lmas\u0131n\u0131 talep etti.<\/p>\n<p>Mahkeme san\u0131\u011f\u0131n tutukluluk halinin devam\u0131na karar verdi. Hem \u015f\u00fcphelinin hem de \u00f6ld\u00fcr\u00fclen Noori&#8217;nin cep telefonlar\u0131n\u0131n dijital incelemesine ili\u015fkin raporun beklenmesi amac\u0131yla duru\u015fma ertelendi.<\/p>\n<p>Karar\u0131n ard\u0131ndan \u015f\u00fcpheli mahkemede bulunan annesi ile g\u00f6r\u00fc\u015fme talebinde bulundu. Jandarma nezaretinde anne ve o\u011flu k\u0131sa s\u00fcre g\u00f6r\u00fc\u015ft\u00fc.<\/p>\n","protected":false},"excerpt":{"rendered":"<p>Denizli\u2019de sevgilisi Nadia Noori\u2019yi \u00f6ld\u00fcrmekle su\u00e7lanan ve soru\u015fturma s\u0131ras\u0131ndaki ifadesinde cinayeti itiraf eden Afanistan uyruklu \u015f\u00fcpheli, mahkemede ise olay\u0131n intihar oldu\u011funu s\u00f6yledi. Noori\u2019nin daha \u00f6nce \u015f\u00fcpheli S.S. hakk\u0131nda uzakla\u015ft\u0131rma karar\u0131 ald\u0131rd\u0131\u011f\u0131 ortaya \u00e7\u0131kt\u0131.<\/p>\n","protected":false},"author":1,"featured_media":94448,"comment_status":"closed","ping_status":"open","sticky":false,"template":"","format":"standard","meta":{"footnotes":""},"categories":[26],"tags":[3597,209,505,8456,486],"class_list":["post-94447","post","type-post","status-publish","format-standard","has-post-thumbnail","hentry","category-gundem","tag-icinde","tag-kadin","tag-mahkeme","tag-s-s","tag-supheli"],"_links":{"self":[{"href":"https:\/\/haberulus.net\/index.php?rest_route=\/wp\/v2\/posts\/94447","targetHints":{"allow":["GET"]}}],"collection":[{"href":"https:\/\/haberulus.net\/index.php?rest_route=\/wp\/v2\/posts"}],"about":[{"href":"https:\/\/haberulus.net\/index.php?rest_route=\/wp\/v2\/types\/post"}],"author":[{"embeddable":true,"href":"https:\/\/haberulus.net\/index.php?rest_route=\/wp\/v2\/users\/1"}],"replies":[{"embeddable":true,"href":"https:\/\/haberulus.net\/index.php?rest_route=%2Fwp%2Fv2%2Fcomments&post=94447"}],"version-history":[{"count":1,"href":"https:\/\/haberulus.net\/index.php?rest_route=\/wp\/v2\/posts\/94447\/revisions"}],"predecessor-version":[{"id":94449,"href":"https:\/\/haberulus.net\/index.php?rest_route=\/wp\/v2\/posts\/94447\/revisions\/94449"}],"wp:featuredmedia":[{"embeddable":true,"href":"https:\/\/haberulus.net\/index.php?rest_route=\/wp\/v2\/media\/94448"}],"wp:attachment":[{"href":"https:\/\/haberulus.net\/index.php?rest_route=%2Fwp%2Fv2%2Fmedia&parent=94447"}],"wp:term":[{"taxonomy":"category","embeddable":true,"href":"https:\/\/haberulus.net\/index.php?rest_route=%2Fwp%2Fv2%2Fcategories&post=94447"},{"taxonomy":"post_tag","embeddable":true,"href":"https:\/\/haberulus.net\/index.php?rest_route=%2Fwp%2Fv2%2Ftags&post=94447"}],"curies":[{"name":"wp","href":"https:\/\/api.w.org\/{rel}","templated":true}]}}