{"id":94546,"date":"2023-06-07T08:49:32","date_gmt":"2023-06-07T08:49:32","guid":{"rendered":"https:\/\/haberulus.net\/?p=94546"},"modified":"2023-06-07T08:49:32","modified_gmt":"2023-06-07T08:49:32","slug":"mehmet-simseki-mi-hedef-aldi-nurettin-nebati-o-sozlerine-aciklik-getirdi","status":"publish","type":"post","link":"https:\/\/haberulus.net\/?p=94546","title":{"rendered":"Mehmet \u015eim\u015fek&#8217;i mi hedef ald\u0131? Nurettin Nebati o s\u00f6zlerine a\u00e7\u0131kl\u0131k getirdi"},"content":{"rendered":"<p>Eski Hazine ve Maliye Bakan\u0131 Nurettin Nebati&#8217;nin  <strong>se\u00e7im<\/strong> \u00f6ncesinde Mersin&#8217;de yapt\u0131\u011f\u0131 bir konu\u015fma yeniden g\u00fcndem oldu. Nebati&#8217;nin servis edilen g\u00f6r\u00fcnt\u00fclerde sarf etti\u011fi &#8220;Sen kim oluyorsun da beni \u0130ngiliz vatanda\u015f\u0131 bir maliyeciyle kar\u015f\u0131la\u015ft\u0131racaks\u0131n&#8221; s\u00f6zleriyle \u015fu an Hazine ve Maliye Bakan\u0131 olan Mehmet \u015eim\u015fek&#8217;i hedef ald\u0131\u011f\u0131 iddia edildi.<\/p>\n<p><b>HEMEN A\u00c7IKLAMA YAPTI<\/b><\/p>\n<p>AK Parti Mersin Milletvekili Nebati, s\u00f6zlerinin yeniden g\u00fcndeme gelmesi sonras\u0131nda sosyal medyadan bir a\u00e7\u0131klama yapt\u0131. Kulland\u0131\u011f\u0131 ifadenin yapt\u0131\u011f\u0131 konu\u015fmadan kesilip al\u0131nd\u0131\u011f\u0131 belirten Nebati, c\u00fcmlenin bamba\u015fka bir ba\u011flamda servis edildi\u011fini aktararak orada Mehmet \u015eim\u015fek&#8217;i kast etmedi\u011fini aktard\u0131.<\/p>\n<p><b>&#8220;BA\u011eLILI\u011eIMIZI SORGULAMAK K\u0130MSEN\u0130N HADD\u0130NE DE\u011e\u0130LD\u0130R&#8221;<\/b><\/p>\n<p>Bakan Nebati yapt\u0131\u011f\u0131 a\u00e7\u0131klamada \u015fu ifadeleri kulland\u0131: &#8220;Bu konuda son g\u00fcnlerde baz\u0131 troll hesaplardan payla\u015f\u0131mlar yap\u0131ld\u0131\u011f\u0131n\u0131 g\u00f6r\u00fcp ciddiye almam\u0131\u015ft\u0131m ancak bir gazeteci olarak siz i\u015fin asl\u0131n\u0131 \u00f6\u011frenmek istersiniz diye d\u00fc\u015f\u00fcn\u00fcyorum. Bu c\u00fcmlem se\u00e7im d\u00f6neminde Mersin&#8217;de yapt\u0131\u011f\u0131m bir konu\u015fmadan kesilip al\u0131nm\u0131\u015f ve bamba\u015fka bir ba\u011flamda servis edilmi\u015f. Oysa konu\u015fman\u0131n tamam\u0131 dinlenirse, benim orada esasen \u0130ngiliz tefecileri, Amerikal\u0131 dan\u0131\u015fmanlar\u0131 adeta birer kurtar\u0131c\u0131 gibi g\u00f6ren K\u0131l\u0131\u00e7daro\u011flu&#8217;nun CHP&#8217;sini, ithal re\u00e7etelerden medet uman Ak\u015fener&#8217;in \u0130Y\u0130 Parti&#8217;sini, yani 7&#8217;li Masan\u0131n zihniyetini a\u00e7\u0131k bir dille ele\u015ftirdi\u011fim zaten \u00e7ok net ortadad\u0131r. \u00d6te yandan Say\u0131n Bakan\u0131m\u0131z Mehmet \u015eim\u015fek&#8217;in, ortak ve sars\u0131lmaz de\u011ferlerimize, bayra\u011f\u0131m\u0131za ve milletimize olan ba\u011fl\u0131l\u0131\u011f\u0131n\u0131 sorgulamak da kimsenin haddi de\u011fildir.&#8221;<\/p>\n<p><img decoding=\"async\" src=\"https:\/\/i.hbrcdn.com\/haber\/2023\/06\/07\/mehmet-simsek-i-mi-hedef-aldi-nurettin-nebati-o-16007436_6179_m.jpg\" alt=\"\" title=\"\"><\/p>\n","protected":false},"excerpt":{"rendered":"<p>Milletvekili se\u00e7imleri \u00f6ncesinde eski Hazine ve Maliye Bakan\u0131 Nurettin Nebati&#8217;nin Mersin&#8217;de yapt\u0131\u011f\u0131 konu\u015fmada kulland\u0131\u011f\u0131 ifadeler g\u00fcndem oldu. Nebati&#8217;nin s\u00f6zlerinin hedefinde \u015fu an Hazine ve Maliye Bakan\u0131 olan Mehmet \u015eim\u015fek&#8217;in oldu\u011fu iddia edildi. Konuyla ilgili sosyal medya hesab\u0131ndan bir a\u00e7\u0131klama yapan Nebati, &#8220;Mehmet \u015eim\u015fek&#8217;in, ortak ve sars\u0131lmaz de\u011ferlerimize, bayra\u011f\u0131m\u0131za ve milletimize olan ba\u011fl\u0131l\u0131\u011f\u0131n\u0131 sorgulamak da kimsenin haddi de\u011fildir&#8221; dedi.<\/p>\n","protected":false},"author":1,"featured_media":0,"comment_status":"closed","ping_status":"open","sticky":false,"template":"","format":"standard","meta":{"footnotes":""},"categories":[28],"tags":[279],"class_list":["post-94546","post","type-post","status-publish","format-standard","hentry","category-politika","tag-nebati"],"_links":{"self":[{"href":"https:\/\/haberulus.net\/index.php?rest_route=\/wp\/v2\/posts\/94546","targetHints":{"allow":["GET"]}}],"collection":[{"href":"https:\/\/haberulus.net\/index.php?rest_route=\/wp\/v2\/posts"}],"about":[{"href":"https:\/\/haberulus.net\/index.php?rest_route=\/wp\/v2\/types\/post"}],"author":[{"embeddable":true,"href":"https:\/\/haberulus.net\/index.php?rest_route=\/wp\/v2\/users\/1"}],"replies":[{"embeddable":true,"href":"https:\/\/haberulus.net\/index.php?rest_route=%2Fwp%2Fv2%2Fcomments&post=94546"}],"version-history":[{"count":1,"href":"https:\/\/haberulus.net\/index.php?rest_route=\/wp\/v2\/posts\/94546\/revisions"}],"predecessor-version":[{"id":94547,"href":"https:\/\/haberulus.net\/index.php?rest_route=\/wp\/v2\/posts\/94546\/revisions\/94547"}],"wp:attachment":[{"href":"https:\/\/haberulus.net\/index.php?rest_route=%2Fwp%2Fv2%2Fmedia&parent=94546"}],"wp:term":[{"taxonomy":"category","embeddable":true,"href":"https:\/\/haberulus.net\/index.php?rest_route=%2Fwp%2Fv2%2Fcategories&post=94546"},{"taxonomy":"post_tag","embeddable":true,"href":"https:\/\/haberulus.net\/index.php?rest_route=%2Fwp%2Fv2%2Ftags&post=94546"}],"curies":[{"name":"wp","href":"https:\/\/api.w.org\/{rel}","templated":true}]}}