{"id":94652,"date":"2023-06-07T11:05:32","date_gmt":"2023-06-07T11:05:32","guid":{"rendered":"https:\/\/haberulus.net\/?p=94652"},"modified":"2023-06-07T11:05:32","modified_gmt":"2023-06-07T11:05:32","slug":"iyi-parti-meclis-yonetimi-belli-oldu-koray-aydin-tbmm-grup-baskanligi-gorevine-getirildi","status":"publish","type":"post","link":"https:\/\/haberulus.net\/?p=94652","title":{"rendered":"\u0130Y\u0130 Parti Meclis y\u00f6netimi belli oldu! Koray Ayd\u0131n, TBMM Grup Ba\u015fkanl\u0131\u011f\u0131 g\u00f6revine getirildi"},"content":{"rendered":"<p> <strong>\u0130yi Parti<\/strong> TBMM Grubu, grup ba\u015fkan\u0131 ve grup ba\u015fkanvekillerini belirlemek i\u00e7in bas\u0131na kapal\u0131 toplant\u0131 ger\u00e7ekle\u015ftirdi.  <strong>\u0130yi Parti<\/strong> Grup Ba\u015fkanvekili ve Samsun Milletvekili Erhan Usta toplant\u0131 sonras\u0131 a\u00e7\u0131klama yapt\u0131. <\/p>\n<p><b>DERV\u0130\u015eO\u011eLU VE USTA YEN\u0130DEN BA\u015eKENVEK\u0130L\u0130<\/b><\/p>\n<p>A\u00e7\u0131klamaya g\u00f6re, Koray Ayd\u0131n \u0130Y\u0130 Parti TBMM Grup Ba\u015fkan\u0131, M\u00fcsavat Dervi\u015fo\u011flu ve Erhan Usta da yeniden grup ba\u015fkanvekili olarak se\u00e7ildi.<\/p>\n<p><img decoding=\"async\" src=\"https:\/\/i.hbrcdn.com\/haber\/2023\/06\/07\/iyi-parti-meclis-yonetimi-belli-oldu-koray-aydin-16008533_5531_m.jpg\" alt=\"\" title=\"\"><span>TBMM Grup Ba\u015fkan\u0131 Koray Ayd\u0131n.<\/span><\/p>\n<p>.<\/p>\n<p><b>G\u00d6REV\u0130 TATLIO\u011eLU YER\u0130NE GET\u0130RM\u0130\u015eT\u0130<\/b><\/p>\n<p>27&#8217;nci d\u00f6nemde \u0130Y\u0130 Parti Grup Ba\u015fkanvekilli\u011fi g\u00f6revini \u0130smail Tatl\u0131o\u011flu yerine getirmi\u015fti.<\/p>\n","protected":false},"excerpt":{"rendered":"<p>\u0130Y\u0130 Parti&#8217;de bas\u0131n kapal\u0131 olarak ger\u00e7ekle\u015fen toplant\u0131da TBMM grup y\u00f6netimi belli oldu. TBMM Grup Ba\u015fkanl\u0131\u011f\u0131 g\u00f6revine Koray Ayd\u0131n getirilirken, M\u00fcsavat Dervi\u015fo\u011flu ve Erhan Usta da yeniden grup ba\u015fkanvekili olarak se\u00e7ildi.<\/p>\n","protected":false},"author":1,"featured_media":0,"comment_status":"closed","ping_status":"open","sticky":false,"template":"","format":"standard","meta":{"footnotes":""},"categories":[28],"tags":[225],"class_list":["post-94652","post","type-post","status-publish","format-standard","hentry","category-politika","tag-grup"],"_links":{"self":[{"href":"https:\/\/haberulus.net\/index.php?rest_route=\/wp\/v2\/posts\/94652","targetHints":{"allow":["GET"]}}],"collection":[{"href":"https:\/\/haberulus.net\/index.php?rest_route=\/wp\/v2\/posts"}],"about":[{"href":"https:\/\/haberulus.net\/index.php?rest_route=\/wp\/v2\/types\/post"}],"author":[{"embeddable":true,"href":"https:\/\/haberulus.net\/index.php?rest_route=\/wp\/v2\/users\/1"}],"replies":[{"embeddable":true,"href":"https:\/\/haberulus.net\/index.php?rest_route=%2Fwp%2Fv2%2Fcomments&post=94652"}],"version-history":[{"count":1,"href":"https:\/\/haberulus.net\/index.php?rest_route=\/wp\/v2\/posts\/94652\/revisions"}],"predecessor-version":[{"id":94653,"href":"https:\/\/haberulus.net\/index.php?rest_route=\/wp\/v2\/posts\/94652\/revisions\/94653"}],"wp:attachment":[{"href":"https:\/\/haberulus.net\/index.php?rest_route=%2Fwp%2Fv2%2Fmedia&parent=94652"}],"wp:term":[{"taxonomy":"category","embeddable":true,"href":"https:\/\/haberulus.net\/index.php?rest_route=%2Fwp%2Fv2%2Fcategories&post=94652"},{"taxonomy":"post_tag","embeddable":true,"href":"https:\/\/haberulus.net\/index.php?rest_route=%2Fwp%2Fv2%2Ftags&post=94652"}],"curies":[{"name":"wp","href":"https:\/\/api.w.org\/{rel}","templated":true}]}}