{"id":94705,"date":"2023-06-07T12:05:32","date_gmt":"2023-06-07T12:05:32","guid":{"rendered":"https:\/\/haberulus.net\/?p=94705"},"modified":"2023-06-07T12:05:32","modified_gmt":"2023-06-07T12:05:32","slug":"yeni-bakanlar-tbmmde-yemin-etti","status":"publish","type":"post","link":"https:\/\/haberulus.net\/?p=94705","title":{"rendered":"Yeni bakanlar, TBMM&#8217;de yemin etti"},"content":{"rendered":"<p>Cumartesi ak\u015fam\u0131 Cumhurba\u015fkan\u0131 Erdo\u011fan taraf\u0131ndan yeni Kabine \u00fcyeleri a\u00e7\u0131kland\u0131. Bug\u00fcn TBMM Genel Kurulu&#8217;nda vekil olan eski bakanlar yemin etti, ard\u0131ndan da yeni bakanlar k\u00fcrs\u00fcye \u00e7\u0131kt\u0131.<\/p>\n<p><b>VEK\u0130LLER TARAFINDAN ALKI\u015eLANDILAR<\/b><\/p>\n<p>Saat 14.00&#8217;te ba\u015flayan t\u00f6rende; Cumhurba\u015fkan\u0131 Yard\u0131mc\u0131s\u0131 Cevdet Y\u0131lmaz, Adalet Bakan\u0131 Y\u0131lmaz Tun\u00e7, Aile ve Sosyal Hizmetler Bakan\u0131 Mahinur \u00d6zdemir G\u00f6kta\u015f, \u00c7al\u0131\u015fma ve Sosyal G\u00fcvenlik Bakan\u0131 Vedat I\u015f\u0131khan, \u00c7evre, \u015eehircilik ve \u0130klim De\u011fi\u015fikli\u011fi Bakan\u0131 Mehmet \u00d6zhaseki, D\u0131\u015fi\u015fleri Bakan\u0131 Hakan Fidan, Enerji ve Tabii Kaynaklar Bakan\u0131 Alparslan Bayraktar, Gen\u00e7lik ve  <strong>Spor<\/strong> Bakan\u0131 Osman A\u015fk\u0131n Bak, Hazine ve Maliye Bakan\u0131 Mehmet \u015eim\u015fek, \u0130\u00e7i\u015fleri Bakan\u0131 Ali Yerlikaya, K\u00fclt\u00fcr ve Turizm Bakan\u0131 Mehmet Nuri Ersoy, Milli E\u011fitim Bakan\u0131 Yusuf Tekin, Milli Savunma Bakan\u0131 Ya\u015far G\u00fcler, Sa\u011fl\u0131k Bakan\u0131 Fahrettin Koca ve Sanayii ve Teknoloji Bakan\u0131 Mehmet Fatih Kac\u0131r yemin etti. Bakanlar\u0131n yemin metinleri, vekiller taraf\u0131ndan alk\u0131\u015flarla kar\u015f\u0131land\u0131.<\/p>\n<p>Ayr\u0131nt\u0131lar geliyor&#8230;<\/p>\n","protected":false},"excerpt":{"rendered":"<p>Cumhurba\u015fkan\u0131 Erdo\u011fan taraf\u0131ndan a\u00e7\u0131klanan yeni bakanlar, TBMM Genel Kurulu&#8217;nda k\u00fcrs\u00fcye \u00e7\u0131karak tek tek yemin etti. Bakanlar\u0131n yeminleri, di\u011fer vekiller taraf\u0131ndan alk\u0131\u015flarla kar\u015f\u0131land\u0131.<\/p>\n","protected":false},"author":1,"featured_media":0,"comment_status":"closed","ping_status":"open","sticky":false,"template":"","format":"standard","meta":{"footnotes":""},"categories":[28],"tags":[],"class_list":["post-94705","post","type-post","status-publish","format-standard","hentry","category-politika"],"_links":{"self":[{"href":"https:\/\/haberulus.net\/index.php?rest_route=\/wp\/v2\/posts\/94705","targetHints":{"allow":["GET"]}}],"collection":[{"href":"https:\/\/haberulus.net\/index.php?rest_route=\/wp\/v2\/posts"}],"about":[{"href":"https:\/\/haberulus.net\/index.php?rest_route=\/wp\/v2\/types\/post"}],"author":[{"embeddable":true,"href":"https:\/\/haberulus.net\/index.php?rest_route=\/wp\/v2\/users\/1"}],"replies":[{"embeddable":true,"href":"https:\/\/haberulus.net\/index.php?rest_route=%2Fwp%2Fv2%2Fcomments&post=94705"}],"version-history":[{"count":1,"href":"https:\/\/haberulus.net\/index.php?rest_route=\/wp\/v2\/posts\/94705\/revisions"}],"predecessor-version":[{"id":94706,"href":"https:\/\/haberulus.net\/index.php?rest_route=\/wp\/v2\/posts\/94705\/revisions\/94706"}],"wp:attachment":[{"href":"https:\/\/haberulus.net\/index.php?rest_route=%2Fwp%2Fv2%2Fmedia&parent=94705"}],"wp:term":[{"taxonomy":"category","embeddable":true,"href":"https:\/\/haberulus.net\/index.php?rest_route=%2Fwp%2Fv2%2Fcategories&post=94705"},{"taxonomy":"post_tag","embeddable":true,"href":"https:\/\/haberulus.net\/index.php?rest_route=%2Fwp%2Fv2%2Ftags&post=94705"}],"curies":[{"name":"wp","href":"https:\/\/api.w.org\/{rel}","templated":true}]}}