{"id":94713,"date":"2023-06-07T12:19:32","date_gmt":"2023-06-07T12:19:32","guid":{"rendered":"https:\/\/haberulus.net\/?p=94713"},"modified":"2023-06-07T12:19:32","modified_gmt":"2023-06-07T12:19:32","slug":"imamoglundan-kilicdarogluna-net-mesaj-heyet-degistirerek-degisim-olmaz-kulak-tikayarak-bu-isler-yurumez","status":"publish","type":"post","link":"https:\/\/haberulus.net\/?p=94713","title":{"rendered":"\u0130mamo\u011flu&#8217;ndan K\u0131l\u0131\u00e7daro\u011flu&#8217;na net mesaj: Heyet de\u011fi\u015ftirerek de\u011fi\u015fim olmaz, kulak t\u0131kayarak bu i\u015fler y\u00fcr\u00fcmez"},"content":{"rendered":"<p>28 May\u0131s Pazar g\u00fcn\u00fc yap\u0131lan 2. tur se\u00e7imlerinden zaferle ayr\u0131lan aday\u0131n Cumhurba\u015fkan\u0131 Erdo\u011fan olmas\u0131 sonras\u0131nda yapt\u0131\u011f\u0131 &#8216;de\u011fi\u015fim&#8217; \u00e7a\u011fr\u0131s\u0131yla dikkat \u00e7eken \u0130stanbul B\u00fcy\u00fck\u015fehir Belediyesi (\u0130BB) Ba\u015fkan\u0131 Ekrem \u0130mamo\u011flu talebini yineledi.<\/p>\n<p><b>&#8220;G\u00dc\u00c7L\u00dc B\u0130R DE\u011e\u0130\u015e\u0130MDEN BAHSETM\u0130\u015eT\u0130M&#8221;<\/b><\/p>\n<p>\u0130mamo\u011flu&#8217;nun a\u00e7\u0131klamalar\u0131ndan \u00f6ne \u00e7\u0131kanlar \u015f\u00f6yle; &#8220;Ben siyasete girdi\u011fim her an itibar\u0131yla toplumun beklentisini \u00e7ok \u00f6nde tutan bir s\u00fcreci ya\u015fad\u0131m kendi ruh halimde. Milletimiz, \u00fclkemiz her \u015feyin \u00f6n\u00fcndedir. Siyasi partiler hizmet arac\u0131d\u0131r. Benim anlay\u0131\u015f\u0131m budur. De\u011fi\u015fim \u00e7ok \u00f6nemli bir kavram. Ge\u00e7ti\u011fimiz hafta yapt\u0131\u011f\u0131m a\u00e7\u0131klamamda \u00e7ok net bir de\u011fi\u015fim mesaj\u0131 vermi\u015ftim. Ben ayn\u0131 yerde devam ediyorum, de\u011fi\u015fim anlay\u0131\u015f\u0131n\u0131 en g\u00fc\u00e7l\u00fc \u015fekilde talep eder durumday\u0131m.<\/p>\n<p><b>&#8220;KULAK TIKAYARAK BU \u0130\u015eLER OLMAZ&#8221;<\/b><\/p>\n<p>De\u011fi\u015fimin sadece heyet ve kurul de\u011fi\u015fimiyle olmayaca\u011f\u0131n\u0131 hepimiz biliriz. De\u011fi\u015fim ihtiyac\u0131n\u0131 sadece ben de\u011fil toplum istiyor. Kula\u011f\u0131m\u0131z\u0131 t\u0131karsak bu i\u015fler olmaz. Demokrasinin bir neferi olman\u0131n her kavrama d\u00f6n\u00fck m\u00fccadeleyi en \u00fcst seviyede vermenin bir neferi olmaya devam edece\u011fim. Ayn\u0131 yolda y\u00fcr\u00fcyorum.<\/p>\n<p><b>&#8220;M\u00dcH\u0130M OLAN DE\u011e\u0130\u015e\u0130M\u0130 GER\u00c7EKLE\u015eT\u0130RMEK&#8221;<\/b><\/p>\n<p>Siyasi yasak, \u0130BB se\u00e7imi, bunlar\u0131n hepsinin cevaplar\u0131 verilmesi gerekir evet ama kervan yolda d\u00fcz\u00fcl\u00fcr. Bunlar\u0131n hepsi \u00e7ok kolay \u015fekilde \u00e7\u00f6z\u00fcl\u00fcr. M\u00fchim olan\u0131 de\u011fi\u015fimi ger\u00e7ekle\u015ftirmek.&#8221;<\/p>\n<p><b>&#8220;G\u00d6REV ALMAKTAN \u00c7EK\u0130NMEM&#8221;<\/b><\/p>\n<p>K\u0131l\u0131\u00e7daro\u011flu ile g\u00f6r\u00fc\u015fmesinde ne konu\u015fuldu\u011fu sorusuna yan\u0131t veren \u0130mamo\u011flu, &#8220;B\u00fct\u00fcn duygu ve d\u00fc\u015f\u00fcncelerimi kendisiyle payla\u015ft\u0131m. Her zaman s\u00f6yledim ideallerim u\u011fruna her hususta g\u00f6rev almaktan \u00e7ekinmem \u00e7ekinmedim. S\u00fcreci takip ediyorum&#8221; dedi. <\/p>\n","protected":false},"excerpt":{"rendered":"<p>\u0130BB Ba\u015fkan\u0131 Ekrem \u0130mamo\u011flu, CHP MYK&#8217;n\u0131n de\u011fi\u015fimine at\u0131fta bulunarak K\u0131l\u0131\u00e7daro\u011flu&#8217;na \u00e7ok net bir mesaj yollad\u0131. \u0130mamo\u011flu konu\u015fmas\u0131nda &#8220;De\u011fi\u015fimin bir kurul, heyet de\u011fi\u015fimiyle olmayaca\u011f\u0131n\u0131n fark\u0131nday\u0131z. De\u011fi\u015fim talebini en g\u00fc\u00e7l\u00fc \u015fekilde ifade etmeye devam ediyorum. De\u011fi\u015fimi toplum istiyor, kula\u011f\u0131n\u0131 buna t\u0131kayarak yol y\u00fcr\u00fcmek olmaz. G\u00f6rev almaktan \u00e7ekinmem&#8221; ifadelerini kulland\u0131.<\/p>\n","protected":false},"author":1,"featured_media":0,"comment_status":"closed","ping_status":"open","sticky":false,"template":"","format":"standard","meta":{"footnotes":""},"categories":[28],"tags":[660],"class_list":["post-94713","post","type-post","status-publish","format-standard","hentry","category-politika","tag-degisim"],"_links":{"self":[{"href":"https:\/\/haberulus.net\/index.php?rest_route=\/wp\/v2\/posts\/94713","targetHints":{"allow":["GET"]}}],"collection":[{"href":"https:\/\/haberulus.net\/index.php?rest_route=\/wp\/v2\/posts"}],"about":[{"href":"https:\/\/haberulus.net\/index.php?rest_route=\/wp\/v2\/types\/post"}],"author":[{"embeddable":true,"href":"https:\/\/haberulus.net\/index.php?rest_route=\/wp\/v2\/users\/1"}],"replies":[{"embeddable":true,"href":"https:\/\/haberulus.net\/index.php?rest_route=%2Fwp%2Fv2%2Fcomments&post=94713"}],"version-history":[{"count":1,"href":"https:\/\/haberulus.net\/index.php?rest_route=\/wp\/v2\/posts\/94713\/revisions"}],"predecessor-version":[{"id":94714,"href":"https:\/\/haberulus.net\/index.php?rest_route=\/wp\/v2\/posts\/94713\/revisions\/94714"}],"wp:attachment":[{"href":"https:\/\/haberulus.net\/index.php?rest_route=%2Fwp%2Fv2%2Fmedia&parent=94713"}],"wp:term":[{"taxonomy":"category","embeddable":true,"href":"https:\/\/haberulus.net\/index.php?rest_route=%2Fwp%2Fv2%2Fcategories&post=94713"},{"taxonomy":"post_tag","embeddable":true,"href":"https:\/\/haberulus.net\/index.php?rest_route=%2Fwp%2Fv2%2Ftags&post=94713"}],"curies":[{"name":"wp","href":"https:\/\/api.w.org\/{rel}","templated":true}]}}