{"id":94747,"date":"2023-06-07T13:05:32","date_gmt":"2023-06-07T13:05:32","guid":{"rendered":"https:\/\/haberulus.net\/?p=94747"},"modified":"2023-06-07T13:05:32","modified_gmt":"2023-06-07T13:05:32","slug":"bahceliden-torene-damga-vuran-sozler-kendisini-uyaran-chpli-tanala-resmen-ayar-verdi","status":"publish","type":"post","link":"https:\/\/haberulus.net\/?p=94747","title":{"rendered":"Bah\u00e7eli&#8217;den t\u00f6rene damga vuran s\u00f6zler! Kendisini uyaran CHP&#8217;li Tanal&#8217;a resmen ayar verdi"},"content":{"rendered":"<p>TBMM Genel Kurulunda yemin etmeyen milletvekilleri yemin etti. Genel Kurulda, eski Cumhurba\u015fkan\u0131 Yard\u0131mc\u0131s\u0131 Fuat Oktay&#8217;\u0131n da aralar\u0131nda bulundu\u011fu eski kabine \u00fcyesi bakanlar ile 3 milletvekili yemin etti.<\/p>\n<p><b>B\u0130LG\u0130N K\u00dcRS\u00dcYE GEL\u0130RKEN BAH\u00c7EL\u0130&#8217;Y\u0130 SELAMLADI<\/b><\/p>\n<p>Eski \u00c7al\u0131\u015fma ve Sosyal G\u00fcvenlik Bakan\u0131 ve AK Parti Ankara Milletvekili Vedat Bilgin yemin metnini okumak i\u00e7in k\u00fcrs\u00fcye geldi\u011finde ge\u00e7ici TBMM Ba\u015fkan\u0131 Devlet Bah\u00e7eli&#8217;yi selamlad\u0131.<\/p>\n<p><b>CHP&#8217;L\u0130 TANAL UYARIDA BULUNDU<\/b><\/p>\n<p>O esnada CHP \u015eanl\u0131urfa Milletvekili Mahmut Tanal, Bilgin&#8217;in TBMM&#8217;de yaln\u0131zca yemin metnini okumas\u0131, bunun d\u0131\u015f\u0131nda herhangi bir ifade kullanmamas\u0131 gerekti\u011fini hat\u0131rlatarak yemin metnini yeniden okumas\u0131 \u00e7a\u011fr\u0131s\u0131nda bulundu.<\/p>\n<p><b>BAH\u00c7EL\u0130&#8217;N\u0130N YANITI SONRASI ALKI\u015e TUFANI KOPTU<\/b><\/p>\n<p>Ya\u015fanan s\u00f6zl\u00fc at\u0131\u015fma an\u0131nda devreye giren Bah\u00e7eli ise CHP&#8217;li Tanal&#8217;\u0131 &#8220;\u0130kaz etmenize gerek yok. Sizden kazand\u0131\u011f\u0131m\u0131z tecr\u00fcbe de var&#8221; s\u00f6zleriyle ikaz etti. Bah\u00e7eli&#8217;nin s\u00f6zleri sonras\u0131 TBMM&#8217;de alk\u0131\u015f tufan\u0131 koptu. Ya\u015fanan olay\u0131n ard\u0131ndan Devlet Bah\u00e7eli&#8217;nin ant i\u00e7mesi i\u00e7in yeniden k\u00fcrs\u00fcye davet etti\u011fi Vedat Bilgin, yeminini tekrar etti.<\/p>\n<p><b>MAHMUT \u00d6ZER DE METN\u0130 \u0130K\u0130NC\u0130 KEZ OKUDU<\/b><\/p>\n<p>Bilgin&#8217;in yemini sonras\u0131 bu kez de eski Milli E\u011fitim Bakan\u0131, AK Parti Ordu Milletvekili Mahmut \u00d6zer yemin etmek i\u00e7in k\u00fcrs\u00fcye \u00e7\u0131kt\u0131. Ancak \u00d6zer de yemin metnini hatal\u0131 okudu\u011fu gerek\u00e7esiyle Bah\u00e7eli&#8217;nin uyar\u0131s\u0131n\u0131n ard\u0131ndan yeniden k\u00fcrs\u00fcye d\u00f6nerek yeminini tamamlad\u0131.<\/p>\n<p><b>CHP&#8217;L\u0130 TANAL&#8217;IN DA YEM\u0130N\u0130 KABUL ED\u0130LMEM\u0130\u015eT\u0130<\/b><\/p>\n<p>CHP \u015eanl\u0131urfa Milletvekili Mahmut Tanal, 3 Haziran Cumartesi g\u00fcn\u00fc Meclis&#8217;teki yemini \u00f6ncesi k\u00fcrs\u00fcden, &#8220;De\u011ferli Ba\u015fkan, de\u011ferli milletvekilleri; hepinizi sayg\u0131yla, h\u00fcrmetle selaml\u0131yorum&#8221; demi\u015fti. Yemin d\u0131\u015f\u0131nda konu\u015fma yap\u0131lamayaca\u011f\u0131 i\u00e7in Tanal&#8217;\u0131n yemini kabul edilmemi\u015fti. Bunun \u00fczerine Tanal ikinci kez yemin etmi\u015fti.<\/p>\n","protected":false},"excerpt":{"rendered":"<p>Eski Kabine \u00fcyesi bakanlar bug\u00fcn TBMM&#8217;de yemin ederken t\u00f6ren s\u0131ras\u0131nda ya\u015fanan olay g\u00fcndem yaratt\u0131. Yemin i\u00e7in k\u00fcrs\u00fcye gelen AK Parti Ankara Milletvekili Vedat Bilgin&#8217;in ge\u00e7ici TBMM Ba\u015fkan\u0131 Devlet Bah\u00e7eli&#8217;yi selamlamas\u0131 nedeniyle i\u00e7t\u00fcz\u00fc\u011fe ayk\u0131r\u0131 davranmas\u0131 sonras\u0131nda muhalefet s\u0131ralar\u0131 MHP liderini uyard\u0131. Devreye giren Bah\u00e7eli ise Bilgin&#8217;in yeniden yemin etmesi gerekti\u011fini s\u00f6yleyen CHP&#8217;li Mahmut Tanal&#8217;a &#8220;\u0130kaz etmenize gerek yok. Sizden kazand\u0131\u011f\u0131m\u0131z tecr\u00fcbe de var&#8221; yan\u0131t\u0131n\u0131 verdi.<\/p>\n","protected":false},"author":1,"featured_media":0,"comment_status":"closed","ping_status":"open","sticky":false,"template":"","format":"standard","meta":{"footnotes":""},"categories":[28],"tags":[1606,12174,10851,8679,4487],"class_list":["post-94747","post","type-post","status-publish","format-standard","hentry","category-politika","tag-bahceli","tag-kursuye","tag-metni","tag-tanal","tag-yemin"],"_links":{"self":[{"href":"https:\/\/haberulus.net\/index.php?rest_route=\/wp\/v2\/posts\/94747","targetHints":{"allow":["GET"]}}],"collection":[{"href":"https:\/\/haberulus.net\/index.php?rest_route=\/wp\/v2\/posts"}],"about":[{"href":"https:\/\/haberulus.net\/index.php?rest_route=\/wp\/v2\/types\/post"}],"author":[{"embeddable":true,"href":"https:\/\/haberulus.net\/index.php?rest_route=\/wp\/v2\/users\/1"}],"replies":[{"embeddable":true,"href":"https:\/\/haberulus.net\/index.php?rest_route=%2Fwp%2Fv2%2Fcomments&post=94747"}],"version-history":[{"count":1,"href":"https:\/\/haberulus.net\/index.php?rest_route=\/wp\/v2\/posts\/94747\/revisions"}],"predecessor-version":[{"id":94748,"href":"https:\/\/haberulus.net\/index.php?rest_route=\/wp\/v2\/posts\/94747\/revisions\/94748"}],"wp:attachment":[{"href":"https:\/\/haberulus.net\/index.php?rest_route=%2Fwp%2Fv2%2Fmedia&parent=94747"}],"wp:term":[{"taxonomy":"category","embeddable":true,"href":"https:\/\/haberulus.net\/index.php?rest_route=%2Fwp%2Fv2%2Fcategories&post=94747"},{"taxonomy":"post_tag","embeddable":true,"href":"https:\/\/haberulus.net\/index.php?rest_route=%2Fwp%2Fv2%2Ftags&post=94747"}],"curies":[{"name":"wp","href":"https:\/\/api.w.org\/{rel}","templated":true}]}}