{"id":94775,"date":"2023-06-07T13:35:36","date_gmt":"2023-06-07T13:35:36","guid":{"rendered":"https:\/\/haberulus.net\/?p=94775"},"modified":"2023-06-07T13:35:36","modified_gmt":"2023-06-07T13:35:36","slug":"cengizhan-simsekin-unvani-ve-kemeri-mustafa-tasa-verildi","status":"publish","type":"post","link":"https:\/\/haberulus.net\/?p=94775","title":{"rendered":"Cengizhan \u015eim\u015fek\u2019in unvan\u0131 ve kemeri Mustafa Ta\u015f\u2019a verildi"},"content":{"rendered":"<p>Edirne\u2019de ge\u00e7ti\u011fimiz y\u0131l ger\u00e7ekle\u015ftirilen 661\u2019inci Tarihi K\u0131rkp\u0131nar Ya\u011fl\u0131 G\u00fcre\u015fleri\u2019nde ba\u015fpehlivan olan Cengizhan \u015eim\u015fek\u2019in 1-3 Temmuz\u2019da g\u00fcre\u015fti\u011fi d\u00f6nemde asl\u0131nda cezal\u0131 oldu\u011fu anla\u015f\u0131ld\u0131.<\/p>\n<p>Spor Genel M\u00fcd\u00fcrl\u00fc\u011f\u00fc Tahkim Kurulu, T\u00fcrkiye Dopingle M\u00fccadele Komisyonu\u2019nun ba\u015fvurusu \u00fczerine, doping kontrol havuzunda olmas\u0131na ra\u011fmen 2020 y\u0131l\u0131n\u0131n Ocak, Temmuz ve Ekim aylar\u0131nda yer bildirimi yapmayan 2022 y\u0131l\u0131 K\u0131rkp\u0131nar Ba\u015fpehlivan\u0131 \u015eim\u015fek\u2019e 9 Mart 2022\u2019den ge\u00e7erli olmak \u00fczere 1 y\u0131l men cezas\u0131 verdi. Kurul, sporcunun 1.10.2020 tarihinden itibaren elde etti\u011fi t\u00fcm \u00f6d\u00fcl ve derecelerin iptaline h\u00fckmetti.<\/p>\n<p><b>KEMER T\u00d6RENLE MUSTAFA TA\u015e\u2019A VER\u0130LD\u0130<\/b><\/p>\n<p>Gelinen s\u00fcre\u00e7te, Edirne Belediyesi Atat\u00fcrk K\u00fclt\u00fcr Merkezi\u2019nde d\u00fczenlenen t\u00f6renle, Cengizhan \u015eim\u015fek\u2019ten al\u0131nan kemer bug\u00fcn \u015eim\u015fek\u2019in finalde g\u00fcre\u015fti\u011fi rakibi Mustafa Ta\u015f\u2019a verildi.<\/p>\n<p>Mustafa Ta\u015f, kemerin takt\u0131ktan sonra yapt\u0131\u011f\u0131 a\u00e7\u0131klamada, ya\u015fanan s\u00fcrecin talihsiz bir olay oldu\u011funu belirtti. Ta\u015f, \u201cB\u00f6yle talihsiz bir olay olmas\u0131n\u0131 kimse istemezdi. Ben de istemezdim. \u0130ki taraf da kar\u015f\u0131l\u0131kl\u0131 olarak \u00e7ok yorulduk. \u00c7ok fazla s\u00f6z etmeyece\u011fim bu konuyla alakal\u0131. Benimle veya T\u00fcrkiye Geleneksel G\u00fcre\u015f Federasyonumuzun bu olayla bir alakas\u0131 yok. T\u00fcrkiye G\u00fcre\u015f Federasyonu, Cengiz a\u011fabey ve yarg\u0131yla alakal\u0131 bir durumdur. Biz de yarg\u0131ya sayg\u0131 duyduk, bug\u00fcn de yarg\u0131 bizi g\u00f6sterdi kemer bana takdim edildi. \u0130n\u015fallah b\u00f6yle olaylar bir daha olmaz, ben de in\u015fallah a\u011fama s\u00f6z verdim, ilk \u00e7\u0131kt\u0131\u011f\u0131m g\u00fcn de s\u00f6z vermi\u015ftim, kemeri in\u015fallah sahada takmak istiyorum, bu \u015fekilde olmaz in\u015fallah bir daha\u201d diye konu\u015ftu.<\/p>\n<p><b>\u0130BRAH\u0130M T\u00dcRK\u0130\u015e: \u00dcZ\u00dcLEREK BU NOKTAYA GELD\u0130K<\/b><\/p>\n<p>T\u00fcrkiye Geleneksel G\u00fcre\u015fler Federasyonu Ba\u015fkan\u0131 \u0130brahim T\u00fcrki\u015f de, hukuk karar\u0131na herkesin uyma mecburiyeti oldu\u011funu s\u00f6yledi. T\u00fcrki\u015f, \u201cHukuk bunu gerektiriyor. \u00dcz\u00fclerek ifade ediyoruz, ge\u00e7en sene K\u0131rkp\u0131nar g\u00fcre\u015flerimizin finalini galibiyetle bitiren arkada\u015f\u0131m\u0131z\u0131n maalesef hak mahrumiyeti cezas\u0131n\u0131n unutulup bir \u015fekilde uygulama d\u0131\u015f\u0131nda kalmas\u0131 ve bunun kamuoyunun da bilgisinin de d\u0131\u015f\u0131nda olmas\u0131 nedeniyle bu noktaya \u00fcz\u00fclerek geldik. Uzunca bir s\u00fcre\u00e7 ge\u00e7ti ve bu s\u00fcre\u00e7 hepimizi y\u0131pratt\u0131, g\u00fcre\u015fimizi y\u0131pratt\u0131. Gerek Cengizhan \u015eim\u015fek\u2019i, gerek Mustafa Ta\u015f\u2019\u0131, gerek g\u00fcre\u015fimizi y\u0131pratt\u0131. Arzu ediyoruz ki bu olaylar bir daha hi\u00e7 olmas\u0131n, in\u015fallah bundan sonra ger\u00e7ekten tart\u0131\u015fmas\u0131z, hi\u00e7bir \u015fekilde sonradan kararlar\u0131n de\u011fi\u015fmedi\u011fi uygulamayla tarihi K\u0131rkp\u0131nar\u2019\u0131n g\u00fczelli\u011fini g\u00f6lgelemeyecek sonu\u00e7lar alal\u0131m\u201d ifadelerini kulland\u0131.<\/p>\n<p><b>\u201cHUKUK\u0130 S\u00dcRE\u00c7 Y\u00dcZDE Y\u00dcZ B\u0130TMED\u0130\u201d<\/b><\/p>\n<p>Hukuk s\u00fcrecinin y\u00fczde y\u00fcz bitmedi\u011fini de hat\u0131rlatan T\u00fcrki\u015f, \u201c\u015eu anda y\u00fczde y\u00fcz hukuki sonu\u00e7lar bitmemi\u015f durumda fakat \u015fu anda hukukun gere\u011fi biz bu uygulamay\u0131 yapmak zorunday\u0131z. Yar\u0131n bir g\u00fcn e\u011fer bu hukukun sonucu de\u011fi\u015firse sevgili ba\u015fkan\u0131mla birlikte bunu yine aynen uygulayaca\u011f\u0131m\u0131z konusunda hi\u00e7 kimsenin ku\u015fkusu olmas\u0131n. Bizler, hukuka sayg\u0131l\u0131, g\u00fcvenen insanlar\u0131z, ne gerekiyorsa onu yapar\u0131z. Bug\u00fcn, hukukun gere\u011fi Mustafa Ta\u015f\u2019\u0131n ba\u015fpehlivan olarak ilan\u0131d\u0131r, biz de buradan bunu t\u00fcm kamuoyuna ilan edece\u011fiz. \u0130n\u015fallah bundan sonras\u0131 da tarihi g\u00fcre\u015fimiz K\u0131rkp\u0131nar i\u00e7in hay\u0131rl\u0131 \u015fekilde tezah\u00fcr eder\u201d dedi.<\/p>\n","protected":false},"excerpt":{"rendered":"<p>Ge\u00e7ti\u011fimiz y\u0131l 661&#8217;inci tarihi K\u0131rkp\u0131nar Ya\u011fl\u0131 G\u00fcre\u015fleri&#8217;nde g\u00fcre\u015fip ba\u015fpehlivan olan Cengizhan \u015eim\u015fek&#8217;ten al\u0131nan ba\u015fpehlivanl\u0131k unvan\u0131 ve kemeri, t\u00f6renle finalde g\u00fcre\u015fti\u011fi Mustafa Ta\u015f&#8217;a verildi. Mustafa Ta\u015f ve T\u00fcrkiye Geleneksel G\u00fcre\u015fler Federasyonu Ba\u015fkan\u0131 \u0130brahim T\u00fcrki\u015f, konu ile ilgili a\u00e7\u0131klamalarda bulundu.<\/p>\n","protected":false},"author":1,"featured_media":94776,"comment_status":"closed","ping_status":"open","sticky":false,"template":"","format":"standard","meta":{"footnotes":""},"categories":[31],"tags":[189,296,2682,1596,1624],"class_list":["post-94775","post","type-post","status-publish","format-standard","has-post-thumbnail","hentry","category-spor","tag-gures","tag-hukuk","tag-insallah","tag-olmasi","tag-yuz"],"_links":{"self":[{"href":"https:\/\/haberulus.net\/index.php?rest_route=\/wp\/v2\/posts\/94775","targetHints":{"allow":["GET"]}}],"collection":[{"href":"https:\/\/haberulus.net\/index.php?rest_route=\/wp\/v2\/posts"}],"about":[{"href":"https:\/\/haberulus.net\/index.php?rest_route=\/wp\/v2\/types\/post"}],"author":[{"embeddable":true,"href":"https:\/\/haberulus.net\/index.php?rest_route=\/wp\/v2\/users\/1"}],"replies":[{"embeddable":true,"href":"https:\/\/haberulus.net\/index.php?rest_route=%2Fwp%2Fv2%2Fcomments&post=94775"}],"version-history":[{"count":1,"href":"https:\/\/haberulus.net\/index.php?rest_route=\/wp\/v2\/posts\/94775\/revisions"}],"predecessor-version":[{"id":94777,"href":"https:\/\/haberulus.net\/index.php?rest_route=\/wp\/v2\/posts\/94775\/revisions\/94777"}],"wp:featuredmedia":[{"embeddable":true,"href":"https:\/\/haberulus.net\/index.php?rest_route=\/wp\/v2\/media\/94776"}],"wp:attachment":[{"href":"https:\/\/haberulus.net\/index.php?rest_route=%2Fwp%2Fv2%2Fmedia&parent=94775"}],"wp:term":[{"taxonomy":"category","embeddable":true,"href":"https:\/\/haberulus.net\/index.php?rest_route=%2Fwp%2Fv2%2Fcategories&post=94775"},{"taxonomy":"post_tag","embeddable":true,"href":"https:\/\/haberulus.net\/index.php?rest_route=%2Fwp%2Fv2%2Ftags&post=94775"}],"curies":[{"name":"wp","href":"https:\/\/api.w.org\/{rel}","templated":true}]}}