{"id":94858,"date":"2023-06-07T15:35:04","date_gmt":"2023-06-07T15:35:04","guid":{"rendered":"https:\/\/haberulus.net\/?p=94858"},"modified":"2023-06-07T15:35:04","modified_gmt":"2023-06-07T15:35:04","slug":"hazine-ve-maliye-bakani-mehmet-simsek-acil-onceligimiz-diyerek-acikladi","status":"publish","type":"post","link":"https:\/\/haberulus.net\/?p=94858","title":{"rendered":"Hazine ve Maliye Bakan\u0131 Mehmet \u015eim\u015fek, \u2018acil \u00f6nceli\u011fimiz\u2019 diyerek a\u00e7\u0131klad\u0131"},"content":{"rendered":"<p>Hazine ve Maliye Bakan\u0131 Mehmet \u015eim\u015fek, sosyal medya hesaplar\u0131 \u00fczerinden \u0130ngilizce bir a\u00e7\u0131klama yapt\u0131. Yeni ekonomi modeline ili\u015fkin de ayr\u0131nt\u0131 veren \u015eim\u015fek \u015fu ifadeleri kulland\u0131:<\/p>\n<p>* Be\u015f y\u0131ll\u0131k bir aradan sonra, Hazine ve Maliye Bakan\u0131 olarak yemin ederek ayr\u0131 bir onur ve ayr\u0131cal\u0131\u011fa sahip oldum. Bu s\u0131fatla halk\u0131m\u0131za hizmet etme sorumlulu\u011funu bana emanet eden Cumhurba\u015fkan\u0131m\u0131z Erdo\u011fan\u2019a minnettar\u0131m.<\/p>\n<p>* Daha m\u00fcreffeh ve diren\u00e7li bir T\u00fcrkiye yaratmak i\u00e7in yol g\u00f6sterici ilkelerimiz \u015feffafl\u0131k, tutarl\u0131l\u0131k, hesap verebilirlik ve \u00f6ng\u00f6r\u00fclebilirlik olacakt\u0131r.<\/p>\n<p>* Yerel ve uluslararas\u0131 zorluklar aras\u0131nda yol al\u0131rken, \u00f6ng\u00f6r\u00fclebilirli\u011fi art\u0131rmak i\u00e7in kurallara dayal\u0131 politika olu\u015fturma taahh\u00fcd\u00fcm\u00fcz\u00fc teyit ediyoruz.<\/p>\n<p>* K\u0131sa yollar veya h\u0131zl\u0131 d\u00fczeltmeler olmasa da, deneyimimizin, bilgimizin ve \u00f6zverimizin \u00f6n\u00fcm\u00fczdeki potansiyel engellerin \u00fcstesinden gelmemize yard\u0131mc\u0131 olaca\u011f\u0131ndan emin olabilirsiniz. Acil \u00f6nceli\u011fimiz, ekibimizi g\u00fc\u00e7lendirmek ve g\u00fcvenilir bir program tasarlamakt\u0131r.<\/p>\n<p><img decoding=\"async\" src=\"https:\/\/i01.sozcucdn.com\/wp-content\/uploads\/2023\/06\/07\/simsek1.png\" alt=\"\" title=\"\"><br \/><img decoding=\"async\" src=\"https:\/\/i01.sozcucdn.com\/wp-content\/uploads\/2023\/06\/07\/simsek2.png\" alt=\"\" title=\"\"><\/p>\n","protected":false},"excerpt":{"rendered":"<p>Yeni Cumhurba\u015fkanl\u0131\u011f\u0131 Kabinesi&#8217;nde Hazine ve Maliye Bakan\u0131 olan Mehmet \u015eim\u015fek, sosyal medya hesab\u0131 \u00fczerinden ekonomik geli\u015fmelere ili\u015fkin a\u00e7\u0131klama yapt\u0131.<\/p>\n","protected":false},"author":1,"featured_media":94859,"comment_status":"closed","ping_status":"open","sticky":false,"template":"","format":"standard","meta":{"footnotes":""},"categories":[26],"tags":[],"class_list":["post-94858","post","type-post","status-publish","format-standard","has-post-thumbnail","hentry","category-gundem"],"_links":{"self":[{"href":"https:\/\/haberulus.net\/index.php?rest_route=\/wp\/v2\/posts\/94858","targetHints":{"allow":["GET"]}}],"collection":[{"href":"https:\/\/haberulus.net\/index.php?rest_route=\/wp\/v2\/posts"}],"about":[{"href":"https:\/\/haberulus.net\/index.php?rest_route=\/wp\/v2\/types\/post"}],"author":[{"embeddable":true,"href":"https:\/\/haberulus.net\/index.php?rest_route=\/wp\/v2\/users\/1"}],"replies":[{"embeddable":true,"href":"https:\/\/haberulus.net\/index.php?rest_route=%2Fwp%2Fv2%2Fcomments&post=94858"}],"version-history":[{"count":1,"href":"https:\/\/haberulus.net\/index.php?rest_route=\/wp\/v2\/posts\/94858\/revisions"}],"predecessor-version":[{"id":94860,"href":"https:\/\/haberulus.net\/index.php?rest_route=\/wp\/v2\/posts\/94858\/revisions\/94860"}],"wp:featuredmedia":[{"embeddable":true,"href":"https:\/\/haberulus.net\/index.php?rest_route=\/wp\/v2\/media\/94859"}],"wp:attachment":[{"href":"https:\/\/haberulus.net\/index.php?rest_route=%2Fwp%2Fv2%2Fmedia&parent=94858"}],"wp:term":[{"taxonomy":"category","embeddable":true,"href":"https:\/\/haberulus.net\/index.php?rest_route=%2Fwp%2Fv2%2Fcategories&post=94858"},{"taxonomy":"post_tag","embeddable":true,"href":"https:\/\/haberulus.net\/index.php?rest_route=%2Fwp%2Fv2%2Ftags&post=94858"}],"curies":[{"name":"wp","href":"https:\/\/api.w.org\/{rel}","templated":true}]}}