{"id":94867,"date":"2023-06-07T16:21:03","date_gmt":"2023-06-07T16:21:03","guid":{"rendered":"https:\/\/haberulus.net\/?p=94867"},"modified":"2023-06-07T16:21:03","modified_gmt":"2023-06-07T16:21:03","slug":"soke-belediye-baskani-levent-tuncel-son-yolculuguna-ugurlandi","status":"publish","type":"post","link":"https:\/\/haberulus.net\/?p=94867","title":{"rendered":"S\u00f6ke Belediye Ba\u015fkan\u0131 Levent Tuncel son yolculu\u011funa u\u011furland\u0131"},"content":{"rendered":"<p>CHP&#8217;li Ba\u015fkan Levent Tuncel i\u00e7in ilk t\u00f6ren S\u00f6ke Belediyesi \u00f6n\u00fcnde yap\u0131ld\u0131. Ba\u015fkan Tuncel\u2019in T\u00fcrk Bayra\u011f\u0131na sar\u0131l\u0131 naa\u015f\u0131 S\u00f6ke Belediyesi&#8217;ne getirilirken, ailesi ve sevenleri g\u00f6zya\u015flar\u0131n\u0131 tutamad\u0131.<\/p>\n<p>Ayd\u0131n Valisi H\u00fcseyin Aksoy, Ayd\u0131n B\u00fcy\u00fck\u015fehir Belediye Ba\u015fkan\u0131 \u00d6zlem \u00c7er\u00e7io\u011flu, Ku\u015fadas\u0131 Kaymakam\u0131 S\u00f6ke Kaymakam Vekili Sadettin Y\u00fccel, \u00e7evre il\u00e7elerin belediye ba\u015fkanlar\u0131, siyasi partiler ve \u00e7e\u015fitli kurum kurulu\u015flar ile STK&#8217;lar\u0131n temsilcileri, belediye personeli ba\u015fta olmak \u00fczere \u00e7ok say\u0131da S\u00f6keli vatanda\u015flar\u0131n kat\u0131l\u0131mlar\u0131yla ger\u00e7ekle\u015fen ilk t\u00f6rende duan\u0131n ard\u0131ndan Ayd\u0131n Valisi H\u00fcseyin Aksoy bir konu\u015fma yapt\u0131.<\/p>\n<p><img decoding=\"async\" src=\"https:\/\/i01.sozcucdn.com\/wp-content\/uploads\/2023\/06\/07\/b2e559b6-a6be-4252-9b1e-28d6cdc4fa02.jpeg\" alt=\"\" title=\"\"><\/p>\n<p>Aksoy konu\u015fmas\u0131nda; \u201cM\u00fctevaz\u0131 ki\u015fili\u011fi ile tan\u0131d\u0131\u011f\u0131m Levent Tuncel Ba\u015fkan\u0131m\u0131zla \u00e7al\u0131\u015fma f\u0131rsat\u0131m oldu. S\u00f6ke i\u00e7in g\u00fczel d\u00fc\u015f\u00fcnceleri ve projeleri oldu\u011funu biliyorum. Bunlar\u0131n bir k\u0131sm\u0131 hayata ge\u00e7irdi. Uzun s\u00fcredir giderek artan bir rahats\u0131zl\u0131\u011f\u0131n\u0131n oldu\u011funu da biliyordum. Vefat\u0131 bizleri \u00e7ok \u00fczd\u00fc. Kendisine Allah&#8217;tan rahmet, yak\u0131nlar\u0131na ve t\u00fcm S\u00f6ke Halk\u0131na ba\u015fsa\u011fl\u0131\u011f\u0131 dileklerimi iletiyorum\u201d dedi.<\/p>\n<p><strong>\u0130K\u0130NC\u0130 T\u00d6REN CAM\u0130DE<\/strong><\/p>\n<p>Belediye \u00f6n\u00fcndeki t\u00f6renin ard\u0131ndan Koca Cami&#8217;ye ge\u00e7ildi. Koca Cami&#8217;deki cenaze t\u00f6renine Cumhuriyet Halk Partisi (CHP)\u00a0 Yerel Y\u00f6netimlerden Sorumlu Genel Ba\u015fkan Yard\u0131mc\u0131s\u0131 Ahmet Ak\u0131n, Kahramanmara\u015f&#8217;ta g\u00f6revde olan S\u00f6ke \u0130l\u00e7e Kaymakam\u0131 \u00dcmit H\u00fcseyin G\u00fcney de kat\u0131ld\u0131. Koca Cami\u2019nde k\u0131l\u0131nan cenaze namaz\u0131n\u0131n ard\u0131ndan Ba\u015fkan Tuncel, Tekin K\u00f6y\u00fc Mezarl\u0131\u011f\u0131nda topra\u011fa verildi.<\/p>\n<p>\u00a0<\/p>\n","protected":false},"excerpt":{"rendered":"<p>Uzun s\u00fcren rahats\u0131zl\u0131\u011f\u0131 nedeniyle \u0130zmir\u2019de bir \u00f6zel hastanede tedavi g\u00f6ren ve d\u00fcn istirahat i\u00e7in geldi\u011fi \u0130zmir\u2019deki evinde sabaha kar\u015f\u0131 hayat\u0131n\u0131 kaybeden S\u00f6ke Belediye Ba\u015fkan\u0131 Levent Tuncel, Belediye ve Camii&#8217;de d\u00fczenlenen iki ayr\u0131 t\u00f6renin ard\u0131ndan topra\u011fa verildi.<\/p>\n","protected":false},"author":1,"featured_media":94868,"comment_status":"closed","ping_status":"open","sticky":false,"template":"","format":"standard","meta":{"footnotes":""},"categories":[26],"tags":[443,417,8130,1088],"class_list":["post-94867","post","type-post","status-publish","format-standard","has-post-thumbnail","hentry","category-gundem","tag-baskan","tag-belediye","tag-soke","tag-toren"],"_links":{"self":[{"href":"https:\/\/haberulus.net\/index.php?rest_route=\/wp\/v2\/posts\/94867","targetHints":{"allow":["GET"]}}],"collection":[{"href":"https:\/\/haberulus.net\/index.php?rest_route=\/wp\/v2\/posts"}],"about":[{"href":"https:\/\/haberulus.net\/index.php?rest_route=\/wp\/v2\/types\/post"}],"author":[{"embeddable":true,"href":"https:\/\/haberulus.net\/index.php?rest_route=\/wp\/v2\/users\/1"}],"replies":[{"embeddable":true,"href":"https:\/\/haberulus.net\/index.php?rest_route=%2Fwp%2Fv2%2Fcomments&post=94867"}],"version-history":[{"count":1,"href":"https:\/\/haberulus.net\/index.php?rest_route=\/wp\/v2\/posts\/94867\/revisions"}],"predecessor-version":[{"id":94869,"href":"https:\/\/haberulus.net\/index.php?rest_route=\/wp\/v2\/posts\/94867\/revisions\/94869"}],"wp:featuredmedia":[{"embeddable":true,"href":"https:\/\/haberulus.net\/index.php?rest_route=\/wp\/v2\/media\/94868"}],"wp:attachment":[{"href":"https:\/\/haberulus.net\/index.php?rest_route=%2Fwp%2Fv2%2Fmedia&parent=94867"}],"wp:term":[{"taxonomy":"category","embeddable":true,"href":"https:\/\/haberulus.net\/index.php?rest_route=%2Fwp%2Fv2%2Fcategories&post=94867"},{"taxonomy":"post_tag","embeddable":true,"href":"https:\/\/haberulus.net\/index.php?rest_route=%2Fwp%2Fv2%2Ftags&post=94867"}],"curies":[{"name":"wp","href":"https:\/\/api.w.org\/{rel}","templated":true}]}}