{"id":95039,"date":"2023-06-08T07:49:32","date_gmt":"2023-06-08T07:49:32","guid":{"rendered":"https:\/\/haberulus.net\/?p=95039"},"modified":"2023-06-08T07:49:32","modified_gmt":"2023-06-08T07:49:32","slug":"secim-sonrasi-kilicdaroglu-anketi-istifa-etmeli-diyenlerin-orani-yuzde-624u-buldu","status":"publish","type":"post","link":"https:\/\/haberulus.net\/?p=95039","title":{"rendered":"Se\u00e7im sonras\u0131 K\u0131l\u0131\u00e7daro\u011flu anketi! &#8220;\u0130stifa etmeli&#8221; diyenlerin oran\u0131 y\u00fczde 62,4&#8217;\u00fc buldu"},"content":{"rendered":"<p>14 ve 28 May\u0131s tarihlerinde yap\u0131lan se\u00e7imleri neredeyse birebir tahmin etme ba\u015far\u0131s\u0131n\u0131 g\u00f6steren BET\u0130MAR Ara\u015ft\u0131rma bu kez daha dikkat \u00e7eken bir anket ger\u00e7ekle\u015ftirdi.<\/p>\n<p><b>\u0130ST\u0130FA TARTI\u015eMALARI SON G\u00dcNLERDE \u0130Y\u0130CE ALEVLEND\u0130<\/b><\/p>\n<p>Se\u00e7imlerinin kazanan\u0131n\u0131n Cumhurba\u015fkan\u0131 Erdo\u011fan olmas\u0131 sonras\u0131nda Millet \u0130ttifak\u0131&#8217;n\u0131n aday\u0131 ve CHP Genel Ba\u015fkan\u0131 Kemal K\u0131l\u0131\u00e7daro\u011flu ile ilgili olarak ba\u015flayan istifa tart\u0131\u015fmalar\u0131na mercek tutan anket firmas\u0131, Millet \u0130ttifak\u0131 ve Emek ve \u00d6zg\u00fcrl\u00fck \u0130ttifak\u0131 se\u00e7menine &#8220;Sizce Sn. Kemal K\u0131l\u0131\u00e7daro\u011flu CHP Genel Ba\u015fkanl\u0131\u011f\u0131&#8217;ndan istifa etmeli mi?&#8221; diye sordu.<\/p>\n<p><b>ANKETE KATILANLARIN Y\u00dcZDE 37,6&#8217;SI &#8220;\u0130ST\u0130FA ETMEL\u0130&#8221; DED\u0130<\/b><\/p>\n<p>31 May\u0131s &#8211; 1 Haziran tarihlerinde 1.650 ki\u015fiyle yap\u0131lan ankette; ara\u015ft\u0131rmaya kat\u0131lanlar\u0131n y\u00fczde 62,4&#8217;\u00fc K\u0131l\u0131\u00e7daro\u011flu&#8217;nun istifa etmesi gerekti\u011fini s\u00f6ylerken, y\u00fczde 37,6&#8217;s\u0131 istifa etmemesi y\u00f6n\u00fcnde g\u00f6r\u00fc\u015f bildirdi.<\/p>\n<p><img decoding=\"async\" src=\"https:\/\/i.hbrcdn.com\/haber\/2023\/06\/08\/secim-sonrasi-kilicdaroglu-anketi-istifa-etmeli-16011172_7231_m.jpg\" alt=\"\" title=\"\"><\/p>\n<p><b>CHP&#8217;L\u0130LER\u0130N \u00c7O\u011eUNLU\u011eU DA \u0130ST\u0130FADAN YANA G\u00d6R\u00dc\u015e B\u0130LD\u0130RD\u0130<\/b><\/p>\n<p>S\u00f6z konusu ankette, &#8220;K\u0131l\u0131\u00e7daro\u011flu istifa etmeli mi?&#8221; sorusuna &#8220;Evet etmeli&#8221; diyen CHP&#8217;lilerin oran\u0131 y\u00fczde 51,3&#8217;\u00fc bulurken, y\u00fczde 48,7&#8217;l\u0131k bir oran ise &#8220;Hay\u0131r etmemeli&#8221; yan\u0131t\u0131n\u0131 verdi.<\/p>\n<p><b>\u0130Y\u0130 PART\u0130&#8217;DE ORAN B\u0130R HAYL\u0130 Y\u00dcKSEK<\/b><\/p>\n<p>Ankete kat\u0131lan \u0130Y\u0130 Partililerin y\u00fczde 82,1&#8217;lik k\u0131sm\u0131 K\u0131l\u0131\u00e7daro\u011flu&#8217;nun istifa etmesi gerekti\u011fini ifade ederken, Ye\u015fil ve Sol Parti&#8217;den bu soruya &#8220;Evet etmeli&#8221; yan\u0131t\u0131n\u0131 verenlerin oran\u0131 y\u00fczde 55,2 oldu.<\/p>\n<p><b>T\u00dcRK\u0130YE \u0130\u015e\u00c7\u0130 PART\u0130S\u0130 DE &#8220;\u0130ST\u0130FA&#8221; D\u0130YOR<\/b><\/p>\n<p>Emek ve \u00d6zg\u00fcrl\u00fck \u0130ttifak\u0131 bile\u015fenlerinden T\u00fcrkiye \u0130\u015f\u00e7i Partisi&#8217;nden ankete kat\u0131lanlar\u0131n da yine neredeyse tamam\u0131na yak\u0131n\u0131 CHP liderinin g\u00f6revi b\u0131rakma zaman\u0131n\u0131n geldi\u011fine i\u015faret etti.<\/p>\n","protected":false},"excerpt":{"rendered":"<p>Cumhurba\u015fkan\u0131 Erdo\u011fan&#8217;\u0131n se\u00e7imi kazanmas\u0131n\u0131n ard\u0131ndan Kemal K\u0131l\u0131\u00e7daro\u011flu ile ilgili istifa tart\u0131\u015fmalar\u0131 da alevlendi. 14 May\u0131s ve 28 May\u0131s se\u00e7imlerini neredeyse birebir tahmin etmeyi ba\u015faran BET\u0130MAR Ara\u015ft\u0131rma, Millet \u0130ttifak\u0131 ve Emek ve \u00d6zg\u00fcrl\u00fck \u0130ttifak\u0131 se\u00e7menine bu kez &#8220;K\u0131l\u0131\u00e7daro\u011flu istifa etmeli mi?&#8221; sorusunu y\u00f6neltti. Ara\u015ft\u0131rmaya kat\u0131lan y\u00fczde 62,4&#8217;\u00fc CHP liderinin istifa etmesi gerekti\u011fini s\u00f6ylerken, y\u00fczde 37,6&#8217;s\u0131 istifa etmemesi y\u00f6n\u00fcnde g\u00f6r\u00fc\u015f bildirdi.<\/p>\n","protected":false},"author":1,"featured_media":0,"comment_status":"closed","ping_status":"open","sticky":false,"template":"","format":"standard","meta":{"footnotes":""},"categories":[28],"tags":[272,1089,871,583,1496],"class_list":["post-95039","post","type-post","status-publish","format-standard","hentry","category-politika","tag-anket","tag-chp","tag-etme","tag-istifa","tag-kilicdaroglu"],"_links":{"self":[{"href":"https:\/\/haberulus.net\/index.php?rest_route=\/wp\/v2\/posts\/95039","targetHints":{"allow":["GET"]}}],"collection":[{"href":"https:\/\/haberulus.net\/index.php?rest_route=\/wp\/v2\/posts"}],"about":[{"href":"https:\/\/haberulus.net\/index.php?rest_route=\/wp\/v2\/types\/post"}],"author":[{"embeddable":true,"href":"https:\/\/haberulus.net\/index.php?rest_route=\/wp\/v2\/users\/1"}],"replies":[{"embeddable":true,"href":"https:\/\/haberulus.net\/index.php?rest_route=%2Fwp%2Fv2%2Fcomments&post=95039"}],"version-history":[{"count":1,"href":"https:\/\/haberulus.net\/index.php?rest_route=\/wp\/v2\/posts\/95039\/revisions"}],"predecessor-version":[{"id":95040,"href":"https:\/\/haberulus.net\/index.php?rest_route=\/wp\/v2\/posts\/95039\/revisions\/95040"}],"wp:attachment":[{"href":"https:\/\/haberulus.net\/index.php?rest_route=%2Fwp%2Fv2%2Fmedia&parent=95039"}],"wp:term":[{"taxonomy":"category","embeddable":true,"href":"https:\/\/haberulus.net\/index.php?rest_route=%2Fwp%2Fv2%2Fcategories&post=95039"},{"taxonomy":"post_tag","embeddable":true,"href":"https:\/\/haberulus.net\/index.php?rest_route=%2Fwp%2Fv2%2Ftags&post=95039"}],"curies":[{"name":"wp","href":"https:\/\/api.w.org\/{rel}","templated":true}]}}