{"id":95062,"date":"2023-06-08T08:35:03","date_gmt":"2023-06-08T08:35:03","guid":{"rendered":"https:\/\/haberulus.net\/?p=95062"},"modified":"2023-06-08T08:35:03","modified_gmt":"2023-06-08T08:35:03","slug":"iso-turkiye-ihracat-iklimi-endeksi-mayista-dustu","status":"publish","type":"post","link":"https:\/\/haberulus.net\/?p=95062","title":{"rendered":"\u0130SO T\u00fcrkiye \u0130hracat \u0130klimi Endeksi may\u0131sta d\u00fc\u015ft\u00fc"},"content":{"rendered":"<p>\u0130stanbul Sanayi Odas\u0131 (\u0130SO) taraf\u0131ndan a\u00e7\u0131klanan T\u00fcrkiye \u0130hracat \u0130klimi Endeksi May\u0131s\u2019ta 52.3 seviyesine gerilese de \u00fcst \u00fcste d\u00f6rd\u00fcnc\u00fc ay da e\u015fik de\u011fer olan 50\u2019nin \u00fczerinde kalarak ihracat iklimindeki iyile\u015fmenin s\u00fcrd\u00fc\u011f\u00fcne i\u015faret etti.<\/p>\n<p>\u0130SO verilerine g\u00f6re endeks \u00f6nceki aya g\u00f6re hafif d\u00fc\u015f\u00fc\u015f g\u00f6sterse de T\u00fcrk imalat\u00e7\u0131lar\u0131n\u0131n ihracat talep ko\u015fullar\u0131nda ayl\u0131k bazda g\u00fc\u00e7l\u00fc bir iyile\u015fmeye i\u015faret etti.<\/p>\n<p>Endekste 50\u2019nin \u00fczerinde \u00f6l\u00e7\u00fclen t\u00fcm de\u011ferler ihracat ikliminde iyile\u015fmeye, 50\u2019nin alt\u0131ndaki de\u011ferler ise bozulmaya i\u015faret ediyor.<\/p>\n<p><b>\u2018DENGEL\u0130 DA\u011eILAN B\u00dcY\u00dcMEYE \u0130HT\u0130YA\u00c7 OLACAK\u2019<\/b><\/p>\n<p>\u0130SO verilerine g\u00f6re talep ko\u015fullar\u0131ndaki iyile\u015fmenin devam etmesine katk\u0131 sa\u011flayan ana pazarlardan biri ekonomik aktivitenin \u00fcst \u00fcste d\u00f6rd\u00fcnc\u00fc ay artt\u0131\u011f\u0131 ABD olurken, Avrupa\u2019da \u00fcretim May\u0131s ay\u0131nda genel olarak art\u0131\u015f g\u00f6sterse de bir\u00e7ok \u00fclkede b\u00fcy\u00fcme ivme kaybetti.<\/p>\n<p>Endeks hakk\u0131nda de\u011ferlendirmede bulunan S&#038;P Global Market Intelligence Ekonomi Direkt\u00f6r\u00fc Andrew Harker, \u201cT\u00fcrk imalat\u00e7\u0131lar\u0131n\u0131n ihracat iklimi iyile\u015fmeye devam etmekle birlikte bir\u00e7ok \u00fclkede firmalar, imalat talebinin durgun kalmas\u0131 nedeniyle uluslararas\u0131 pazarlarda hizmet firmalar\u0131ndan gelen g\u00fc\u00e7l\u00fc talepten destek buldu. Mevcut iyile\u015fmenin s\u00fcrd\u00fcr\u00fclebilmesi i\u00e7in ihracat\u00e7\u0131lar\u0131n \u00f6n\u00fcm\u00fczdeki aylarda daha dengeli da\u011f\u0131lan bir b\u00fcy\u00fcme g\u00f6r\u00fcn\u00fcm\u00fcne ihtiyac\u0131 olacak\u201d dedi. (REUTERS)<\/p>\n","protected":false},"excerpt":{"rendered":"<p>\u0130stanbul Sanayi Odas\u0131&#8217;n\u0131n (\u0130SO) a\u00e7\u0131klad\u0131\u011f\u0131 T\u00fcrkiye ihracat \u0130klimi Endeksi, may\u0131s ay\u0131nda 52,3 olarak ger\u00e7ekle\u015fti. Endeks \u00fcst \u00fcste d\u00f6rd\u00fcnc\u00fc ayda da e\u015fik de\u011ferin \u00fcst\u00fcnde kalarak iyile\u015fmeyi s\u00fcrd\u00fcrd\u00fc.<\/p>\n","protected":false},"author":1,"featured_media":95063,"comment_status":"closed","ping_status":"open","sticky":false,"template":"","format":"standard","meta":{"footnotes":""},"categories":[25],"tags":[810],"class_list":["post-95062","post","type-post","status-publish","format-standard","has-post-thumbnail","hentry","category-ekonomi","tag-ihracat"],"_links":{"self":[{"href":"https:\/\/haberulus.net\/index.php?rest_route=\/wp\/v2\/posts\/95062","targetHints":{"allow":["GET"]}}],"collection":[{"href":"https:\/\/haberulus.net\/index.php?rest_route=\/wp\/v2\/posts"}],"about":[{"href":"https:\/\/haberulus.net\/index.php?rest_route=\/wp\/v2\/types\/post"}],"author":[{"embeddable":true,"href":"https:\/\/haberulus.net\/index.php?rest_route=\/wp\/v2\/users\/1"}],"replies":[{"embeddable":true,"href":"https:\/\/haberulus.net\/index.php?rest_route=%2Fwp%2Fv2%2Fcomments&post=95062"}],"version-history":[{"count":1,"href":"https:\/\/haberulus.net\/index.php?rest_route=\/wp\/v2\/posts\/95062\/revisions"}],"predecessor-version":[{"id":95064,"href":"https:\/\/haberulus.net\/index.php?rest_route=\/wp\/v2\/posts\/95062\/revisions\/95064"}],"wp:featuredmedia":[{"embeddable":true,"href":"https:\/\/haberulus.net\/index.php?rest_route=\/wp\/v2\/media\/95063"}],"wp:attachment":[{"href":"https:\/\/haberulus.net\/index.php?rest_route=%2Fwp%2Fv2%2Fmedia&parent=95062"}],"wp:term":[{"taxonomy":"category","embeddable":true,"href":"https:\/\/haberulus.net\/index.php?rest_route=%2Fwp%2Fv2%2Fcategories&post=95062"},{"taxonomy":"post_tag","embeddable":true,"href":"https:\/\/haberulus.net\/index.php?rest_route=%2Fwp%2Fv2%2Ftags&post=95062"}],"curies":[{"name":"wp","href":"https:\/\/api.w.org\/{rel}","templated":true}]}}