{"id":95083,"date":"2023-06-08T09:19:35","date_gmt":"2023-06-08T09:19:35","guid":{"rendered":"https:\/\/haberulus.net\/?p=95083"},"modified":"2023-06-08T09:19:35","modified_gmt":"2023-06-08T09:19:35","slug":"gozler-murat-kuruma-cevrilse-de-kulisler-bu-iddiayi-konusuyor-ak-parti-ibb-icin-tevfik-goksuyu-dusunuyor","status":"publish","type":"post","link":"https:\/\/haberulus.net\/?p=95083","title":{"rendered":"G\u00f6zler Murat Kurum&#8217;a \u00e7evrilse de kulisler bu iddiay\u0131 konu\u015fuyor: AK Parti \u0130BB i\u00e7in Tevfik G\u00f6ksu&#8217;yu d\u00fc\u015f\u00fcn\u00fcyor"},"content":{"rendered":"<p>Yeni Cumhurba\u015fkanl\u0131\u011f\u0131 Kabinesi&#8217;ne \u00c7evre, \u015eehircilik ve \u0130klim De\u011fi\u015fikli\u011fi Bakan\u0131 olarak atanan Mehmet \u00d6zhaseki, g\u00f6revi Murat Kurum&#8217;dan teslim ald\u0131. Eski Bakan Kurum ise siyasi hayat\u0131n\u0131 yeni d\u00f6nemde AK Parti \u0130stanbul Milletvekili olarak s\u00fcrd\u00fcrecek.<\/p>\n<p><b>KURUM&#8217;UN ADI GE\u00c7M\u0130\u015eT\u0130<\/b><\/p>\n<p>\u00d6te yandan Murat Kurum&#8217;un yeni Kabine&#8217;de yer almamas\u0131 Ankara kulislerinde bir ba\u015fka iddiay\u0131 da g\u00fcndeme getirdi. Cumhurba\u015fkan\u0131 Erdo\u011fan&#8217;\u0131n Kurum&#8217;u 2024 yerel se\u00e7imlerinde \u0130stanbul B\u00fcy\u00fck\u015fehir Belediye Ba\u015fkanl\u0131\u011f\u0131&#8217;na aday g\u00f6sterece\u011fi ve \u00e7al\u0131\u015fmalar\u0131na odaklanmas\u0131 i\u00e7in bu karar\u0131 ald\u0131\u011f\u0131 \u00f6ne s\u00fcr\u00fclm\u00fc\u015ft\u00fc.<\/p>\n<p><b>KUL\u0130SLERDE G\u00d6KSU&#8217;NUN ADAYLI\u011eI KONU\u015eULUYOR<\/b><\/p>\n<p>Ancak kulislerde Kurum&#8217;un vekil olarak TBMM&#8217;de bulunmaya devam edece\u011fi, 2024 yerel se\u00e7imlerinde ise \u0130BB ba\u015fkanl\u0131\u011f\u0131na Esenler Belediye Ba\u015fkan\u0131 Tevfik G\u00f6ksu&#8217;nun aday g\u00f6sterilece\u011fi iddia edildi. \u0130BB Meclisi&#8217;nde \u0130BB Ba\u015fkan\u0131 Ekrem \u0130mamo\u011flu&#8217;na yapt\u0131\u011f\u0131 s\u0131k\u0131 muhalefetle tan\u0131nan G\u00f6ksu, ayn\u0131 zamanda \u0130BB AK Parti Grup Ba\u015fkanvekili g\u00f6revini s\u00fcrd\u00fcr\u00fcyor.<\/p>\n<p><img decoding=\"async\" src=\"https:\/\/i.hbrcdn.com\/haber\/2023\/06\/08\/gozler-murat-kurum-a-cevrilse-de-kulisler-bu-16011514_5571_m.jpg\" alt=\"\" title=\"\"><\/p>\n","protected":false},"excerpt":{"rendered":"<p>\u00c7evre, \u015eehircilik ve \u0130klim De\u011fi\u015fikli\u011fi Bakanl\u0131\u011f\u0131&#8217;n\u0131 devreden AK Parti \u0130stanbul Milletvekili Murat Kurum&#8217;un ad\u0131, 2024 yerel se\u00e7imlerinde \u0130BB ba\u015fkanl\u0131\u011f\u0131na aday olaca\u011f\u0131 iddia edilmi\u015fti. Ancak son d\u00f6nemde kulislerde, Kurum&#8217;un vekil olarak g\u00f6revine devam edece\u011fi, \u0130BB ba\u015fkanl\u0131\u011f\u0131 i\u00e7inse Esenler Belediye Ba\u015fkan\u0131 Tevfik G\u00f6ksu&#8217;nun ad\u0131 konu\u015fuluyor.<\/p>\n","protected":false},"author":1,"featured_media":0,"comment_status":"closed","ping_status":"open","sticky":false,"template":"","format":"standard","meta":{"footnotes":""},"categories":[28],"tags":[549],"class_list":["post-95083","post","type-post","status-publish","format-standard","hentry","category-politika","tag-kurum"],"_links":{"self":[{"href":"https:\/\/haberulus.net\/index.php?rest_route=\/wp\/v2\/posts\/95083","targetHints":{"allow":["GET"]}}],"collection":[{"href":"https:\/\/haberulus.net\/index.php?rest_route=\/wp\/v2\/posts"}],"about":[{"href":"https:\/\/haberulus.net\/index.php?rest_route=\/wp\/v2\/types\/post"}],"author":[{"embeddable":true,"href":"https:\/\/haberulus.net\/index.php?rest_route=\/wp\/v2\/users\/1"}],"replies":[{"embeddable":true,"href":"https:\/\/haberulus.net\/index.php?rest_route=%2Fwp%2Fv2%2Fcomments&post=95083"}],"version-history":[{"count":1,"href":"https:\/\/haberulus.net\/index.php?rest_route=\/wp\/v2\/posts\/95083\/revisions"}],"predecessor-version":[{"id":95084,"href":"https:\/\/haberulus.net\/index.php?rest_route=\/wp\/v2\/posts\/95083\/revisions\/95084"}],"wp:attachment":[{"href":"https:\/\/haberulus.net\/index.php?rest_route=%2Fwp%2Fv2%2Fmedia&parent=95083"}],"wp:term":[{"taxonomy":"category","embeddable":true,"href":"https:\/\/haberulus.net\/index.php?rest_route=%2Fwp%2Fv2%2Fcategories&post=95083"},{"taxonomy":"post_tag","embeddable":true,"href":"https:\/\/haberulus.net\/index.php?rest_route=%2Fwp%2Fv2%2Ftags&post=95083"}],"curies":[{"name":"wp","href":"https:\/\/api.w.org\/{rel}","templated":true}]}}