{"id":95153,"date":"2023-06-08T10:23:04","date_gmt":"2023-06-08T10:23:04","guid":{"rendered":"https:\/\/haberulus.net\/?p=95153"},"modified":"2023-06-08T10:23:04","modified_gmt":"2023-06-08T10:23:04","slug":"cnn-erdoganin-yeni-kabinesini-boyle-yorumladi-3-isme-dikkat-cektiler","status":"publish","type":"post","link":"https:\/\/haberulus.net\/?p=95153","title":{"rendered":"CNN, Erdo\u011fan\u2019\u0131n yeni kabinesini b\u00f6yle yorumlad\u0131: 3 isme dikkat \u00e7ektiler"},"content":{"rendered":"<p>May\u0131s ay\u0131nda yap\u0131lan se\u00e7imlerin ard\u0131ndan Cumhurba\u015fkan\u0131 Erdo\u011fan\u2019\u0131n yeni kabinesi ABD medyas\u0131nda g\u00fcndem oldu\u2026 Se\u00e7im s\u00fcrecini anbean aktaran medya kurulu\u015flar\u0131ndan biri olan CNN International, \u201cT\u00fcrkiye\u2019nin yeni kabinesi, \u00fclkenin ne y\u00f6ne gitti\u011fine dair ne s\u00f6yl\u00fcyor\u201d ba\u015fl\u0131\u011f\u0131n\u0131 kullanarak, \u201cErdo\u011fan yemin etti ve hafta sonu yeni kabineyi a\u00e7\u0131klad\u0131. Kabinedeki atamalar onun yeniden geleneksel ekonomi politikaya d\u00f6nece\u011fini ve diplomaside ayn\u0131 yoldan ilerlenece\u011fine i\u015faret ediyor\u201d yorumuna yer verdi.<\/p>\n<p>Mehmet \u015eim\u015fek\u2019in yeniden kabineye girmesine dikkat \u00e7eken CNN, \u201cG\u00f6revini \u015eim\u015fek\u2019e teslim eden Nureddin Nebati, Pazar g\u00fcn\u00fc devir teslim t\u00f6reninde oh \u00e7ekti ve bu onun rahatlad\u0131\u011f\u0131n\u0131 g\u00f6sterdi. T\u00fcrkiye ekonomisinin durumunu d\u00fc\u015f\u00fcn\u00fcnce bu s\u00fcrpriz de\u011fil\u201d ifadesini kulland\u0131. \u015eim\u015fek\u2019in ilk mesajlar\u0131n\u0131n yabanc\u0131 yat\u0131r\u0131mc\u0131y\u0131 \u00e7ekmek i\u00e7in oldu\u011funu hat\u0131rlatan CNN, \u201cFakat onun kar\u015f\u0131la\u015faca\u011f\u0131 esas zorluk Erdo\u011fan\u2019\u0131n kendisini ikna etmek\u201d yorumunu yapt\u0131. CNN\u2019deki haberde \u015eim\u015fek\u2019in yeni ekonomi politikas\u0131n\u0131n ba\u015f mimar\u0131 olmas\u0131n\u0131n beklendi\u011fi de belirtildi.<\/p>\n<p><strong>\u201cHER ODADA YER ALDI\u201d<\/strong><\/p>\n<p>T\u00fcrkiye\u2019nin d\u0131\u015fi\u015fleri ve savunma bakanl\u0131klar\u0131 ile birlikte istihbarat birimi arac\u0131l\u0131\u011f\u0131yla g\u00fc\u00e7l\u00fc bir d\u0131\u015f politika izledi\u011finin hat\u0131rlat\u0131ld\u0131\u011f\u0131 makalede, \u201cBu konuda s\u00fcreklilik olas\u0131\u201d yorumu yap\u0131ld\u0131.<\/p>\n<p>\u201cG\u00f6lge diplomat\u201d ba\u015fl\u0131\u011f\u0131yla haz\u0131rlanan yaz\u0131n\u0131n ikinci b\u00f6l\u00fcm\u00fcnde ise, \u201cYeni d\u0131\u015fi\u015fleri bakan\u0131 T\u00fcrklere ve uluslararas\u0131 arenada son d\u00f6nemde T\u00fcrklerle m\u00fczakere eden uluslararas\u0131 akt\u00f6rlere tan\u0131d\u0131k bir isim\u201d denildi. Suriye, Libya ve di\u011fer \u00fclkelerde Erdo\u011fan\u2019\u0131n d\u0131\u015f siyaset hamlelerinin g\u00f6lge diplomat\u0131 olarak tan\u0131mlanan Hakan Fidan i\u00e7in, \u201c2010\u2019dan beri M\u0130T\u2019in ba\u015f\u0131nda olan Fidan, son y\u0131llarda T\u00fcrkiye\u2019nin d\u0131\u015f politikalar\u0131n\u0131n kritik g\u00f6r\u00fc\u015fmelerinin ger\u00e7ekle\u015fti\u011fi her odada ve her m\u00fczakerede yer ald\u0131\u201d denildi.<\/p>\n<p>Fidan ile \u0130brahim Kal\u0131n\u2019\u0131n \u00fclkenin diplomasi ad\u0131mlar\u0131n\u0131n \u015fekillendirilmesinde birlikte \u00e7al\u0131\u015ft\u0131\u011f\u0131 da hat\u0131rlat\u0131l\u0131rken Ankara\u2019n\u0131n son d\u00f6nemde bir\u00e7ok \u00fclke ile kar\u015f\u0131 kar\u015f\u0131ya geldi\u011fine de vurgu yap\u0131ld\u0131. T\u00fcrkiye ile Arap \u00fclkeleri ve son d\u00f6nemde Ankara-\u015eam yak\u0131nla\u015fmas\u0131n\u0131n arkas\u0131ndaki itici g\u00fc\u00e7 oldu\u011fu da belirtilirken, \u201cG\u00f6lge diplomat \u015fimdi T\u00fcrkiye\u2019nin yurt d\u0131\u015f\u0131ndaki esas sesi olacak\u201d denildi.<\/p>\n<p><strong>YUMU\u015eAK SESL\u0130 \u0130\u00c7\u0130\u015eLER\u0130 BAKANI<\/strong><\/p>\n<p>CNN\u2019in dikkat \u00e7ekti\u011fi \u00fc\u00e7\u00fcnc\u00fc isim ise yeni i\u00e7i\u015fleri bakan\u0131 Ali Yerlikaya oldu\u2026 \u201cKendi tarz\u0131 olan sert adam imaj\u0131na sahip i\u00e7i\u015fleri bakan\u0131 S\u00fcleyman Soylu\u2019nun yerine getirilen Ali Yerlikaya, bir b\u00fcrokrat ve \u0130stanbul\u2019un eski valisi\u201d denilen haberde Yerlikaya\u2019n\u0131n \u00f6ncelikle odaklanaca\u011f\u0131 alanlar\u0131n 6 \u015eubat\u2019ta ya\u015fanan depremin etkiledi\u011fi b\u00f6lgeler olaca\u011f\u0131 aktar\u0131ld\u0131.<\/p>\n<p>Yerlikaya i\u00e7in, \u201c2018\u2019den beri \u0130stanbul\u2019u sessizce y\u00fcr\u00fcten yumu\u015fak tonda konu\u015fan Yerlikaya Soylu\u2019nun sert ve sald\u0131rgan tarz\u0131n\u0131n tam tersi. Yumu\u015fak bir ton, son y\u0131llarda T\u00fcrkiye\u2019yi etkisi alt\u0131na alm\u0131\u015f toplumsal b\u00f6l\u00fcnm\u00fc\u015fl\u00fc\u011fe iyi gelebilir\u201d yorumu yap\u0131ld\u0131.<\/p>\n<p><strong>\u201cSESLER\u0130 MUHALEFETTEK\u0130 VEK\u0130LLERDEN \u00c7OK \u00c7IKACAK\u201d<\/strong><\/p>\n<p>Eski bakanlar\u0131n da emekliye ayr\u0131lmad\u0131\u011f\u0131na dikkat \u00e7ekilirken, \u201cG\u00f6revini devreden eski kabine \u00fcyeleri emekli olmad\u0131. Soylu, Hulusi Akar ve Mevl\u00fct \u00c7avu\u015fo\u011flu, AKP\u2019den vekil oldu. Yeni d\u00f6nem i\u00e7in yemin ettiler ve partinin buradaki b\u00fcy\u00fck g\u00fcc\u00fcn\u00fc g\u00f6steriyorlar. Onlar\u0131n sesi muhalefetteki vekillerden daha y\u00fcksek \u00e7\u0131kacakt\u0131r\u201d denildi.<\/p>\n<p>Haberde, yeni kabinenin teknokratlardan olu\u015ftu\u011fu hat\u0131rlat\u0131l\u0131rken, \u201cErdo\u011fan k\u00f6klere d\u00f6n\u00fc\u015f yakla\u015f\u0131m\u0131n\u0131 benimseyebilir. Toplumsal kutupla\u015fman\u0131n t\u00fcm zamanlar\u0131n en y\u00fcksek seviyesinde oldu\u011fu, ekonomik krizin\u00a0 ya\u015fand\u0131\u011f\u0131 ve b\u00f6lgede zorluklar\u0131n oldu\u011fu bir d\u00f6nemde \u00f6nceki y\u0131llarda al\u0131nan baz\u0131 ekonomik yanl\u0131\u015flardan vazge\u00e7ilme potansiyeli var. Fakat g\u00fcn\u00fcn sonunda, Erdo\u011fan\u2019\u0131n ne istedi\u011fine ba\u011fl\u0131\u201d yorumu da yap\u0131ld\u0131.<\/p>\n","protected":false},"excerpt":{"rendered":"<p>T\u00fcrkiye&#8217;deki se\u00e7im atmosferini anbean aktaran yabanc\u0131 medya kurulu\u015flar\u0131 se\u00e7im sonras\u0131nda T\u00fcrk Liras\u0131&#8217;ndaki de\u011fer kayb\u0131n\u0131 analiz etmeye a\u011f\u0131rl\u0131k verirken ABD merkezli CNN International da Erdo\u011fan&#8217;\u0131n yeni kabinesini mercek alt\u0131na ald\u0131 ve 3 isme dikkat \u00e7ekti.<\/p>\n","protected":false},"author":1,"featured_media":95154,"comment_status":"closed","ping_status":"open","sticky":false,"template":"","format":"standard","meta":{"footnotes":""},"categories":[24],"tags":[2667,759,2878,15,160],"class_list":["post-95153","post","type-post","status-publish","format-standard","has-post-thumbnail","hentry","category-dunya","tag-dis","tag-donem","tag-kabine","tag-turkiye","tag-ulke"],"_links":{"self":[{"href":"https:\/\/haberulus.net\/index.php?rest_route=\/wp\/v2\/posts\/95153","targetHints":{"allow":["GET"]}}],"collection":[{"href":"https:\/\/haberulus.net\/index.php?rest_route=\/wp\/v2\/posts"}],"about":[{"href":"https:\/\/haberulus.net\/index.php?rest_route=\/wp\/v2\/types\/post"}],"author":[{"embeddable":true,"href":"https:\/\/haberulus.net\/index.php?rest_route=\/wp\/v2\/users\/1"}],"replies":[{"embeddable":true,"href":"https:\/\/haberulus.net\/index.php?rest_route=%2Fwp%2Fv2%2Fcomments&post=95153"}],"version-history":[{"count":1,"href":"https:\/\/haberulus.net\/index.php?rest_route=\/wp\/v2\/posts\/95153\/revisions"}],"predecessor-version":[{"id":95155,"href":"https:\/\/haberulus.net\/index.php?rest_route=\/wp\/v2\/posts\/95153\/revisions\/95155"}],"wp:featuredmedia":[{"embeddable":true,"href":"https:\/\/haberulus.net\/index.php?rest_route=\/wp\/v2\/media\/95154"}],"wp:attachment":[{"href":"https:\/\/haberulus.net\/index.php?rest_route=%2Fwp%2Fv2%2Fmedia&parent=95153"}],"wp:term":[{"taxonomy":"category","embeddable":true,"href":"https:\/\/haberulus.net\/index.php?rest_route=%2Fwp%2Fv2%2Fcategories&post=95153"},{"taxonomy":"post_tag","embeddable":true,"href":"https:\/\/haberulus.net\/index.php?rest_route=%2Fwp%2Fv2%2Ftags&post=95153"}],"curies":[{"name":"wp","href":"https:\/\/api.w.org\/{rel}","templated":true}]}}