{"id":95208,"date":"2023-06-08T11:05:36","date_gmt":"2023-06-08T11:05:36","guid":{"rendered":"https:\/\/haberulus.net\/?p=95208"},"modified":"2023-06-08T11:05:36","modified_gmt":"2023-06-08T11:05:36","slug":"netflixten-the-crownin-gelecegi-ile-ilgili-surpriz-karar","status":"publish","type":"post","link":"https:\/\/haberulus.net\/?p=95208","title":{"rendered":"Netflix\u2019ten The Crown\u2019\u0131n gelece\u011fi ile ilgili s\u00fcrpriz karar"},"content":{"rendered":"<p>Kas\u0131m 2016\u2019da yay\u0131nland\u0131\u011f\u0131ndan beri adeta bir fenomen haline gelen The Crown, alt\u0131nc\u0131 sezonuyla izleyicilerine veda etmeye haz\u0131rlan\u0131yor. Bu y\u0131l\u0131n sonunda son sezonunun yay\u0131nlanmas\u0131 planlanan dizinin yarat\u0131c\u0131lar\u0131, \u015fimdi yap\u0131m\u0131n gelece\u011fini yeniden kendi aralar\u0131nda tart\u0131\u015f\u0131yor gibi g\u00f6r\u00fcn\u00fcyorlar.<\/p>\n<p>Netflix\u2019in en \u00e7ok izlenen yap\u0131mlar\u0131ndan biri olan ve Kraliyet Ailesi\u2019ni, Krali\u00e7e Elizabeth\u2019i oda\u011f\u0131na alarak tahta \u00e7\u0131k\u0131\u015f\u0131ndan itibaren ekrana yans\u0131tan The Crown, alt\u0131nc\u0131 ve son sezonuyla final yapmaya haz\u0131rlan\u0131yor.<\/p>\n<p>Ancak yeni bir habere g\u00f6re bu y\u0131l\u0131n sonunda final sezonunun yay\u0131nlanmas\u0131ndan sonra The Crown\u2019\u0131n film olarak devam etmesi konu\u015fuluyor.<\/p>\n<p><img decoding=\"async\" src=\"https:\/\/i01.sozcucdn.com\/wp-content\/uploads\/2023\/06\/08\/crown-3.jpg\" alt=\"\" title=\"\"><\/p>\n<p>Ge\u00e7ti\u011fimiz g\u00fcnlerde de Netflix \u00e7al\u0131\u015fanlar\u0131, sevilen dizinin, yeni bir dizi ile devam edebilece\u011fini bas\u0131na s\u0131zd\u0131rm\u0131\u015ft\u0131.<\/p>\n<p>Netflix ise \u015fimdiye kadar bu sonbaharda yay\u0131nlanmas\u0131 beklenen alt\u0131nc\u0131 sezonun son sezon olaca\u011f\u0131 konusunda \u0131srar ediyordu. Ancak son sezonun \u00e7ekimlerini kutlamak i\u00e7in d\u00fczenlenen bir partide, yap\u0131mc\u0131lar fazladan bir dizinin daha olabilece\u011fini a\u00e7\u0131klad\u0131. Y\u00f6neticilerden biri, \u201cGelecek y\u0131la kadar bekleyin, belki \u00fcretime ge\u00e7eriz\u201d bile dedi.<\/p>\n<p><img decoding=\"async\" src=\"https:\/\/i01.sozcucdn.com\/wp-content\/uploads\/2023\/06\/08\/crown-1.jpg\" alt=\"\" title=\"\"><\/p>\n<p>1947\u2019de Prens Philip ile yapt\u0131\u011f\u0131 d\u00fc\u011f\u00fcnden bu yana merhum Krali\u00e7e\u2019nin hayat\u0131n\u0131 anlatan y\u00fcksek b\u00fct\u00e7eli dizi ile Kraliyet Ailesi\u2019nin ya\u015fad\u0131klar\u0131 ayr\u0131ca tart\u0131\u015fma konusu haline gelmi\u015fti. Yedinci bir sezon olmas\u0131 halinde Kral Charles\u2019\u0131n tahta \u00e7\u0131k\u0131\u015f\u0131 konu al\u0131nabilir ve bu da daha fazla sansasyon yaratabilir.<\/p>\n<p><img decoding=\"async\" src=\"https:\/\/i01.sozcucdn.com\/wp-content\/uploads\/2023\/06\/08\/depophotos_15610192.jpg\" alt=\"\" title=\"\"><\/p>\n<p>Dizinin devam\u0131yla ilgili bir di\u011fer olas\u0131l\u0131k da Krali\u00e7e\u2019nin \u00e7ocuklu\u011funa ve gen\u00e7lik y\u0131llar\u0131na odaklanan bir spinoff\u2026<\/p>\n<p>Dizinin hayranlar\u0131ndan ve ekibinden yap\u0131m\u0131n devam etmesini isteyenler Downton Abbey\u2019i de \u00f6rnek g\u00f6steriyor. Efsane diziler aras\u0131na \u015fimdiden giren Downton Abbey, 52 b\u00f6l\u00fcm\u00fcn ard\u0131ndan iki filmle devam etmi\u015fti.<\/p>\n","protected":false},"excerpt":{"rendered":"<p>Alt\u0131nc\u0131 sezonuyla izleyicilerine veda etmeye haz\u0131rlanan Netflix&#8217;in pop\u00fcler dizisi The Crown i\u00e7in s\u00fcrpriz bir karar s\u00f6z konusu olabilir.<\/p>\n","protected":false},"author":1,"featured_media":95209,"comment_status":"closed","ping_status":"open","sticky":false,"template":"","format":"standard","meta":{"footnotes":""},"categories":[27],"tags":[1066,5476,201],"class_list":["post-95208","post","type-post","status-publish","format-standard","has-post-thumbnail","hentry","category-kultur-sanat","tag-dizinin","tag-kral","tag-sezon"],"_links":{"self":[{"href":"https:\/\/haberulus.net\/index.php?rest_route=\/wp\/v2\/posts\/95208","targetHints":{"allow":["GET"]}}],"collection":[{"href":"https:\/\/haberulus.net\/index.php?rest_route=\/wp\/v2\/posts"}],"about":[{"href":"https:\/\/haberulus.net\/index.php?rest_route=\/wp\/v2\/types\/post"}],"author":[{"embeddable":true,"href":"https:\/\/haberulus.net\/index.php?rest_route=\/wp\/v2\/users\/1"}],"replies":[{"embeddable":true,"href":"https:\/\/haberulus.net\/index.php?rest_route=%2Fwp%2Fv2%2Fcomments&post=95208"}],"version-history":[{"count":1,"href":"https:\/\/haberulus.net\/index.php?rest_route=\/wp\/v2\/posts\/95208\/revisions"}],"predecessor-version":[{"id":95210,"href":"https:\/\/haberulus.net\/index.php?rest_route=\/wp\/v2\/posts\/95208\/revisions\/95210"}],"wp:featuredmedia":[{"embeddable":true,"href":"https:\/\/haberulus.net\/index.php?rest_route=\/wp\/v2\/media\/95209"}],"wp:attachment":[{"href":"https:\/\/haberulus.net\/index.php?rest_route=%2Fwp%2Fv2%2Fmedia&parent=95208"}],"wp:term":[{"taxonomy":"category","embeddable":true,"href":"https:\/\/haberulus.net\/index.php?rest_route=%2Fwp%2Fv2%2Fcategories&post=95208"},{"taxonomy":"post_tag","embeddable":true,"href":"https:\/\/haberulus.net\/index.php?rest_route=%2Fwp%2Fv2%2Ftags&post=95208"}],"curies":[{"name":"wp","href":"https:\/\/api.w.org\/{rel}","templated":true}]}}