{"id":95211,"date":"2023-06-08T11:05:37","date_gmt":"2023-06-08T11:05:37","guid":{"rendered":"https:\/\/haberulus.net\/?p=95211"},"modified":"2023-06-08T11:05:37","modified_gmt":"2023-06-08T11:05:37","slug":"uluslararasi-altin-safran-belgesel-film-festivali-basladi","status":"publish","type":"post","link":"https:\/\/haberulus.net\/?p=95211","title":{"rendered":"Uluslararas\u0131 Alt\u0131n Safran Belgesel Film Festivali ba\u015flad\u0131"},"content":{"rendered":"<p>\u2018K\u00fclt\u00fcrel Miras ve Korumac\u0131l\u0131k\u2019 temas\u0131yla d\u00fczenlenen festival kapsam\u0131nda, Misak-\u0131 Milli Demokrasi Meydan\u0131\u2019ndaki Atat\u00fcrk An\u0131t\u0131\u2019na, Safranbolu Belediye Ba\u015fkan\u0131 Elif K\u00f6se taraf\u0131ndan \u00e7elenk sunuldu.<\/p>\n<p>Daha sonra Safranbolu Belediyesi Sosyal Tesisi\u2019nde d\u00fczenlenen toplant\u0131da K\u00f6se, festivalin ana temas\u0131n\u0131n belgesel \u00fczerine oldu\u011funu s\u00f6yledi.<\/p>\n<p>Festivalin zengin bir i\u00e7eri\u011fe sahip oldu\u011funu belirten K\u00f6se, \u201cBu festivali 24 y\u0131ld\u0131r kesintisiz s\u00fcrd\u00fcren \u00f6nceki belediye ba\u015fkanlar\u0131na ve festival komitelerine \u00e7ok te\u015fekk\u00fcr ediyorum. Ayn\u0131 zamanda bu seneki festivalimizin i\u00e7eri\u011fini haz\u0131rlayan festival ve icra komitemize ve \u00fcniversitemizdeki hocalar\u0131m\u0131za \u015f\u00fckranlar\u0131m\u0131 sunuyorum\u201d dedi.<\/p>\n<p>K\u00f6se, kentin tan\u0131t\u0131m\u0131 ve b\u00f6lge halk\u0131 i\u00e7in g\u00fczel bir festival haz\u0131rlad\u0131klar\u0131n\u0131 ifade ederek, \u201cHer ge\u00e7en sene festivalimizin, ad\u0131na yak\u0131\u015f\u0131r bir \u015fekilde daha fazla k\u00fclt\u00fcr ve sanat etkinliklerinin oldu\u011fu, belgesele yak\u0131\u015f\u0131r bir festival olmas\u0131na dikkat ediyoruz. \u0130\u00e7eri\u011fimizi de ona g\u00f6re haz\u0131rl\u0131yoruz\u201d diye konu\u015ftu.<\/p>\n<p>Festival kapsam\u0131nda d\u00fczenlenen yar\u0131\u015fmalara, 102 \u00fclkeden 1478 film ba\u015fvurusu yap\u0131ld\u0131. (AA)<\/p>\n","protected":false},"excerpt":{"rendered":"<p>Karab\u00fck&#8217;\u00fcn UNESCO D\u00fcnya Miras\u0131 Listesi&#8217;ndeki Safranbolu il\u00e7esinde d\u00fczenlenen 24. Uluslararas\u0131 Alt\u0131n Safran Belgesel Film Festivali ba\u015flad\u0131.<\/p>\n","protected":false},"author":1,"featured_media":95212,"comment_status":"closed","ping_status":"open","sticky":false,"template":"","format":"standard","meta":{"footnotes":""},"categories":[27],"tags":[231],"class_list":["post-95211","post","type-post","status-publish","format-standard","has-post-thumbnail","hentry","category-kultur-sanat","tag-festival"],"_links":{"self":[{"href":"https:\/\/haberulus.net\/index.php?rest_route=\/wp\/v2\/posts\/95211","targetHints":{"allow":["GET"]}}],"collection":[{"href":"https:\/\/haberulus.net\/index.php?rest_route=\/wp\/v2\/posts"}],"about":[{"href":"https:\/\/haberulus.net\/index.php?rest_route=\/wp\/v2\/types\/post"}],"author":[{"embeddable":true,"href":"https:\/\/haberulus.net\/index.php?rest_route=\/wp\/v2\/users\/1"}],"replies":[{"embeddable":true,"href":"https:\/\/haberulus.net\/index.php?rest_route=%2Fwp%2Fv2%2Fcomments&post=95211"}],"version-history":[{"count":1,"href":"https:\/\/haberulus.net\/index.php?rest_route=\/wp\/v2\/posts\/95211\/revisions"}],"predecessor-version":[{"id":95213,"href":"https:\/\/haberulus.net\/index.php?rest_route=\/wp\/v2\/posts\/95211\/revisions\/95213"}],"wp:featuredmedia":[{"embeddable":true,"href":"https:\/\/haberulus.net\/index.php?rest_route=\/wp\/v2\/media\/95212"}],"wp:attachment":[{"href":"https:\/\/haberulus.net\/index.php?rest_route=%2Fwp%2Fv2%2Fmedia&parent=95211"}],"wp:term":[{"taxonomy":"category","embeddable":true,"href":"https:\/\/haberulus.net\/index.php?rest_route=%2Fwp%2Fv2%2Fcategories&post=95211"},{"taxonomy":"post_tag","embeddable":true,"href":"https:\/\/haberulus.net\/index.php?rest_route=%2Fwp%2Fv2%2Ftags&post=95211"}],"curies":[{"name":"wp","href":"https:\/\/api.w.org\/{rel}","templated":true}]}}