{"id":95321,"date":"2023-06-08T12:51:04","date_gmt":"2023-06-08T12:51:04","guid":{"rendered":"https:\/\/haberulus.net\/?p=95321"},"modified":"2023-06-08T12:51:04","modified_gmt":"2023-06-08T12:51:04","slug":"orda-bir-koy-var-uzakta-sarkisiyla-taninan-yildiz-tezcana-veda","status":"publish","type":"post","link":"https:\/\/haberulus.net\/?p=95321","title":{"rendered":"\u2018Orda Bir K\u00f6y Var Uzakta\u2019 \u015fark\u0131s\u0131yla tan\u0131nan Y\u0131ld\u0131z Tezcan\u2019a veda\u2026"},"content":{"rendered":"<p>Oyuncu ve \u015fark\u0131c\u0131 Y\u0131ld\u0131z Tezcan Yalova\u2019da bir s\u00fcredir tedavi g\u00f6rd\u00fc\u011f\u00fc hastanede d\u00fcn hayat\u0131n\u0131 kaybetti.<\/p>\n<p>78 ya\u015f\u0131nda hayata veda eden Tezcan i\u00e7in bug\u00fcn \u00f6\u011flen vakti Zincirlikuyu Camii\u2019nde cenaze t\u00f6reni d\u00fczenlendi. T\u00f6rene Tezcan\u2019\u0131n ailesi ve sevenleri kat\u0131ld\u0131.<\/p>\n<p>K\u0131l\u0131nan cenaze namaz\u0131n\u0131n ard\u0131ndan Tezcan, Zincirlikuyu Mezarl\u0131\u011f\u0131na defnedildi.<\/p>\n<p><img decoding=\"async\" src=\"https:\/\/i01.sozcucdn.com\/wp-content\/uploads\/2023\/06\/08\/tezcan1.1_23163183.jpg\" alt=\"\" title=\"\"><\/p>\n<p><strong>\u2018ORDA B\u0130R K\u00d6Y VAR UZAKTA\u2019 \u015eARKISINI YORUMLAMI\u015eTI<\/strong><\/p>\n<p>T\u00fcrkiye\u2019nin ilk maky\u00f6zlerinden Cemal Konca\u2019n\u0131n k\u0131z\u0131 Y\u0131ld\u0131z Tezcan, 15 Mart 1945\u2019te \u0130stanbul\u2019da do\u011fdu.<\/p>\n<p>Hen\u00fcz 9 ya\u015f\u0131nda m\u00fczik hayat\u0131na ba\u015flayan sanat\u00e7\u0131, ortaokul ikinci s\u0131n\u0131fta okuldan ayr\u0131ld\u0131.<\/p>\n<p>Tezcan, \u00e7ocukken okudu\u011fu ilk pla\u011f\u0131na \u2018Orda Bir K\u00f6y Var Uzakta\u2019 adl\u0131 \u00e7ocuk \u015fark\u0131s\u0131n\u0131 yorumlad\u0131, ayn\u0131 d\u00f6nem \u00e7ocuk korosunda yer ald\u0131.<\/p>\n<p><img decoding=\"async\" src=\"https:\/\/i01.sozcucdn.com\/wp-content\/uploads\/2023\/06\/08\/tezcan3.1_23163180.jpg\" alt=\"\" title=\"\"><\/p>\n<p>Grafson Plak \u015firketiyle 1963\u2019te anla\u015fma imzalayarak 11 pla\u011fa imza atan sanat\u00e7\u0131, ard\u0131ndan d\u00f6nemin \u00fcnl\u00fc plak \u015firketi Odeon\u2019la anla\u015farak 100 adet 45\u2019lik plak yapt\u0131.<\/p>\n<p>Tezcan\u2019\u0131n \u2018Esmerim\u2019, \u2018Hele Dada\u015f\u2019, \u2018Vur Sineme \u00d6ld\u00fcr Beni\u2019, \u2018Erzurum Da\u011flar\u0131\u2019, \u2018Aman D\u00fcnya Ne Dar \u0130mi\u015f\u2019, \u2018M\u00fch\u00fcr G\u00f6zl\u00fcm\u2019 ve \u2018Hastahane \u00d6n\u00fc \u0130ncir A\u011fac\u0131\u2019 gibi eserleri seslendirdi\u011fi ilk plaklar\u0131 b\u00fcy\u00fck ilgi g\u00f6rd\u00fc.<\/p>\n<p>Bir\u00e7ok pla\u011f\u0131nda Arif Sa\u011f ve Orhan Gencebay ile \u00e7al\u0131\u015fan sanat\u00e7\u0131, \u0130stanbul ve Ankara Radyosu s\u0131navlar\u0131n\u0131 kazanarak 4 y\u0131l radyoda \u00e7al\u0131\u015ft\u0131. Sanat\u00e7\u0131, kariyeri boyunca T\u00fcrkiye ve Almanya\u2018da 200\u2019\u00fcn \u00fczerinde plak yay\u0131nlad\u0131.<\/p>\n<p><img decoding=\"async\" src=\"https:\/\/i01.sozcucdn.com\/wp-content\/uploads\/2023\/06\/08\/tezcan2.1_23163182.jpg\" alt=\"\" title=\"\"><\/p>\n<p>M\u00fczik hayat\u0131ndaki y\u00fckseli\u015fi ile sinema yap\u0131mc\u0131lar\u0131n\u0131n da dikkatini \u00e7eken sanat\u00e7\u0131, 1960\u2019l\u0131 y\u0131llarda sinemaya ad\u0131m att\u0131.<\/p>\n<p>Y\u0131ld\u0131z Tezcan, 1965\u2019te \u00dcmit Utku\u2018nun \u00e7ekti\u011fi ilk filmi \u201cG\u00f6n\u00fcl Ku\u015fum\u201dda ba\u015frolleri Y\u0131lmaz G\u00fcney ile payla\u015ft\u0131.<\/p>\n<p>\u201cEzom-Bir Dost Bulamad\u0131m\u201d adl\u0131 f1973 yap\u0131m\u0131 filmde de rol alan sanat\u00e7\u0131, Ayta\u00e7 Arman ve Yusuf Sezgin ile ba\u015frol oynad\u0131.<\/p>\n<p>\u201cA\u015fk\u0131n G\u00f6zya\u015flar\u0131\u201d, \u201cBerdu\u015f Y\u0131ld\u0131z\u201d, \u201cYayla Kartal\u0131\u201d, \u201cKald\u0131r\u0131m Mele\u011fi\u201d, \u201cK\u0131r\u0131k Saz\u201d, \u201cM\u00fch\u00fcr G\u00f6zl\u00fcm\u201d ve \u201cEzom\u201d gibi b\u00fcy\u00fck ilgi g\u00f6ren bir\u00e7ok filmde rol alan Tezcan, 1975\u2019e kadar 45 filmde yer ald\u0131. (DHA-AA)<\/p>\n","protected":false},"excerpt":{"rendered":"<p>Yalova&#8217;da tedavi g\u00f6rd\u00fc\u011f\u00fc hastanede hayat\u0131n\u0131 kaybeden oyuncu ve \u015fark\u0131c\u0131 Y\u0131ld\u0131z Tezcan (78) Zincirlikuyu Camii&#8217;nde k\u0131l\u0131nan cenaze namaz\u0131n\u0131n ard\u0131ndan son yolculu\u011funa u\u011furland\u0131.<\/p>\n","protected":false},"author":1,"featured_media":95322,"comment_status":"closed","ping_status":"open","sticky":false,"template":"","format":"standard","meta":{"footnotes":""},"categories":[27],"tags":[12180,3872,12214],"class_list":["post-95321","post","type-post","status-publish","format-standard","has-post-thumbnail","hentry","category-kultur-sanat","tag-plak","tag-sanatci","tag-tezcan"],"_links":{"self":[{"href":"https:\/\/haberulus.net\/index.php?rest_route=\/wp\/v2\/posts\/95321","targetHints":{"allow":["GET"]}}],"collection":[{"href":"https:\/\/haberulus.net\/index.php?rest_route=\/wp\/v2\/posts"}],"about":[{"href":"https:\/\/haberulus.net\/index.php?rest_route=\/wp\/v2\/types\/post"}],"author":[{"embeddable":true,"href":"https:\/\/haberulus.net\/index.php?rest_route=\/wp\/v2\/users\/1"}],"replies":[{"embeddable":true,"href":"https:\/\/haberulus.net\/index.php?rest_route=%2Fwp%2Fv2%2Fcomments&post=95321"}],"version-history":[{"count":1,"href":"https:\/\/haberulus.net\/index.php?rest_route=\/wp\/v2\/posts\/95321\/revisions"}],"predecessor-version":[{"id":95323,"href":"https:\/\/haberulus.net\/index.php?rest_route=\/wp\/v2\/posts\/95321\/revisions\/95323"}],"wp:featuredmedia":[{"embeddable":true,"href":"https:\/\/haberulus.net\/index.php?rest_route=\/wp\/v2\/media\/95322"}],"wp:attachment":[{"href":"https:\/\/haberulus.net\/index.php?rest_route=%2Fwp%2Fv2%2Fmedia&parent=95321"}],"wp:term":[{"taxonomy":"category","embeddable":true,"href":"https:\/\/haberulus.net\/index.php?rest_route=%2Fwp%2Fv2%2Fcategories&post=95321"},{"taxonomy":"post_tag","embeddable":true,"href":"https:\/\/haberulus.net\/index.php?rest_route=%2Fwp%2Fv2%2Ftags&post=95321"}],"curies":[{"name":"wp","href":"https:\/\/api.w.org\/{rel}","templated":true}]}}