{"id":95330,"date":"2023-06-08T13:07:05","date_gmt":"2023-06-08T13:07:05","guid":{"rendered":"https:\/\/haberulus.net\/?p=95330"},"modified":"2023-06-08T13:07:05","modified_gmt":"2023-06-08T13:07:05","slug":"tlde-deger-kaybi-ne-anlama-geliyor-ekonomist-oguz-oyan-anlatti","status":"publish","type":"post","link":"https:\/\/haberulus.net\/?p=95330","title":{"rendered":"TL\u2019de de\u011fer kayb\u0131 ne anlama geliyor? Ekonomist O\u011fuz Oyan anlatt\u0131"},"content":{"rendered":"<p>Ekonomist Prof. Dr. O\u011fuz Oyan S\u00d6ZC\u00dc Televizyonunda Can Co\u015fkun\u2019un sundu\u011fu G\u00fcndem Masas\u0131\u2019na konuk oldu.<\/p>\n<p>Oyan, T\u00fcrk liras\u0131nda son g\u00fcnlerde ya\u015fanan sert de\u011fer kayb\u0131n\u0131 t\u00fcm ba\u015fl\u0131klar\u0131yla de\u011ferlendirdi.\u00a0Oyan, kurdaki art\u0131\u015f\u0131n enflasyona, b\u00fct\u00e7eye ve reel sekt\u00f6re olan etkisini anlatt\u0131.<\/p>\n<p><b>ENFLASYONA ETK\u0130S\u0130<\/b><\/p>\n<p>Oyan\u2019\u0131n de\u011ferlendirmesinin sat\u0131rba\u015flar\u0131 \u015f\u00f6yle oldu:<\/p>\n<p>\u201c(TL\u2019deki de\u011fer kayb\u0131) Enflasyonu do\u011frudan etkiliyor. T\u00fcrkiye ithalat\u00e7\u0131 bir \u00fclke ve \u00e7ok ciddi bir d\u0131\u015f ticaret a\u00e7\u0131\u011f\u0131 veriyor. Liran\u0131n de\u011fer kaybedi\u015fi, d\u0131\u015far\u0131dan ithal etti\u011fimiz mallar\u0131n daha pahal\u0131 olarak gelmesine yol a\u00e7\u0131yor.<\/p>\n<p>Bu da b\u00fct\u00fcn mal ve hizmet piyasas\u0131na yans\u0131yor. Bu durum, b\u00fct\u00fcn herkesi etkiler. B\u00fct\u00e7eyi de etkiler, \u015firketleri de etkiler. Ama \u00f6zellikle hanehalk\u0131n\u0131 etkiler. \u015eirketler bu t\u00fcr y\u00fckleri \u00fczerinde tutmaz, direkt \u00fcr\u00fcn fiyatlar\u0131na yans\u0131t\u0131rlar.<\/p>\n<p><b>DI\u015e BOR\u00c7 Y\u00dcK\u00dc<\/b><\/p>\n<p>T\u00fcrkiye 450 milyar dolar d\u0131\u015f bor\u00e7 stoku olan bir \u00fclke. TL\u2019nin dolar veya Euro kar\u015f\u0131s\u0131ndaki her 1 liral\u0131k kayb\u0131 450 milyar TL\u2019lik bir y\u00fck getiriyor. Son iki g\u00fcnde kur 2 lira artt\u0131. B\u00f6ylece T\u00fcrkiye\u2019nin \u00fczerine 900 milyar TL\u2019lik bir y\u00fck bindi.<\/p>\n<p>Se\u00e7im sonras\u0131nda ise 1,5 trilyon TL\u2019lik bir y\u00fck oldu\u011fu s\u00f6ylenebilir. Bu \u00e7ok ciddi bir rakam. B\u00fct\u00e7enin yakla\u015f\u0131k \u00fc\u00e7te biri. Bu y\u00fck\u00fc devlet vatanda\u015flardan \u00e7\u0131kartacak.<\/p>\n<p>A\u00e7\u0131k pozisyonda olan \u015firketler a\u00e7\u0131s\u0131ndan da kur art\u0131\u015f\u0131 ciddi bir sorun olu\u015fturabilir. D\u00f6viz borcu kadar d\u00f6viz varl\u0131\u011f\u0131 ya da geliri yoksa kur art\u0131\u015flar\u0131 bu \u015firketlerin \u00fcst\u00fcne ciddi bir y\u00fck olarak biner ve baz\u0131 \u015firketler batabilir. 2000\u2019li y\u0131llarda baz\u0131 bankalar bu y\u00fczden batt\u0131.\u201d<\/p>\n<p><b>\u015e\u0130M\u015eEK Y\u00d6NET\u0130M\u0130 NASIL B\u0130R MODEL \u0130ZLEYECEK?<\/b><\/p>\n<p>Oyan ayr\u0131ca Hazine ve Maliye Bakan\u0131 Mehmet \u015eim\u015fek\u2019in yeni y\u00f6netimi hakk\u0131nda da de\u011ferlendirmelerde bulundu. Oyan, \u015eim\u015fek\u2019in yerel se\u00e7imler nedeniyle ekonomiyi fazla s\u0131kamayaca\u011f\u0131n\u0131 ve melez bir politika uygulama ihtimalinin y\u00fcksek oldu\u011funu belirtti.<\/p>\n<p>Oyan, \u201cFaizlerin artmas\u0131 demek, b\u00fcy\u00fcmenin ve istihdam\u0131n yava\u015flamas\u0131 anlam\u0131na gelir. Bu nedenle ekonomiyi fazla s\u0131kamazlar. \u00c7\u00fcnk\u00fc 10 ay sonra se\u00e7im var. Mehmet \u015eim\u015fek b\u00fcy\u00fck olas\u0131l\u0131kla daha melez bir politika uygulayacak\u201d dedi.<\/p>\n<p>\u201c\u015eim\u015fek ortodoks politikalara ge\u00e7i\u015f yapacak ama ekonomiyi \u00e7ok fazla da s\u0131kmamak \u00fczerinden bu politikalar\u0131 g\u00f6t\u00fcrecek\u201d diyen Oyan, \u201c\u015eim\u015fek bu bak\u0131mdan net politikalara y\u00f6nelmeyebilir\u201d de\u011ferlendirmesinde bulundu.<\/p>\n<p><b>FA\u0130ZLER NE ZAMAN ARTIRILACAK?<\/b><\/p>\n<p>Oyan ayr\u0131ca ekonomi y\u00f6netiminin TL\u2019nin reel de\u011ferine gelmesini bekledi\u011fini ve faiz art\u0131\u015flar\u0131n\u0131 bu seviyelerde yapabilece\u011fini belirtti.<\/p>\n<p>Oyan, \u201cTL\u2019nin de\u011fer kayb\u0131 enflasyonun alt\u0131nda kald\u0131. Kurun dengeye gelmesi i\u00e7in 24-25\u2019lere gelmesi gerekti\u011fi s\u00f6yleniyor. \u015eim\u015fek de b\u00fcy\u00fck ihtimalle b\u00f6yle bak\u0131yor. TL\u2019nin dengeye gelmesinden sonra faiz art\u0131ral\u0131m diye zaman kolluyor\u201d dedi.<\/p>\n","protected":false},"excerpt":{"rendered":"<p>Ekonomist O\u011fuz Oyan, T\u00fcrk liras\u0131nda son g\u00fcnlerde ya\u015fanan sert de\u011fer kayb\u0131n\u0131n enflasyona, b\u00fct\u00e7eye ve reel sekt\u00f6re olan etkisini de\u011ferlendirdi. Oyan ayr\u0131ca Mehmet \u015eim\u015fek d\u00f6neminde ekonomi y\u00f6netiminin nas\u0131l bir politika izleyece\u011fini anlatt\u0131.<\/p>\n","protected":false},"author":1,"featured_media":95331,"comment_status":"closed","ping_status":"open","sticky":false,"template":"","format":"standard","meta":{"footnotes":""},"categories":[25],"tags":[516,12215,2121,616,589],"class_list":["post-95330","post","type-post","status-publish","format-standard","has-post-thumbnail","hentry","category-ekonomi","tag-ekonomi","tag-gelmesi","tag-politika","tag-simsek","tag-yuk"],"_links":{"self":[{"href":"https:\/\/haberulus.net\/index.php?rest_route=\/wp\/v2\/posts\/95330","targetHints":{"allow":["GET"]}}],"collection":[{"href":"https:\/\/haberulus.net\/index.php?rest_route=\/wp\/v2\/posts"}],"about":[{"href":"https:\/\/haberulus.net\/index.php?rest_route=\/wp\/v2\/types\/post"}],"author":[{"embeddable":true,"href":"https:\/\/haberulus.net\/index.php?rest_route=\/wp\/v2\/users\/1"}],"replies":[{"embeddable":true,"href":"https:\/\/haberulus.net\/index.php?rest_route=%2Fwp%2Fv2%2Fcomments&post=95330"}],"version-history":[{"count":1,"href":"https:\/\/haberulus.net\/index.php?rest_route=\/wp\/v2\/posts\/95330\/revisions"}],"predecessor-version":[{"id":95332,"href":"https:\/\/haberulus.net\/index.php?rest_route=\/wp\/v2\/posts\/95330\/revisions\/95332"}],"wp:featuredmedia":[{"embeddable":true,"href":"https:\/\/haberulus.net\/index.php?rest_route=\/wp\/v2\/media\/95331"}],"wp:attachment":[{"href":"https:\/\/haberulus.net\/index.php?rest_route=%2Fwp%2Fv2%2Fmedia&parent=95330"}],"wp:term":[{"taxonomy":"category","embeddable":true,"href":"https:\/\/haberulus.net\/index.php?rest_route=%2Fwp%2Fv2%2Fcategories&post=95330"},{"taxonomy":"post_tag","embeddable":true,"href":"https:\/\/haberulus.net\/index.php?rest_route=%2Fwp%2Fv2%2Ftags&post=95330"}],"curies":[{"name":"wp","href":"https:\/\/api.w.org\/{rel}","templated":true}]}}