{"id":95443,"date":"2023-06-08T15:51:02","date_gmt":"2023-06-08T15:51:02","guid":{"rendered":"https:\/\/haberulus.net\/?p=95443"},"modified":"2023-06-08T15:51:02","modified_gmt":"2023-06-08T15:51:02","slug":"avrupa-konseyi-yunanistani-uyardi","status":"publish","type":"post","link":"https:\/\/haberulus.net\/?p=95443","title":{"rendered":"Avrupa Konseyi, Yunanistan\u2019\u0131 uyard\u0131"},"content":{"rendered":"<p>Komiteden yap\u0131lan a\u00e7\u0131klamada, Bat\u0131 Trakya T\u00fcrk az\u0131nl\u0131\u011f\u0131na ili\u015fkin Avrupa \u0130nsan Haklar\u0131 Mahkemesinin (A\u0130HM) kararlar\u0131n\u0131n uygulanmas\u0131 ve \u00f6rg\u00fctlenme \u00f6zg\u00fcrl\u00fc\u011f\u00fcyle ilgili davalar\u0131n derhal karara ba\u011flanmas\u0131 konusunda Yunanistan y\u00f6netimini bir kez daha uyard\u0131\u011f\u0131 belirtildi.<\/p>\n<p>A\u00e7\u0131klamada, A\u0130HM kararlar\u0131n\u0131 denetlemek \u00fczere Fransa&#8217;n\u0131n Strazburg kentinde 5-7 Haziran tarihleri aras\u0131nda ger\u00e7ekle\u015ftirilen toplant\u0131da, Bat\u0131 Trakya T\u00fcrk toplumuna ait \u0130ske\u00e7e T\u00fcrk Birli\u011fi (\u0130TB), Rodop \u0130li T\u00fcrk Kad\u0131nlar\u0131 K\u00fclt\u00fcr Derne\u011fi ile Meri\u00e7 Az\u0131nl\u0131k Gen\u00e7lik Derne\u011fiyle ilgili \u201cBekir Usta davalar\u0131n\u0131n\u201d yeniden incelendi\u011fi kaydedildi.<\/p>\n<p>Yunan makamlar\u0131n\u0131n Yunanistan&#8217;\u0131n Bat\u0131 Trakya T\u00fcrk az\u0131nl\u0131\u011f\u0131na kar\u015f\u0131 mahkum edildi\u011fi davalarda al\u0131nan kararlar\u0131 uygulamad\u0131\u011f\u0131 belirtilen a\u00e7\u0131klamada, Yunanistan&#8217;\u0131n \u0130nsan Haklar\u0131 S\u00f6zle\u015fmesi\u2019nin \u00f6rg\u00fctlenme \u00f6zg\u00fcrl\u00fc\u011f\u00fcyle ilgili 11. maddesini ihlal etti\u011fi vurguland\u0131.<\/p>\n<p>A\u00e7\u0131klamada, \u201cBekir Usta ve Di\u011ferleri Dava Grubu\u201d ile ilgili geli\u015fmelerin Komite&#8217;nin Aral\u0131k 2023&#8217;te ger\u00e7ekle\u015ftirilecek toplant\u0131s\u0131nda yeniden incelenmeye al\u0131nmas\u0131n\u0131n kararla\u015ft\u0131r\u0131ld\u0131\u011f\u0131 da aktar\u0131ld\u0131.<\/p>\n<p><strong>NELER YA\u015eANMI\u015eTI?<\/strong><\/p>\n<p>Avrupa Konseyi Bakanlar Komitesi, daha \u00f6nce de Bat\u0131 Trakya\u2019da T\u00fcrk dernekleri ile ilgili a\u00e7\u0131lan davalarda haks\u0131z bulunan Yunanistan\u2019a A\u0130HM kararlar\u0131n\u0131 uygulama \u00e7a\u011fr\u0131s\u0131nda bulunmu\u015ftu.<\/p>\n<p>Yunanistan\u2019\u0131n, Bat\u0131 Trakya T\u00fcrk az\u0131nl\u0131\u011f\u0131nca Avrupa \u0130nsan Haklar\u0131 Mahkemesine ba\u015fvurulan davalarda mahkum edildi\u011fi kararlar\u0131 15 y\u0131ld\u0131r uygulamamas\u0131 az\u0131nl\u0131k temsilcileri taraf\u0131ndan da tepkilere neden oluyor.<\/p>\n<p>Yunanistan, Bat\u0131 Trakya\u2019daki T\u00fcrk az\u0131nl\u0131k taraf\u0131ndan kurulan baz\u0131 dernekleri, T\u00fcrklerin etnik az\u0131nl\u0131k oldu\u011fu g\u00f6r\u00fc\u015f\u00fcn\u00fc savunmak amac\u0131yla kuruldu\u011fu iddias\u0131yla faaliyetlerine izin vermemi\u015f ve kapatm\u0131\u015ft\u0131.<\/p>\n<p>A\u0130HM ise Yunanistan\u2019\u0131n Avrupa \u0130nsan Haklar\u0131 S\u00f6zle\u015fmesi\u2019nin toplanma ve \u00f6rg\u00fctlenme \u00f6zg\u00fcrl\u00fc\u011f\u00fcne ili\u015fkin 11\u2019inci maddesini ihlal etti\u011fine h\u00fckmetmi\u015fti. (AA)<\/p>\n","protected":false},"excerpt":{"rendered":"<p>Avrupa Konseyi Bakanlar Komitesi, Bat\u0131 Trakya T\u00fcrk toplumunun \u00f6rg\u00fctlenme \u00f6zg\u00fcrl\u00fc\u011f\u00fcyle ilgili davalar\u0131n derhal karara ba\u011flanmas\u0131 \u00e7a\u011fr\u0131s\u0131nda bulundu.<\/p>\n","protected":false},"author":1,"featured_media":95444,"comment_status":"closed","ping_status":"open","sticky":false,"template":"","format":"standard","meta":{"footnotes":""},"categories":[24],"tags":[5952,775,6390,87,656],"class_list":["post-95443","post","type-post","status-publish","format-standard","has-post-thumbnail","hentry","category-dunya","tag-bati-trakya","tag-dava","tag-kararlari","tag-turk","tag-yunanistan"],"_links":{"self":[{"href":"https:\/\/haberulus.net\/index.php?rest_route=\/wp\/v2\/posts\/95443","targetHints":{"allow":["GET"]}}],"collection":[{"href":"https:\/\/haberulus.net\/index.php?rest_route=\/wp\/v2\/posts"}],"about":[{"href":"https:\/\/haberulus.net\/index.php?rest_route=\/wp\/v2\/types\/post"}],"author":[{"embeddable":true,"href":"https:\/\/haberulus.net\/index.php?rest_route=\/wp\/v2\/users\/1"}],"replies":[{"embeddable":true,"href":"https:\/\/haberulus.net\/index.php?rest_route=%2Fwp%2Fv2%2Fcomments&post=95443"}],"version-history":[{"count":1,"href":"https:\/\/haberulus.net\/index.php?rest_route=\/wp\/v2\/posts\/95443\/revisions"}],"predecessor-version":[{"id":95445,"href":"https:\/\/haberulus.net\/index.php?rest_route=\/wp\/v2\/posts\/95443\/revisions\/95445"}],"wp:featuredmedia":[{"embeddable":true,"href":"https:\/\/haberulus.net\/index.php?rest_route=\/wp\/v2\/media\/95444"}],"wp:attachment":[{"href":"https:\/\/haberulus.net\/index.php?rest_route=%2Fwp%2Fv2%2Fmedia&parent=95443"}],"wp:term":[{"taxonomy":"category","embeddable":true,"href":"https:\/\/haberulus.net\/index.php?rest_route=%2Fwp%2Fv2%2Fcategories&post=95443"},{"taxonomy":"post_tag","embeddable":true,"href":"https:\/\/haberulus.net\/index.php?rest_route=%2Fwp%2Fv2%2Ftags&post=95443"}],"curies":[{"name":"wp","href":"https:\/\/api.w.org\/{rel}","templated":true}]}}