{"id":95454,"date":"2023-06-08T16:05:35","date_gmt":"2023-06-08T16:05:35","guid":{"rendered":"https:\/\/haberulus.net\/?p=95454"},"modified":"2023-06-08T16:05:35","modified_gmt":"2023-06-08T16:05:35","slug":"cinde-yeni-corona-dalgasi","status":"publish","type":"post","link":"https:\/\/haberulus.net\/?p=95454","title":{"rendered":"\u00c7in\u2019de yeni corona dalgas\u0131"},"content":{"rendered":"<p>Merkezi Londra\u2019da bulunan sa\u011fl\u0131k veri hizmetleri ve analiz \u015firketi Airfinity\u2019nin yay\u0131mlad\u0131\u011f\u0131 analizde, salg\u0131n\u0131n toplam 112 milyon ki\u015fiyi etkilemesinin tahmin edildi\u011fini bildirdi.<\/p>\n<p>Yeni salg\u0131n dalgas\u0131n\u0131n, k\u0131\u015f aylar\u0131nda 1 milyardan fazla ki\u015finin enfekte oldu\u011fu salg\u0131na k\u0131yasla daha s\u0131n\u0131rl\u0131 yay\u0131lma g\u00f6sterdi\u011fi g\u00f6zleniyor.<\/p>\n<p>Arfinity, salg\u0131n\u0131n haziran ba\u015f\u0131nda haftada 11 milyon vakayla zirve noktas\u0131 ula\u015faca\u011f\u0131n\u0131 \u00f6ng\u00f6r\u00fcrken, bunun \u00c7inli solunum hastal\u0131klar\u0131 uzman\u0131 Cong Nan\u015fan\u2019\u0131n bir s\u00fcre \u00f6nce ortaya att\u0131\u011f\u0131 haftada 65 milyon vaka tahminin be\u015fte biri kadar oldu\u011funa dikkat \u00e7ekti.<\/p>\n<p>Tahminler aras\u0131ndaki fark\u0131n, Airfinity\u2019nin modelinde hastal\u0131k belirtisi g\u00f6stermeyen vakalar\u0131n toplama dahil edilmemesinden kaynaklanabilece\u011fi belirtildi.<\/p>\n<p>\u00d6te yandan \u015firket, bu enfeksiyon dalgas\u0131nda 629 bin can kayb\u0131 olaca\u011f\u0131n\u0131 \u00f6ng\u00f6r\u00fcyor. \u015eirket, k\u0131\u015f aylar\u0131nda ya\u015fanan b\u00fcy\u00fck salg\u0131n dalgas\u0131nda 1,3 milyon ila 2,1 milyon ki\u015finin hayat\u0131n\u0131 kaybetti\u011fi tahmininde bulunmu\u015ftu.<\/p>\n<p><strong>\u201cYEN\u0130DEN ENFEKS\u0130YON\u201d DALGALARI<\/strong><\/p>\n<p>\u00c7in\u2019in \u201cs\u0131f\u0131r vaka\u201d ad\u0131 verilen kat\u0131 salg\u0131n kontrol ve \u00f6nleme tedbirlerini terk edip vir\u00fcsle ya\u015famaya y\u00f6nelik bir strateji benimsemesiyle, daha \u00f6nce benzer tedbirleri uygulay\u0131p daha sonra kald\u0131ran Japonya ve G\u00fcney Kore\u2019de oldu\u011fu gibi \u00e7ok say\u0131da \u201cyeniden enfeksiyon\u201d dalgas\u0131n\u0131n ortaya \u00e7\u0131kmas\u0131 bekleniyor.<\/p>\n<p>Airfinity\u2019nin Covid-19 epidemolo\u011fu Dr. Tishya Venkatraman, \u00c7in\u2019in alt\u0131 ay \u00f6nce ya\u015fad\u0131\u011f\u0131 b\u00fcy\u00fck salg\u0131n dalgas\u0131n\u0131n geni\u015f \u00e7apl\u0131 do\u011fal ba\u011f\u0131\u015f\u0131kl\u0131k sa\u011flad\u0131\u011f\u0131n\u0131, \u00fcstelik o g\u00fcnlerden bu yana a\u015f\u0131lamada daha fazla mesafe kaydedildi\u011fini belirterek, \u201cXBB alt varyant\u0131n\u0131n etkisine ra\u011fmen \u00c7in\u2019de daha k\u00fc\u00e7\u00fck \u00e7apl\u0131 ve daha az \u015fiddetli bir ikinci dalga bekliyoruz.\u201d dedi.<\/p>\n<p>Hastanelerde ve morglarda k\u0131\u015f aylar\u0131nda oldu\u011fu kadar b\u00fcy\u00fck bir yo\u011funluk g\u00f6r\u00fclmedi\u011fine i\u015faret eden Venkatraman, \u201cHer ne kadar s\u00fcregelen dalga daha k\u00fc\u00e7\u00fck \u00e7apl\u0131 olsa da \u00c7in\u2019de ya\u015flanan n\u00fcfusun artmas\u0131 nedeniyle hala b\u00fcy\u00fck \u00e7apl\u0131 can kayb\u0131na yol a\u00e7abilir. Bunu Japonya\u2019daki son dalgada g\u00f6rd\u00fck. Y\u00fcksek a\u015f\u0131lanma oran\u0131na ve \u00f6nceki dalgalardaki ba\u011f\u0131\u015f\u0131kl\u0131\u011fa ra\u011fmen \u00e7ok say\u0131da can kayb\u0131 ya\u015fand\u0131.\u201d ifadelerini kulland\u0131.<\/p>\n<p><strong>RESM\u0130 RAKAMLAR SALGIN TABLOSUNU YANSITMIYOR<\/strong><\/p>\n<p>\u00c7in\u2019de son salg\u0131n dalgas\u0131na dair resmi veri bulunmuyor. Hatal\u0131k Kontrol ve \u00d6nleme Merkezi (CDC), D\u00fcnya Sa\u011fl\u0131k \u00d6rg\u00fct\u00fcn\u00fcn (DS\u00d6) may\u0131s ba\u015f\u0131nda Covid-19\u2019un \u201ck\u00fcresel sa\u011fl\u0131k acil durumu\u201d say\u0131lmayaca\u011f\u0131n\u0131 duyurmas\u0131n\u0131n ard\u0131ndan haftal\u0131k pozitif test ve kliniklere ba\u015fvuru rakamlar\u0131n\u0131 a\u00e7\u0131klamay\u0131 b\u0131rakm\u0131\u015ft\u0131.<\/p>\n<p>Bu arada DS\u00d6\u2019y\u00fc d\u00fczenli bilgilendirmeyi s\u00fcrd\u00fcren CDC, 21-28 May\u0131s haftas\u0131nda \u00fclke genelinde 5 bin 621 vaka tespit edildi\u011fini bildirmi\u015fti.<\/p>\n<p>\u00dclkede yayg\u0131n testler art\u0131k yap\u0131lmad\u0131\u011f\u0131ndan rakamlar\u0131n salg\u0131n tablosunu yans\u0131tmad\u0131\u011f\u0131 de\u011ferlendiriliyor.<\/p>\n<p>\u00c7in\u2019de Covid-19 salg\u0131n\u0131n ba\u015f\u0131ndan beri, \u201cs\u0131f\u0131r vaka\u201d olarak adland\u0131r\u0131lan, b\u00fcy\u00fck \u00e7apl\u0131 kapanma, karantina ve seyahat k\u0131s\u0131tlamalar\u0131n\u0131 gerektiren salg\u0131n kontrol tedbirlerinin 7 Aral\u0131k 2022\u2019de aniden kald\u0131r\u0131lmas\u0131yla vakalar h\u0131zla artm\u0131\u015f, \u00fclke bug\u00fcne dek g\u00f6r\u00fclen en b\u00fcy\u00fck kitlesel yay\u0131lmayla kar\u015f\u0131 kar\u015f\u0131ya kalm\u0131\u015ft\u0131. K\u0131\u015f aylar\u0131ndaki salg\u0131n dalgas\u0131nda n\u00fcfusun yakla\u015f\u0131k y\u00fczde 80\u2019nini olu\u015fturan 1 milyardan fazla ki\u015finin enfekte oldu\u011fu tahmin ediliyor. (AA)<\/p>\n","protected":false},"excerpt":{"rendered":"<p>\u00c7in&#8217;de Covid-19&#8217;un Omicron alt varyant\u0131 XBB kaynakl\u0131 vakalar\u0131n yol a\u00e7t\u0131\u011f\u0131 salg\u0131nda vaka say\u0131s\u0131n\u0131n haziran ba\u015f\u0131 itibar\u0131yla haftada 11 milyon ile tepe noktas\u0131na ula\u015fmas\u0131 \u00f6ng\u00f6r\u00fcl\u00fcyor.<\/p>\n","protected":false},"author":1,"featured_media":95455,"comment_status":"closed","ping_status":"open","sticky":false,"template":"","format":"standard","meta":{"footnotes":""},"categories":[24],"tags":[12223,2148,1099,1107,175],"class_list":["post-95454","post","type-post","status-publish","format-standard","has-post-thumbnail","hentry","category-dunya","tag-capli","tag-dalga","tag-salgin","tag-tahmin","tag-vaka"],"_links":{"self":[{"href":"https:\/\/haberulus.net\/index.php?rest_route=\/wp\/v2\/posts\/95454","targetHints":{"allow":["GET"]}}],"collection":[{"href":"https:\/\/haberulus.net\/index.php?rest_route=\/wp\/v2\/posts"}],"about":[{"href":"https:\/\/haberulus.net\/index.php?rest_route=\/wp\/v2\/types\/post"}],"author":[{"embeddable":true,"href":"https:\/\/haberulus.net\/index.php?rest_route=\/wp\/v2\/users\/1"}],"replies":[{"embeddable":true,"href":"https:\/\/haberulus.net\/index.php?rest_route=%2Fwp%2Fv2%2Fcomments&post=95454"}],"version-history":[{"count":1,"href":"https:\/\/haberulus.net\/index.php?rest_route=\/wp\/v2\/posts\/95454\/revisions"}],"predecessor-version":[{"id":95456,"href":"https:\/\/haberulus.net\/index.php?rest_route=\/wp\/v2\/posts\/95454\/revisions\/95456"}],"wp:featuredmedia":[{"embeddable":true,"href":"https:\/\/haberulus.net\/index.php?rest_route=\/wp\/v2\/media\/95455"}],"wp:attachment":[{"href":"https:\/\/haberulus.net\/index.php?rest_route=%2Fwp%2Fv2%2Fmedia&parent=95454"}],"wp:term":[{"taxonomy":"category","embeddable":true,"href":"https:\/\/haberulus.net\/index.php?rest_route=%2Fwp%2Fv2%2Fcategories&post=95454"},{"taxonomy":"post_tag","embeddable":true,"href":"https:\/\/haberulus.net\/index.php?rest_route=%2Fwp%2Fv2%2Ftags&post=95454"}],"curies":[{"name":"wp","href":"https:\/\/api.w.org\/{rel}","templated":true}]}}