{"id":95554,"date":"2023-06-09T02:21:04","date_gmt":"2023-06-09T02:21:04","guid":{"rendered":"https:\/\/haberulus.net\/?p=95554"},"modified":"2023-06-09T02:21:04","modified_gmt":"2023-06-09T02:21:04","slug":"arabeskin-donusumu","status":"publish","type":"post","link":"https:\/\/haberulus.net\/?p=95554","title":{"rendered":"Arabeskin d\u00f6n\u00fc\u015f\u00fcm\u00fc"},"content":{"rendered":"<p>Anna Laudel&#8217;da a\u00e7\u0131lan, k\u00fcrat\u00f6rl\u00fc\u011f\u00fcn\u00fc sanat gazetecisi M. G\u00fclben \u00c7apan&#8217;\u0131n \u00fcstlendi\u011fi \u201cSeni Sevmeyen \u00d6ls\u00fcn\u201d adl\u0131 kapsaml\u0131 karma sergi ad\u0131n\u0131 T\u00fcdanya&#8217;n\u0131n 1986 y\u0131l\u0131nda b\u00fcy\u00fck \u00e7\u0131k\u0131\u015f yapan ayn\u0131 isimli \u015fark\u0131s\u0131ndan al\u0131yor. Sergide; An\u0131l Can, Ardan \u00d6zmeno\u011flu, CANAN, Cansu Y\u0131ld\u0131ran, Haluk \u00c7obano\u011flu, Rasim Aksan, Tu\u011fberk Sel\u00e7uk ve Yasemin \u00d6zcan dahil olmak \u00fczere farkl\u0131 materyal ve tekniklerde \u00fcretim yapan 8 sanat\u00e7\u0131n\u0131n disiplinleraras\u0131 eserlerinden olu\u015fan bir se\u00e7kiye yer veriliyor. Serginin ana temas\u0131n\u0131 ise T\u00fcrkiye&#8217;nin modernle\u015fme \u00e7abas\u0131na tepki olarak ortaya \u00e7\u0131kan 1960&#8217;lar\u0131n \u00f6nemli k\u00fclt\u00fcr furyas\u0131 arabesk olu\u015fturuyor.<\/p>\n<p>Ge\u00e7mi\u015fte \u2018yoz m\u00fczik&#8217; \u015feklinde ele\u015ftirilen ve uzun y\u0131llar k\u00fc\u00e7\u00fcmsenip, hor g\u00f6r\u00fclen, resmi yasaklara ve sans\u00fcrlere maruz b\u0131rak\u0131lan arabeskin ya\u015fad\u0131\u011f\u0131 d\u00f6n\u00fc\u015f\u00fcm, se\u00e7kide yer alan eserler arac\u0131l\u0131\u011f\u0131yla farkl\u0131 form ve bi\u00e7imlerde hayat buluyor. Sergi, zor hayat \u015fartlar\u0131na kar\u015f\u0131 bir ba\u015fkald\u0131r\u0131 niteli\u011finde olan; son y\u0131llarda de\u011fi\u015fen, d\u00f6n\u00fc\u015fen ve g\u00fcnden g\u00fcne \u00f6zg\u00fcrle\u015ftirilerek daha geni\u015f kitlelere hitap eden bir m\u00fczik t\u00fcr\u00fc haline gelen arabesk m\u00fczi\u011fin yolculu\u011funa rehberlik ederek, g\u00fcn\u00fcm\u00fcz toplumundaki yerini izleyiciye hat\u0131rlat\u0131yor.<\/p>\n<p><img decoding=\"async\" src=\"https:\/\/i01.sozcucdn.com\/wp-content\/uploads\/2023\/06\/08\/02-manset1.jpg\" alt=\"\" title=\"\"><\/p>\n<p><strong>SINIFSAL U\u00c7URUM<\/strong><\/p>\n<p>Ge\u00e7mi\u015fte arabeskin \u201cbabalar\u0131\u201d olarak an\u0131lan fig\u00fcrler ile g\u00fcn\u00fcm\u00fczde arabeski ya\u015famaya devam edenler aras\u0131ndaki s\u0131n\u0131fsal u\u00e7urum \u00fczerine kurulan sergi, bug\u00fcn toplumun geride kalan ve kimlik aray\u0131\u015f\u0131n\u0131 s\u00fcrd\u00fcrmeye devam eden \u00f6tekileri yeniden d\u00fc\u015f\u00fcnmeye davet ediyor. \u201cSeni Sevmeyen \u00d6ls\u00fcn\u201d se\u00e7kisiyle, ac\u0131n\u0131n ve a\u015fk\u0131n isyan\u0131 \u00fczerinden ortak bir kimlik ve bir \u201ckurtar\u0131c\u0131\u201d aray\u0131\u015f\u0131na giren bu k\u00fclt\u00fcr\u00fcn, kendi yaratt\u0131\u011f\u0131 kahramanlar\u0131n\u0131n toplumsal de\u011fi\u015fimine ve yeni kahramanlar\u0131n nas\u0131l yarat\u0131ld\u0131\u011f\u0131na tan\u0131kl\u0131k ediyor. \u0130syan etmenin en ki\u015fisel boyutu niteli\u011findeki arabesk k\u00fclt\u00fcr\u00fcn\u00fc derinlemesine ara\u015ft\u0131ran M. G\u00fclben \u00c7apan k\u00fcrat\u00f6rl\u00fc\u011f\u00fcndeki sergi, 10 Eyl\u00fcl&#8217;e kadar Anna Laudel Istanbul&#8217;un G\u00fcm\u00fc\u015fsuyu&#8217;ndaki galerisinde ziyaret edilebilir.<\/p>\n","protected":false},"excerpt":{"rendered":"<p>Bug\u00fcnlerde \u2018Seni Sevmeyen \u00d6ls\u00fcn\u2019 adl\u0131 \u00e7arp\u0131c\u0131 bir sergiye ev sahipli\u011fi yapan Anna Laudel, y\u0131llarca hor g\u00f6r\u00fclse de milyonlar\u0131 pe\u015finden s\u00fcr\u00fckleyen; ya\u015fad\u0131\u011f\u0131 de\u011fi\u015fim ve d\u00f6n\u00fc\u015f\u00fcmle de daha geni\u015f kitlelere hitap eden arabeskin m\u00fczik yolculu\u011funa \u0131\u015f\u0131k tutuyor.<\/p>\n","protected":false},"author":1,"featured_media":95555,"comment_status":"closed","ping_status":"open","sticky":false,"template":"","format":"standard","meta":{"footnotes":""},"categories":[27],"tags":[12227,622],"class_list":["post-95554","post","type-post","status-publish","format-standard","has-post-thumbnail","hentry","category-kultur-sanat","tag-arabesk","tag-sergi"],"_links":{"self":[{"href":"https:\/\/haberulus.net\/index.php?rest_route=\/wp\/v2\/posts\/95554","targetHints":{"allow":["GET"]}}],"collection":[{"href":"https:\/\/haberulus.net\/index.php?rest_route=\/wp\/v2\/posts"}],"about":[{"href":"https:\/\/haberulus.net\/index.php?rest_route=\/wp\/v2\/types\/post"}],"author":[{"embeddable":true,"href":"https:\/\/haberulus.net\/index.php?rest_route=\/wp\/v2\/users\/1"}],"replies":[{"embeddable":true,"href":"https:\/\/haberulus.net\/index.php?rest_route=%2Fwp%2Fv2%2Fcomments&post=95554"}],"version-history":[{"count":1,"href":"https:\/\/haberulus.net\/index.php?rest_route=\/wp\/v2\/posts\/95554\/revisions"}],"predecessor-version":[{"id":95556,"href":"https:\/\/haberulus.net\/index.php?rest_route=\/wp\/v2\/posts\/95554\/revisions\/95556"}],"wp:featuredmedia":[{"embeddable":true,"href":"https:\/\/haberulus.net\/index.php?rest_route=\/wp\/v2\/media\/95555"}],"wp:attachment":[{"href":"https:\/\/haberulus.net\/index.php?rest_route=%2Fwp%2Fv2%2Fmedia&parent=95554"}],"wp:term":[{"taxonomy":"category","embeddable":true,"href":"https:\/\/haberulus.net\/index.php?rest_route=%2Fwp%2Fv2%2Fcategories&post=95554"},{"taxonomy":"post_tag","embeddable":true,"href":"https:\/\/haberulus.net\/index.php?rest_route=%2Fwp%2Fv2%2Ftags&post=95554"}],"curies":[{"name":"wp","href":"https:\/\/api.w.org\/{rel}","templated":true}]}}