{"id":95681,"date":"2023-06-09T08:51:05","date_gmt":"2023-06-09T08:51:05","guid":{"rendered":"https:\/\/haberulus.net\/?p=95681"},"modified":"2023-06-09T08:51:05","modified_gmt":"2023-06-09T08:51:05","slug":"dis-basin-yeni-merkez-bankasi-baskani-gaye-erkani-boyle-gordu","status":"publish","type":"post","link":"https:\/\/haberulus.net\/?p=95681","title":{"rendered":"D\u0131\u015f bas\u0131n yeni Merkez Bankas\u0131 Ba\u015fkan\u0131 Gaye Erkan\u2019\u0131 b\u00f6yle g\u00f6rd\u00fc"},"content":{"rendered":"<p>Merkez Bankas\u0131 (TCMB) ba\u015fkanl\u0131\u011f\u0131na Hafize Gaye Erkan atand\u0131. Ataman\u0131n ard\u0131ndan uluslararas\u0131 finans bas\u0131n\u0131 da Erkan\u2019a yo\u011fun ilgi g\u00f6sterdi.<\/p>\n<p>ABD\u2019de bankac\u0131l\u0131k sekt\u00f6r\u00fcnde \u00fcst d\u00fczey pozisyonlarda \u00e7al\u0131\u015fan Erkan, bug\u00fcnk\u00fc atama karar\u0131 ile birlikte g\u00f6revi \u015eahap Kavc\u0131o\u011flu\u2019ndan alm\u0131\u015f oldu. TCMB\u2019nin ilk kad\u0131n ba\u015fkan\u0131 olan Erkan\u2019\u0131n atamas\u0131, Mehmet \u015eim\u015fek\u2019in kabineye Hazine ve Maliye Bakan\u0131 olarak dahil olmas\u0131n\u0131n k\u0131sa s\u00fcre sonra geldi.<\/p>\n<p>ABD merkezli First Republic Bank\u2019ta 8 y\u0131l \u00fcst d\u00fczey pozisyonlarda \u00e7al\u0131\u015fan Erkan, \u00f6ncesinde Goldman Sachs\u2019ta da 10 y\u0131l ge\u00e7irmi\u015fti. Son olarak Marsh McLennan Y\u00f6netim Kurulu\u2019nda yer alan Erkan, Bo\u011fazi\u00e7i \u00dcniversitesi\u2019nin ard\u0131ndan devam etti\u011fi e\u011fitim hayat\u0131nda doktoras\u0131n\u0131 Princeton \u00dcniversitesi\u2019nden ald\u0131.<\/p>\n<p>\u00d6te yandan son be\u015f y\u0131ldaki d\u00f6rd\u00fcnc\u00fc ba\u015fkan olan Erkan\u2019\u0131n Wall Street ve ABD \u015firket y\u00f6netim kurullar\u0131n\u0131 kapsayan kariyerinde para politikas\u0131 deneyimi yer almad\u0131\u011f\u0131 i\u00e7in piyasalarda \u00e7e\u015fitli kayg\u0131lar bulunuyor.<\/p>\n<p>Uluslararas\u0131 finans ajanslar\u0131na konu\u015fan uzmanlar da Erkan\u2019\u0131n atanmas\u0131 konusunda temkinli.<\/p>\n<p><b>ERKAN\u2019IN NE KADAR \u00d6ZERKL\u0130\u011eE SAH\u0130P OLACA\u011eI SORU \u0130\u015eARET\u0130<\/b><\/p>\n<p>ABD\u2019li finans ajans\u0131 Bloomberg\u2019ten Beril Akman\u2019\u0131n haberine g\u00f6re Erkan\u2019\u0131n atanmas\u0131, T\u00fcrkiye\u2019nin y\u0131llard\u0131r s\u00fcrd\u00fcrd\u00fc\u011f\u00fc d\u00fc\u015f\u00fck faiz politikas\u0131n\u0131n ard\u0131ndan piyasalar taraf\u0131ndan bir nomralle\u015fme i\u015fareti olarak g\u00f6r\u00fclebilir.<\/p>\n<p>Dan\u0131\u015fmanl\u0131k \u015firketi Medley Global Advisors\u2019\u0131n geli\u015fmekte olan piyasalar uzman\u0131 Nick Stadtmiller ise Erkan\u2019\u0131n ba\u015far\u0131s\u0131n\u0131n Erdo\u011fan y\u00f6netimi alt\u0131nda ne kadar \u00f6zerkli\u011fe sahip olaca\u011f\u0131na ba\u011fl\u0131 olaca\u011f\u0131 g\u00f6r\u00fc\u015f\u00fcnde.<\/p>\n<p>Bloomberg\u2019in aktard\u0131\u011f\u0131na g\u00f6re Stadtmiller, \u201cUmuyoruz ki, Erkan\u2019\u0131n atanmas\u0131 selefinin politikalar\u0131nda bir d\u00fczelme anlam\u0131na gelir. As\u0131l soru, Merkez Bankas\u0131\u2019n\u0131n enflasyonu d\u00fc\u015f\u00fcrecek kadar faiz art\u0131rmas\u0131na Erdo\u011fan\u2019\u0131n izin verip vermeyece\u011fi\u201d dedi.<\/p>\n<p>ABD bankas\u0131 Wells Fargo Stratejisti Brendan McKenna ise, \u201cErdo\u011fan direksiyonda kald\u0131\u011f\u0131 s\u00fcrece para ve ekonomi politikas\u0131n\u0131n daha yat\u0131r\u0131mc\u0131 dostu bir y\u00f6ne kayaca\u011f\u0131 konusunda temkinli olmaya devam ediyorum\u201d de\u011ferlendirmesinde bulundu.<\/p>\n<p><b>B\u00dcY\u00dcK ZORLUKLAR VAR<\/b><\/p>\n<p>\u0130ngiliz finans gazetesi Financial Times, \u2018Erdo\u011fan Merkez Bankas\u0131\u2019n\u0131n ba\u015f\u0131na eski Goldman Sachs bankac\u0131s\u0131n\u0131 atad\u0131\u2019 ba\u015fl\u0131kl\u0131 haberinde, bu ataman\u0131n mevcut politikalar konusunda rotan\u0131n de\u011fi\u015febilece\u011fine dair son i\u015faret oldu\u011fu belirtildi.<\/p>\n<p>Habere g\u00f6re atamalar, Erdo\u011fan\u2019\u0131n daha geleneksel bir politikaya y\u00f6nelece\u011fine dair temkinli iyimserli\u011fi besledi. Haberde ayr\u0131ca Merkez Bankas\u0131\u2019n\u0131n t\u00fckenen rezervlerine i\u015faret edilerek Erkan\u2019\u0131n T\u00fcrkiye ekonomisi i\u00e7in \u00f6nemli bir tehlike ile ba\u015f etmek zorunda kalaca\u011f\u0131 belirtildi.<\/p>\n<p>\u0130sve\u00e7 bankas\u0131 SEB Geli\u015fen Piyasalar Ba\u015f stratejisti Erik Meyersson, eski Merkez Bankas\u0131 Ba\u015fkan\u0131 \u015eahap Kavc\u0131o\u011flu\u2019nun yeni bir pozisyona atanmas\u0131n\u0131n kritik \u00f6nemi oldu\u011funu belirtti. Meyersson\u2019a g\u00f6re bu durum Erdo\u011fan\u2019\u0131n eski ekonomi politikalar\u0131na her an geri d\u00f6nebilece\u011finin bir i\u015fareti.<\/p>\n<p><b>\u0130T\u0130L\u0130P KAKILAB\u0130LECEK B\u0130R\u0130 DE\u011e\u0130L<\/b><\/p>\n<p>\u0130ngiliz haber ajans\u0131 Reuters da Erkan\u2019\u0131n Merkez Bankas\u0131 ba\u015fkanl\u0131\u011f\u0131na atanmas\u0131n\u0131 geleneksel politikalara d\u00f6n\u00fc\u015f\u00fcn sinyali olarak yorumlad\u0131.<\/p>\n<p>Haberde, \u201cErdo\u011fan ABD\u2019de finans y\u00f6neticisi olan Hafize Gaye Erkan\u2019\u0131, y\u0131llarca s\u00fcren faiz indirimleri ve artan hayat pahal\u0131l\u0131\u011f\u0131n\u0131n ard\u0131ndan gidi\u015fat\u0131 tersine \u00e7evirmeye ve politikay\u0131 s\u0131k\u0131la\u015ft\u0131rmaya haz\u0131rlanan Merkez Bankas\u0131\u2019n\u0131n ba\u015f\u0131na atad\u0131\u201d ifadelerine yer verildi.<\/p>\n<p>Erkan\u2019\u0131n bir zamanlar y\u00f6netici olarak g\u00f6rev yapt\u0131\u011f\u0131 Partnership for New York City kurulu\u015fun CEO\u2019su Kathryn Wylde, Reuters\u2019a verdi\u011fi deme\u00e7te Erkan\u2019\u0131n New York City\u2019deki kariyeri boyunca \u201csert, ak\u0131ll\u0131 ve etkili\u201d olarak \u00fcn kazand\u0131\u011f\u0131n\u0131 s\u00f6yledi. Wylde, Erkan i\u00e7in; \u201cKesinlikle itilip kak\u0131lacak biri de\u011fil\u201d dedi.<\/p>\n<p><b>ERDO\u011eAN\u2019IN NE KADAR BA\u011eIMSIZLIK TANIYACA\u011eINA BA\u011eLI<\/b><\/p>\n<p>Analistler ise ekonominin gelece\u011finin Erdo\u011fan\u2019\u0131n Erkan ve \u015eim\u015fek\u2019e ne kadar ba\u011f\u0131ms\u0131zl\u0131k tan\u0131d\u0131\u011f\u0131na ba\u011fl\u0131 oldu\u011fu g\u00f6r\u00fc\u015f\u00fcnde.<\/p>\n<p>Finansal dan\u0131\u015fmanl\u0131k \u015firketi Teneo\u2019nun ekonomisti Wolfango Piccoli, \u201cErdo\u011fan\u2019\u0131n yerel se\u00e7imlere verdi\u011fi \u00f6ncelik g\u00f6z \u00f6n\u00fcne al\u0131nd\u0131\u011f\u0131nda, ekonomik cephede daha pragmatik bir duru\u015fa ne kadar tahamm\u00fcl edebilece\u011fi belli de\u011fil\u201d dedi.<\/p>\n","protected":false},"excerpt":{"rendered":"<p>Hafize Gaye Erkan&#8217;\u0131n Merkez Bankas\u0131&#8217;n\u0131n ba\u015f\u0131na atanmas\u0131 d\u0131\u015f bas\u0131nda yo\u011fun ilgi g\u00f6rd\u00fc. Atama, ekonomi y\u00f6netiminde normalle\u015fme ad\u0131m\u0131 olarak g\u00f6r\u00fclse de analistlere g\u00f6re Erkan&#8217;\u0131n ne kadar ba\u011f\u0131ms\u0131z olabilece\u011fi soru i\u015fareti.<\/p>\n","protected":false},"author":1,"featured_media":95682,"comment_status":"closed","ping_status":"open","sticky":false,"template":"","format":"standard","meta":{"footnotes":""},"categories":[25],"tags":[11,259,4765,973,2941],"class_list":["post-95681","post","type-post","status-publish","format-standard","has-post-thumbnail","hentry","category-ekonomi","tag-abd","tag-erdogan","tag-erkan","tag-finans","tag-merkez-bankasi"],"_links":{"self":[{"href":"https:\/\/haberulus.net\/index.php?rest_route=\/wp\/v2\/posts\/95681","targetHints":{"allow":["GET"]}}],"collection":[{"href":"https:\/\/haberulus.net\/index.php?rest_route=\/wp\/v2\/posts"}],"about":[{"href":"https:\/\/haberulus.net\/index.php?rest_route=\/wp\/v2\/types\/post"}],"author":[{"embeddable":true,"href":"https:\/\/haberulus.net\/index.php?rest_route=\/wp\/v2\/users\/1"}],"replies":[{"embeddable":true,"href":"https:\/\/haberulus.net\/index.php?rest_route=%2Fwp%2Fv2%2Fcomments&post=95681"}],"version-history":[{"count":1,"href":"https:\/\/haberulus.net\/index.php?rest_route=\/wp\/v2\/posts\/95681\/revisions"}],"predecessor-version":[{"id":95683,"href":"https:\/\/haberulus.net\/index.php?rest_route=\/wp\/v2\/posts\/95681\/revisions\/95683"}],"wp:featuredmedia":[{"embeddable":true,"href":"https:\/\/haberulus.net\/index.php?rest_route=\/wp\/v2\/media\/95682"}],"wp:attachment":[{"href":"https:\/\/haberulus.net\/index.php?rest_route=%2Fwp%2Fv2%2Fmedia&parent=95681"}],"wp:term":[{"taxonomy":"category","embeddable":true,"href":"https:\/\/haberulus.net\/index.php?rest_route=%2Fwp%2Fv2%2Fcategories&post=95681"},{"taxonomy":"post_tag","embeddable":true,"href":"https:\/\/haberulus.net\/index.php?rest_route=%2Fwp%2Fv2%2Ftags&post=95681"}],"curies":[{"name":"wp","href":"https:\/\/api.w.org\/{rel}","templated":true}]}}