{"id":9578,"date":"2022-07-18T10:51:07","date_gmt":"2022-07-18T10:51:07","guid":{"rendered":"https:\/\/haberulus.net\/?p=9578"},"modified":"2022-07-18T10:51:07","modified_gmt":"2022-07-18T10:51:07","slug":"okay-yokuslu-wbaye-imza-atti","status":"publish","type":"post","link":"https:\/\/haberulus.net\/?p=9578","title":{"rendered":"Okay Yoku\u015flu, WBA\u2019ye imza att\u0131"},"content":{"rendered":"<p><b>Celta Vigo&#8217;dan ayr\u0131lan milli futbolcu Okay Yoku\u015flu, yar\u0131m sezon formas\u0131n\u0131 giydi\u011fi WBA ile 3 y\u0131ll\u0131k s\u00f6zle\u015fme imzalad\u0131.<\/b><\/p>\n<p>\u0130ngiltere Championship tak\u0131mlar\u0131ndan West Bromwich Albion (WBA) milli futbolcu Okay Yoku\u015flu\u2019yu kadrosuna katt\u0131\u011f\u0131n\u0131 a\u00e7\u0131klad\u0131.<\/p>\n<p>\u0130spanya La Liga ekibi Celta Vigo\u2019daki s\u00f6zle\u015fmesi sona eren Okay, 2020-2021 sezonunun ikinci yar\u0131s\u0131nda kiral\u0131k olarak formas\u0131n\u0131 giydi\u011fi WBA\u2019ye 3 y\u0131ll\u0131k imza att\u0131.<\/p>\n<p>Ge\u00e7en sezonun ikinci yar\u0131s\u0131n\u0131 Getafe\u2019de kiral\u0131k olarak ge\u00e7iren 28 ya\u015f\u0131ndaki orta saha oyuncusu, Hull City\u2019de forma giyen milli futbolcular\u0131m\u0131z Ozan Tufan ve Do\u011fukan Sinik ile birlikte Championship\u2019te \u00fclkemizi temsil edecek.<\/p>\n<p>\u201cEvine ho\u015f geldin Okay\u201d ba\u015fl\u0131\u011f\u0131yla duyurulan transfer haberinde teknik direkt\u00f6r Steve Bruce\u2019un \u015fu s\u00f6zlerine yer verildi;<\/p>\n<p>\u201cOkay kalitesindeki bir oyuncuyu kadromuza katt\u0131\u011f\u0131m\u0131z i\u00e7in mutluyum. Kul\u00fcb\u00fcn Okay\u2019\u0131 getirerek Premier Lig yar\u0131\u015f\u0131nda iddial\u0131 bir kadro kurma konusundaki niyetini g\u00f6stermesinden de memnunum. Okay buradaki k\u0131sa s\u00fcre forma giydi ancak oyunuyla taraftarlar\u0131 kendisine hayran b\u0131rakt\u0131. Bu sezon da yeniden y\u0131ld\u0131z gibi parlayaca\u011f\u0131na eminim.\u201d<\/p>\n","protected":false},"excerpt":{"rendered":"<p>Celta Vigo&#8217;dan ayr\u0131lan milli futbolcu Okay Yoku\u015flu, yar\u0131m sezon formas\u0131n\u0131 giydi\u011fi WBA ile 3 y\u0131ll\u0131k s\u00f6zle\u015fme imzalad\u0131. \u0130ngiltere Championship &#8230;<\/p>\n","protected":false},"author":1,"featured_media":9579,"comment_status":"open","ping_status":"open","sticky":false,"template":"","format":"standard","meta":{"footnotes":""},"categories":[31],"tags":[2853],"class_list":["post-9578","post","type-post","status-publish","format-standard","has-post-thumbnail","hentry","category-spor","tag-okay"],"_links":{"self":[{"href":"https:\/\/haberulus.net\/index.php?rest_route=\/wp\/v2\/posts\/9578","targetHints":{"allow":["GET"]}}],"collection":[{"href":"https:\/\/haberulus.net\/index.php?rest_route=\/wp\/v2\/posts"}],"about":[{"href":"https:\/\/haberulus.net\/index.php?rest_route=\/wp\/v2\/types\/post"}],"author":[{"embeddable":true,"href":"https:\/\/haberulus.net\/index.php?rest_route=\/wp\/v2\/users\/1"}],"replies":[{"embeddable":true,"href":"https:\/\/haberulus.net\/index.php?rest_route=%2Fwp%2Fv2%2Fcomments&post=9578"}],"version-history":[{"count":1,"href":"https:\/\/haberulus.net\/index.php?rest_route=\/wp\/v2\/posts\/9578\/revisions"}],"predecessor-version":[{"id":9580,"href":"https:\/\/haberulus.net\/index.php?rest_route=\/wp\/v2\/posts\/9578\/revisions\/9580"}],"wp:featuredmedia":[{"embeddable":true,"href":"https:\/\/haberulus.net\/index.php?rest_route=\/wp\/v2\/media\/9579"}],"wp:attachment":[{"href":"https:\/\/haberulus.net\/index.php?rest_route=%2Fwp%2Fv2%2Fmedia&parent=9578"}],"wp:term":[{"taxonomy":"category","embeddable":true,"href":"https:\/\/haberulus.net\/index.php?rest_route=%2Fwp%2Fv2%2Fcategories&post=9578"},{"taxonomy":"post_tag","embeddable":true,"href":"https:\/\/haberulus.net\/index.php?rest_route=%2Fwp%2Fv2%2Ftags&post=9578"}],"curies":[{"name":"wp","href":"https:\/\/api.w.org\/{rel}","templated":true}]}}