{"id":95812,"date":"2023-06-09T11:35:05","date_gmt":"2023-06-09T11:35:05","guid":{"rendered":"https:\/\/haberulus.net\/?p=95812"},"modified":"2023-06-09T11:35:05","modified_gmt":"2023-06-09T11:35:05","slug":"cezayirli-hasan-pasanin-ciftliginde-kaziya-onay-cikti","status":"publish","type":"post","link":"https:\/\/haberulus.net\/?p=95812","title":{"rendered":"Cezayirli Hasan Pa\u015fa\u2019n\u0131n \u00e7iftli\u011finde kaz\u0131ya onay \u00e7\u0131kt\u0131"},"content":{"rendered":"<p>Ezine il\u00e7esinde \u00dcvecik, Yenik\u00f6y ve Mahmudiye k\u00f6yleri aras\u0131nda Batak Ovas\u0131 olarak bilinen b\u00f6lgede yer alan \u00e7iftlikte, 1770 y\u0131l\u0131nda Cezayirli Hasan Pa\u015fa taraf\u0131ndan zemin kat\u0131 bodrum olarak kullan\u0131lan iki katl\u0131 k\u00f6\u015fk in\u015fa ettirildi.<\/p>\n<p>Pa\u015fa\u2019n\u0131n dinlenme yeri ve b\u00f6lgeyle ilgili \u00e7al\u0131\u015fmalar\u0131n\u0131 yapt\u0131\u011f\u0131 yer olan, Osmanl\u0131 ayanlar\u0131 ve e\u015fraf\u0131n\u0131n \u00e7iftlik ya da k\u0131r evlerinin tipik \u00f6zelliklerini yans\u0131tan k\u00f6\u015fkten bug\u00fcne yap\u0131n\u0131n d\u0131\u015f duvarlar\u0131 ve g\u00f6zetleme kuleleri kald\u0131.<\/p>\n<p><img decoding=\"async\" src=\"https:\/\/i01.sozcucdn.com\/wp-content\/uploads\/2023\/06\/09\/c3.jpeg\" alt=\"\" title=\"\"><\/p>\n<p>Troya M\u00fczesi M\u00fcd\u00fcrl\u00fc\u011f\u00fc ve \u00c7anakkale Onsekiz Mart \u00dcniversitesi (\u00c7OM\u00dc) i\u015fbirli\u011finde arkeolojik kaz\u0131 yap\u0131larak k\u00f6\u015fk\u00fcn turizme kazand\u0131r\u0131lmas\u0131 i\u00e7in ba\u015flat\u0131lan \u00e7al\u0131\u015fmalarda \u00f6nemli mesafe katedildi.<\/p>\n<p>K\u00fclt\u00fcr ve Turizm Bakanl\u0131\u011f\u0131\u2019n\u0131n onay\u0131 do\u011frultusunda y\u0131l sonuna kadar ba\u015flamas\u0131 planlanan kaz\u0131lar\u0131n ard\u0131ndan \u00e7\u0131kar\u0131lacak sonu\u00e7lara g\u00f6re, Cezayirli Hasan Pa\u015fa\u2019n\u0131n \u00c7anakkale\u2019de bulundu\u011fu d\u00f6nemde ya\u015fad\u0131\u011f\u0131 yap\u0131 restore edilip turizme kazand\u0131r\u0131lacak.<\/p>\n<p>\u00c7OM\u00dc Sanat Tarihi B\u00f6l\u00fcm\u00fc \u00f6\u011fretim \u00fcyesi Prof. Dr. Ali Osman Uysal, bu yap\u0131n\u0131n baz\u0131 kaynaklarda k\u00f6\u015fk, konak ve kule ev olarak tan\u0131mland\u0131\u011f\u0131n\u0131 s\u00f6yledi. K\u00f6\u015fk\u00fcn b\u00f6lgedeki en \u00f6nemli tarihi yap\u0131lardan biri oldu\u011funu belirten Uysal, \u201cEdirne K\u00fclt\u00fcr Varl\u0131klar\u0131n\u0131 Koruma B\u00f6lge Kurulu taraf\u0131ndan buras\u0131 tescillenmi\u015fti. Daha sonra da arkeolojik sit ilan\u0131 edilmi\u015f bir alan. Restorasyon projesi de kuruldan ge\u00e7ti. Bu y\u0131l i\u00e7inde \u00e7al\u0131\u015fmaya ba\u015flamay\u0131 planl\u0131yoruz\u201d dedi.<\/p>\n<p>Uysal, k\u00f6\u015fk\u00fcn restorasyonu kadar \u00e7evresinde yap\u0131lacak arkeolojik kaz\u0131n\u0131n da \u00f6nemli oldu\u011funu vurgulad\u0131. Bakanl\u0131\u011fa bu konuda da ba\u015fvuru yapt\u0131klar\u0131n\u0131 dile getiren Uysal, \u201cOlumlu geli\u015fmeler var. Hay\u0131rl\u0131s\u0131yla restorasyon \u00f6ncesi kaz\u0131 faaliyetleri yapabilece\u011fiz. Bunu yapabilirsek Hasan Pa\u015fa K\u00f6\u015fk\u00fc\u2019n\u00fc daha iyi anlayabilece\u011fiz\u201d ifadesini kulland\u0131.<\/p>\n<p><img decoding=\"async\" src=\"https:\/\/i01.sozcucdn.com\/wp-content\/uploads\/2023\/06\/09\/c1.jpeg\" alt=\"\" title=\"\"><\/p>\n<p><strong>\u201cBU YAPIYI KORUMAMIZ GEREK\u0130YOR\u201d<\/strong><\/p>\n<p>Uysal, bu k\u00f6\u015fk\u00fcn, geni\u015f bir araziye yay\u0131lan ve birden fazla yap\u0131 bulunan \u00e7iftli\u011fin bir par\u00e7as\u0131 oldu\u011fu bilgisini verdi. 18\u2019inci y\u00fczy\u0131l\u0131n son \u00e7eyre\u011finde devlet adamlar\u0131na ait b\u00f6yle bir \u00e7iftlik binas\u0131n\u0131n pek bilinmedi\u011fine dikkati \u00e7eken Uysal, Hasan Pa\u015fa\u2019n\u0131n geride b\u0131rakt\u0131\u011f\u0131 maddi k\u00fclt\u00fcr miras\u0131n\u0131 anlayabilmeleri i\u00e7in \u00e7evredeki kal\u0131nt\u0131lar\u0131n \u00f6nemli oldu\u011funu anlatt\u0131.<\/p>\n<p>Devlet adamlar\u0131ndan kalma \u0130stanbul\u2019da birka\u00e7 \u00e7iftli\u011fin bulundu\u011funu ancak kal\u0131nt\u0131lar\u0131n\u0131n \u00e7ok anlaml\u0131 olmad\u0131\u011f\u0131n\u0131 kaydeden Uysal, \u015f\u00f6yle devam etti:<\/p>\n<p>\u201cCezayirli Hasan Pa\u015fa\u2019n\u0131n askeri g\u00f6revleri s\u00fcresince burada kald\u0131\u011f\u0131 biliniyor. Zaman zaman ikameti burada ancak s\u00fcrekli ikamet etmiyor. Ama donanma Akdeniz\u2019e a\u00e7\u0131l\u0131rken buradaki ge\u00e7ici konaklamalar\u0131 ve birtak\u0131m ihtiya\u00e7lar\u0131n tedariki s\u0131ras\u0131nda Pa\u015fa\u2019n\u0131n peyderpey \u00e7iftlikte kald\u0131\u011f\u0131n\u0131 d\u00fc\u015f\u00fcn\u00fcyoruz. Bu k\u00f6\u015fk, sadrazaml\u0131k makam\u0131na da y\u00fckselmi\u015f bir \u015fahsiyete ait olmas\u0131 bak\u0131m\u0131ndan \u00f6nemli. B\u00f6yle \u00f6nemli bir yap\u0131y\u0131, maddi k\u00fclt\u00fcr miras\u0131m\u0131z\u0131 iyi de\u011ferlendirmemiz, korumam\u0131z, gen\u00e7 nesillere aktarmam\u0131z gerekiyor. \u201d<\/p>\n<p><img decoding=\"async\" src=\"https:\/\/i01.sozcucdn.com\/wp-content\/uploads\/2023\/06\/09\/c2.jpeg\" alt=\"\" title=\"\"><\/p>\n<p>Prof. Dr. Uysal, 1713-1790 y\u0131llar\u0131nda ya\u015fayan ve Sultan 3. Selim d\u00f6neminde sadrazaml\u0131k yapan Pa\u015fa\u2019n\u0131n, g\u00f6rev ve sorumluluklar\u0131n\u0131n yan\u0131nda \u015fahs\u0131na m\u00fcnhas\u0131r bir ki\u015fili\u011fe sahip oldu\u011funu belirtti.<\/p>\n<p>Cezayirli Hasan Pa\u015fa\u2019n\u0131n cevval \u015fahsiyetli, y\u00fcrekli, g\u00f6z\u00fc pek bir devlet adam\u0131 olarak tan\u0131mland\u0131\u011f\u0131n\u0131, \u201cpalab\u0131y\u0131k\u201d lakab\u0131yla bilindi\u011fini aktaran Uysal, \u201cG\u00f6rev yapt\u0131\u011f\u0131 yerlerde ve imparatorlu\u011fun bir\u00e7ok b\u00f6lgesinde \u00e7ok say\u0131da vak\u0131f ve hay\u0131r eseri b\u0131rakt\u0131\u011f\u0131n\u0131 g\u00f6r\u00fcyoruz. Hasan Pa\u015fa\u2019n\u0131n Rodos\u2019ta, \u00c7e\u015fme\u2019de, Sak\u0131z\u2019da, Limni\u2019de, Vize\u2019de, \u0130stanbul\u2019da ve \u00c7anakkale\u2019de \u00f6nemli eserleri bulunuyor\u201d diye konu\u015ftu.<\/p>\n<p>Uysal, Pa\u015fa\u2019n\u0131n yan\u0131nda gezdirdi\u011fi aslan\u0131n nas\u0131l kendisine al\u0131\u015ft\u0131rd\u0131\u011f\u0131n\u0131n bilinmedi\u011fine, kaz\u0131da buna ili\u015fkin ipu\u00e7lar\u0131na rastlamay\u0131 umduklar\u0131na i\u015faret ederek, \u201cHasan Pa\u015fa\u2019n\u0131n aslan\u0131n\u0131n herhalde bir kafesi falan olmal\u0131 diye tahmin ediyoruz. Belki burada kaz\u0131 yapt\u0131\u011f\u0131m\u0131zda \u00e7iftli\u011fin i\u00e7inde b\u00f6yle \u00f6zel bir birim bulaca\u011f\u0131z. Mesela yan cephede giri\u015finin arkas\u0131nda k\u00fc\u00e7\u00fck bir alan var. Kagir tonozlu bir kal\u0131nt\u0131 var. Eski foto\u011frafta g\u00f6z\u00fck\u00fcyor. Oras\u0131 bir mahzen mi, bek\u00e7i kul\u00fcbesi mi, n\u00f6bet\u00e7i odas\u0131 m\u0131 yoksa b\u00f6yle bir hayvan\u0131 falan korumak, kapatmak i\u00e7in kullan\u0131lan bar\u0131nak m\u0131 bilmiyoruz ama bir \u015fekilde Hasan Pa\u015fa\u2019n\u0131n yan\u0131nda bir aslan\u0131n bulundu\u011funu biliyoruz.\u201d de\u011ferlendirmesinde bulundu. (AA)<\/p>\n","protected":false},"excerpt":{"rendered":"<p>Cezayirli Hasan Pa\u015fa&#8217;n\u0131n \u00c7anakkale&#8217;de yapt\u0131rd\u0131\u011f\u0131 253 y\u0131ll\u0131k k\u00f6\u015fk ile \u00e7evresinde arkeolojik kaz\u0131 ve restorasyona y\u0131l sonuna kadar ba\u015flanmas\u0131 planlan\u0131yor.<\/p>\n","protected":false},"author":1,"featured_media":95813,"comment_status":"closed","ping_status":"open","sticky":false,"template":"","format":"standard","meta":{"footnotes":""},"categories":[27],"tags":[698,6396,1049,5409,669],"class_list":["post-95812","post","type-post","status-publish","format-standard","has-post-thumbnail","hentry","category-kultur-sanat","tag-kazi","tag-kosk","tag-onemli","tag-uysal","tag-yapi"],"_links":{"self":[{"href":"https:\/\/haberulus.net\/index.php?rest_route=\/wp\/v2\/posts\/95812","targetHints":{"allow":["GET"]}}],"collection":[{"href":"https:\/\/haberulus.net\/index.php?rest_route=\/wp\/v2\/posts"}],"about":[{"href":"https:\/\/haberulus.net\/index.php?rest_route=\/wp\/v2\/types\/post"}],"author":[{"embeddable":true,"href":"https:\/\/haberulus.net\/index.php?rest_route=\/wp\/v2\/users\/1"}],"replies":[{"embeddable":true,"href":"https:\/\/haberulus.net\/index.php?rest_route=%2Fwp%2Fv2%2Fcomments&post=95812"}],"version-history":[{"count":1,"href":"https:\/\/haberulus.net\/index.php?rest_route=\/wp\/v2\/posts\/95812\/revisions"}],"predecessor-version":[{"id":95814,"href":"https:\/\/haberulus.net\/index.php?rest_route=\/wp\/v2\/posts\/95812\/revisions\/95814"}],"wp:featuredmedia":[{"embeddable":true,"href":"https:\/\/haberulus.net\/index.php?rest_route=\/wp\/v2\/media\/95813"}],"wp:attachment":[{"href":"https:\/\/haberulus.net\/index.php?rest_route=%2Fwp%2Fv2%2Fmedia&parent=95812"}],"wp:term":[{"taxonomy":"category","embeddable":true,"href":"https:\/\/haberulus.net\/index.php?rest_route=%2Fwp%2Fv2%2Fcategories&post=95812"},{"taxonomy":"post_tag","embeddable":true,"href":"https:\/\/haberulus.net\/index.php?rest_route=%2Fwp%2Fv2%2Ftags&post=95812"}],"curies":[{"name":"wp","href":"https:\/\/api.w.org\/{rel}","templated":true}]}}