{"id":95823,"date":"2023-06-09T11:51:03","date_gmt":"2023-06-09T11:51:03","guid":{"rendered":"https:\/\/haberulus.net\/?p=95823"},"modified":"2023-06-09T11:51:03","modified_gmt":"2023-06-09T11:51:03","slug":"greta-thunberg-mezun-oldu-son-kez-eylem-yapti","status":"publish","type":"post","link":"https:\/\/haberulus.net\/?p=95823","title":{"rendered":"Greta Thunberg mezun oldu: Son kez eylem yapt\u0131"},"content":{"rendered":"<p>Her hafta yapt\u0131\u011f\u0131 \u201c\u00e7evre eylemi\u201d ile birlikte tan\u0131nan \u0130sve\u00e7li \u00e7evre aktivisti Greta Thunberg, bug\u00fcn son kez eylem yapt\u0131\u2026<\/p>\n<p>20 ya\u015f\u0131ndaki Thunberg, bug\u00fcn son kez \u0130sve\u00e7 parlamentosu Riksdag \u00f6n\u00fcnde elindeki d\u00f6vizle protesto ger\u00e7ekle\u015ftirdi.<\/p>\n<p>251 hafta boyunca iklim krizine dikkat \u00e7ekmek i\u00e7in eylem yapan ve \u201cokulu k\u0131ran\u201d Thunberg, \u201cBug\u00fcn okulu bitiriyorum ve dolay\u0131s\u0131yla art\u0131k okul eylemi yapamayaca\u011f\u0131m. Fakat sesini y\u00fckseltebilenler sesini y\u00fckseltsin\u201d dedi.<\/p>\n<p>Ba\u015f\u0131nda bir mezuniyet kepiyle poz veren Thunberg, \u201c2018 y\u0131l\u0131nda eyleme ba\u015flad\u0131\u011f\u0131mda olaylar\u0131n bu noktaya gelece\u011fini tahmin etmiyordum. 2019\u2019da milyonlarca gen\u00e7 iklim de\u011fi\u015fikli\u011fine kar\u015f\u0131 fark\u0131ndal\u0131k yaratmak i\u00e7in 180\u2019den fazla \u00fclkede eyleme kat\u0131ld\u0131<\/p>\n","protected":false},"excerpt":{"rendered":"<p>\u0130sve\u00e7li \u00e7evre aktivisti Greta Thunberg, bug\u00fcn okuldan mezun oldu.<\/p>\n","protected":false},"author":1,"featured_media":95824,"comment_status":"closed","ping_status":"open","sticky":false,"template":"","format":"standard","meta":{"footnotes":""},"categories":[24],"tags":[1428],"class_list":["post-95823","post","type-post","status-publish","format-standard","has-post-thumbnail","hentry","category-dunya","tag-eylem"],"_links":{"self":[{"href":"https:\/\/haberulus.net\/index.php?rest_route=\/wp\/v2\/posts\/95823","targetHints":{"allow":["GET"]}}],"collection":[{"href":"https:\/\/haberulus.net\/index.php?rest_route=\/wp\/v2\/posts"}],"about":[{"href":"https:\/\/haberulus.net\/index.php?rest_route=\/wp\/v2\/types\/post"}],"author":[{"embeddable":true,"href":"https:\/\/haberulus.net\/index.php?rest_route=\/wp\/v2\/users\/1"}],"replies":[{"embeddable":true,"href":"https:\/\/haberulus.net\/index.php?rest_route=%2Fwp%2Fv2%2Fcomments&post=95823"}],"version-history":[{"count":1,"href":"https:\/\/haberulus.net\/index.php?rest_route=\/wp\/v2\/posts\/95823\/revisions"}],"predecessor-version":[{"id":95825,"href":"https:\/\/haberulus.net\/index.php?rest_route=\/wp\/v2\/posts\/95823\/revisions\/95825"}],"wp:featuredmedia":[{"embeddable":true,"href":"https:\/\/haberulus.net\/index.php?rest_route=\/wp\/v2\/media\/95824"}],"wp:attachment":[{"href":"https:\/\/haberulus.net\/index.php?rest_route=%2Fwp%2Fv2%2Fmedia&parent=95823"}],"wp:term":[{"taxonomy":"category","embeddable":true,"href":"https:\/\/haberulus.net\/index.php?rest_route=%2Fwp%2Fv2%2Fcategories&post=95823"},{"taxonomy":"post_tag","embeddable":true,"href":"https:\/\/haberulus.net\/index.php?rest_route=%2Fwp%2Fv2%2Ftags&post=95823"}],"curies":[{"name":"wp","href":"https:\/\/api.w.org\/{rel}","templated":true}]}}