{"id":95841,"date":"2023-06-09T12:21:04","date_gmt":"2023-06-09T12:21:04","guid":{"rendered":"https:\/\/haberulus.net\/?p=95841"},"modified":"2023-06-09T12:21:04","modified_gmt":"2023-06-09T12:21:04","slug":"italyada-turkiyeyle-ilgili-sengen-aciklamasi","status":"publish","type":"post","link":"https:\/\/haberulus.net\/?p=95841","title":{"rendered":"\u0130talya\u2019da T\u00fcrkiye\u2019yle ilgili \u015eengen a\u00e7\u0131klamas\u0131"},"content":{"rendered":"<p>\u0130talya\u2019n\u0131n Ankara B\u00fcy\u00fckel\u00e7isi Giorgio Marrapodi, bu y\u0131l\u0131n 5 ay\u0131nda T\u00fcrkiye\u2019den \u00fclkesine \u015eengen vizesi taleplerinin ge\u00e7en y\u0131l\u0131n ayn\u0131 d\u00f6nemine k\u0131yasla y\u00fczde 110 artt\u0131\u011f\u0131n\u0131 belirterek, \u201cRoma\u2019daki Bakanl\u0131ktan birka\u00e7 ki\u015fi daha almak i\u00e7in talepte bulunduk, ayr\u0131ca T\u00fcrkiye\u2019de istihdam edebilece\u011fimiz ki\u015fi say\u0131s\u0131n\u0131 art\u0131rmak i\u00e7in yetki talebinde bulunduk\u201d dedi.<\/p>\n<p>Son d\u00f6nemde \u015eengen vizesi ret oranlar\u0131n\u0131n artmas\u0131 ve randevu i\u00e7in bekleme s\u00fcrelerinin uzamas\u0131 g\u00fcndeme geldi.<\/p>\n<p>T\u00fcrkiye\u2019den \u015eengen vizesi ba\u015fvurular\u0131nda en d\u00fc\u015f\u00fck ret oran\u0131na sahip \u0130talya\u2019n\u0131n Ankara B\u00fcy\u00fckel\u00e7isi Marrapodi, \u00fclkesinin ba\u015fvurular\u0131 ret ve kabul oranlar\u0131na ili\u015fkin AA muhabirine de\u011ferlendirmelerde bulundu. Seyahat etmenin i\u015f, k\u00fclt\u00fcr al\u0131\u015fveri\u015fi ve \u00f6\u011frenciler i\u00e7in \u00f6nemli oldu\u011funu vurgulayan Marrapodi, vize konusunu \u00f6nemsediklerini ve bunu \u00e7ok hassas ve dostane \u015fekilde ele ald\u0131klar\u0131n\u0131 belirtti.<\/p>\n<p>Marrapodi, T\u00fcrkiye ile \u0130talya aras\u0131nda ticaret, k\u00fclt\u00fcr, bilim ve siyaset alanlar\u0131nda g\u00fc\u00e7l\u00fc ba\u011flar\u0131n oldu\u011funa i\u015faret ederek, \u201c\u0130talyanlar\u0131n T\u00fcrkiye\u2019ye gelmesini istiyoruz \u00e7\u00fcnk\u00fc buras\u0131 \u00e7ok g\u00fczel bir \u00fclke. Biz de T\u00fcrk turistlerin \u0130talya\u2019ya gitmesini istiyoruz \u00e7\u00fcnk\u00fc turizm bir k\u00fclt\u00fcr meselesi, birbirimizi daha iyi tan\u0131ma meselesi. Turizm, her iki \u00fclke ekonomisi i\u00e7in \u00f6nemli bir itici g\u00fc\u00e7t\u00fcr\u201d diye konu\u015ftu.<\/p>\n<p><strong>TALEP \u0130K\u0130 KATTAN FAZLA ARTTI<\/strong><\/p>\n<p>\u0130\u015fleme ald\u0131klar\u0131 taleplerin say\u0131s\u0131n\u0131 art\u0131rd\u0131klar\u0131n\u0131 ifade eden B\u00fcy\u00fckel\u00e7i, \u201c2023\u2019\u00fcn ilk 5 ay\u0131yla ilgili elimizdeki son rakamlara bakal\u0131m. Ocak-May\u0131s 2023\u2019\u00fc Ocak-May\u0131s 2022 ile kar\u015f\u0131la\u015ft\u0131r\u0131rsa taleplerin i\u015flenmesinde y\u00fczde 100\u2019\u00fcn \u00fczerinde bir art\u0131\u015f g\u00f6r\u00fcyoruz. T\u00fcrkiye genelinde y\u00fczde 110 civar\u0131nday\u0131z. Ankara\u2019da y\u00fczde 90, \u0130stanbul\u2019da y\u00fczde 90 ile 100 aras\u0131nda art\u0131\u015f\u0131m\u0131z oldu. \u0130zmir\u2019de y\u00fczde 100\u2019den biraz fazla yani ald\u0131\u011f\u0131m\u0131z talep say\u0131s\u0131, ge\u00e7en y\u0131la g\u00f6re iki kattan fazla\u201d \u015feklinde konu\u015ftu.<\/p>\n<p>B\u00fcy\u00fckel\u00e7i Marrapodi, personel say\u0131s\u0131n\u0131n ayn\u0131 oldu\u011funu ancak yenilik\u00e7i prosed\u00fcrler uygulayarak verimlili\u011fi art\u0131rmaya \u00e7al\u0131\u015ft\u0131klar\u0131n\u0131 s\u00f6yledi.<\/p>\n<p>Taleplerin y\u00fczde 100\u2019den fazla artmas\u0131na ra\u011fmen ret oranlar\u0131n\u0131n d\u00fc\u015f\u00fck oldu\u011funa dikkati \u00e7eken Marrapodi, \u201c\u0130lk 5 ayda ald\u0131\u011f\u0131m\u0131z talepler, ge\u00e7en y\u0131la g\u00f6re yakla\u015f\u0131k y\u00fczde 110 daha fazla. Buna ra\u011fmen \u00e7ok az say\u0131da ret oran\u0131na sahibiz. A\u015fa\u011f\u0131 yukar\u0131 y\u00fczde 7-8 civar\u0131nda\u201d ifadelerini kulland\u0131.<\/p>\n<p>Vize ba\u015fvurusu i\u00e7in randevu durumuna ili\u015fkin de de\u011ferlendirmelerde bulunan B\u00fcy\u00fckel\u00e7i Marrapodi, yaz aylar\u0131nda ya\u015fanan yo\u011funluk nedeniyle randevu alman\u0131n zorla\u015ft\u0131\u011f\u0131n\u0131, k\u0131\u015f\u0131n ise randevu i\u00e7in bekleme s\u00fcresinin d\u00fc\u015ft\u00fc\u011f\u00fcn\u00fc anlatt\u0131.<\/p>\n<p>Marrapodi, \u00f6te yandan daha \u00f6nce \u0130talya\u2019dan \u015eengen vizesi alanlar\u0131n bir sonraki ba\u015fvurular\u0131nda daha uzun s\u00fcreli vize alabildiklerine dikkati \u00e7ekerek, \u015funlar\u0131 kaydetti:<\/p>\n<p>\u201cGe\u00e7mi\u015fte vize alm\u0131\u015f ki\u015filerin durumunu da incelemeye \u00e7al\u0131\u015f\u0131yoruz. Bu durumda her zaman daha uzun bir s\u00fcre vize veriyoruz. Daha \u00f6nce \u0130talya\u2019ya bir kez gittiyseniz, vize ald\u0131n\u0131z, sonra geri d\u00f6nd\u00fcn\u00fcz, sonra ikinci kez size daha uzun s\u00fcreli vize veriyoruz ama \u00fc\u00e7\u00fcnc\u00fcs\u00fcnde size bazen 3 y\u0131ll\u0131k \u00e7oklu giri\u015fli, 5 y\u0131ll\u0131k vize veriyoruz. Yani ne kadar \u00e7ok seyahat ederseniz o kadar az vizeye ihtiya\u00e7 duyars\u0131n\u0131z.\u201d<\/p>\n<p>Marrapodi, vize taleplerinin daha fazlas\u0131n\u0131 kar\u015f\u0131layabilmek i\u00e7in insan kayna\u011f\u0131n\u0131 yeniden organize ettiklerini belirterek, daha fazla personelin konsolosluk i\u015fleriyle g\u00f6revlendirildi\u011fini anlatt\u0131. (AA)<\/p>\n","protected":false},"excerpt":{"rendered":"<p>T\u00fcrkiye&#8217;den \u015eengen vizesi ba\u015fvurular\u0131n\u0131n iki kat\u0131na \u00e7\u0131kt\u0131\u011f\u0131 \u0130talya, talebi ek \u00f6nlemlerle kar\u015f\u0131layaca\u011f\u0131n\u0131 a\u00e7\u0131klad\u0131.<\/p>\n","protected":false},"author":1,"featured_media":95842,"comment_status":"closed","ping_status":"open","sticky":false,"template":"","format":"standard","meta":{"footnotes":""},"categories":[24],"tags":[559,86,302,15,1340],"class_list":["post-95841","post","type-post","status-publish","format-standard","has-post-thumbnail","hentry","category-dunya","tag-italya","tag-sure","tag-talep","tag-turkiye","tag-vize"],"_links":{"self":[{"href":"https:\/\/haberulus.net\/index.php?rest_route=\/wp\/v2\/posts\/95841","targetHints":{"allow":["GET"]}}],"collection":[{"href":"https:\/\/haberulus.net\/index.php?rest_route=\/wp\/v2\/posts"}],"about":[{"href":"https:\/\/haberulus.net\/index.php?rest_route=\/wp\/v2\/types\/post"}],"author":[{"embeddable":true,"href":"https:\/\/haberulus.net\/index.php?rest_route=\/wp\/v2\/users\/1"}],"replies":[{"embeddable":true,"href":"https:\/\/haberulus.net\/index.php?rest_route=%2Fwp%2Fv2%2Fcomments&post=95841"}],"version-history":[{"count":1,"href":"https:\/\/haberulus.net\/index.php?rest_route=\/wp\/v2\/posts\/95841\/revisions"}],"predecessor-version":[{"id":95843,"href":"https:\/\/haberulus.net\/index.php?rest_route=\/wp\/v2\/posts\/95841\/revisions\/95843"}],"wp:featuredmedia":[{"embeddable":true,"href":"https:\/\/haberulus.net\/index.php?rest_route=\/wp\/v2\/media\/95842"}],"wp:attachment":[{"href":"https:\/\/haberulus.net\/index.php?rest_route=%2Fwp%2Fv2%2Fmedia&parent=95841"}],"wp:term":[{"taxonomy":"category","embeddable":true,"href":"https:\/\/haberulus.net\/index.php?rest_route=%2Fwp%2Fv2%2Fcategories&post=95841"},{"taxonomy":"post_tag","embeddable":true,"href":"https:\/\/haberulus.net\/index.php?rest_route=%2Fwp%2Fv2%2Ftags&post=95841"}],"curies":[{"name":"wp","href":"https:\/\/api.w.org\/{rel}","templated":true}]}}