{"id":95915,"date":"2023-06-09T14:21:02","date_gmt":"2023-06-09T14:21:02","guid":{"rendered":"https:\/\/haberulus.net\/?p=95915"},"modified":"2023-06-09T14:21:02","modified_gmt":"2023-06-09T14:21:02","slug":"263-yillik-tarihi-camide-aydinlatma-sistemi-tartismasi","status":"publish","type":"post","link":"https:\/\/haberulus.net\/?p=95915","title":{"rendered":"263 y\u0131ll\u0131k tarihi camide ayd\u0131nlatma sistemi tart\u0131\u015fmas\u0131"},"content":{"rendered":"<p>\u00dcsk\u00fcdar\u2019da ger\u00e7ekle\u015ftirilen restorasyon sonras\u0131nda 2022 y\u0131l\u0131nda ibadete a\u00e7\u0131lan 263 y\u0131ll\u0131k Ayazma Camii\u2019nin d\u0131\u015f cephesinde yer alan ayd\u0131nlatma ekipmanlar\u0131na ait kablo ve plastik borular tart\u0131\u015fma yaratt\u0131.<\/p>\n<p>Caminin pencere \u00e7evresi ve duvarlar\u0131na vida ile monte edildi\u011fi g\u00f6r\u00fclen plastik borular\u0131n yap\u0131n\u0131n b\u00fcy\u00fck bir b\u00f6l\u00fcm\u00fcnde yer ald\u0131\u011f\u0131 g\u00f6r\u00fcld\u00fc.<\/p>\n<p><img decoding=\"async\" src=\"https:\/\/i01.sozcucdn.com\/wp-content\/uploads\/2023\/06\/09\/boru5.1_23167650.jpg\" alt=\"\" title=\"\"><\/p>\n<p><strong>\u201cYAPININ K\u0130ML\u0130\u011e\u0130YLE AYKIRI PLAST\u0130K BORULAR GE\u00c7\u0130R\u0130LM\u0130\u015e\u201d<\/strong><\/p>\n<p>Sosyal medyada ve \u00e7evre sakinleri aras\u0131nda da tart\u0131\u015fma konusu olan ayd\u0131nlatma ekipmanlar\u0131yla ilgili Beykent \u00dcniversitesi Mimari Restorasyon Program\u0131 \u00f6\u011fretim \u00fcyesi Dr. Buket Ak\u00e7ay G\u00fcven \u015fu de\u011ferlendirmelerde bulundu:<\/p>\n<p>\u201cCaminin d\u0131\u015f cephesinde pencerelerin \u00f6n\u00fcnde ayd\u0131nlatma ama\u00e7l\u0131 U bi\u00e7iminde plastik borular ge\u00e7irilmi\u015f oldu\u011funu g\u00f6r\u00fcyoruz. Muhtemelen bunlar\u0131n i\u00e7erisinden o ayd\u0131nlatma i\u00e7in elektrik borular\u0131n\u0131 ge\u00e7irmi\u015fler. Burada yani \u00e7ok a\u00e7\u0131k\u00e7a ayk\u0131r\u0131 bir durum var. Bunu hani biz korumayla ilgili \u00e7al\u0131\u015fan uzmanlar, arkeologlar, sanat tarih\u00e7ilerinin de g\u00f6rd\u00fc\u011f\u00fc ayr\u0131ca sokaktan ge\u00e7en insan\u0131n da fark edece\u011fi \u015fekilde hem estetik y\u00f6nden ayk\u0131r\u0131 bir durum var hem de m\u00fcdahale a\u00e7\u0131s\u0131ndan bir hata var. Biz genel olarak tarihi yap\u0131lar\u0131n ayd\u0131nlat\u0131lmas\u0131nda yap\u0131ya minimum m\u00fcdahale ilkesini benimsiyoruz. Yani yap\u0131n\u0131n d\u0131\u015f g\u00f6r\u00fcn\u00fcm\u00fcne estetik durumuna minimum bir etki olsun, yapt\u0131\u011f\u0131m\u0131z eklemeler m\u00fcmk\u00fcn oldu\u011funca g\u00f6r\u00fcnmesin istiyoruz ama burada bariz bir \u015fekilde g\u00f6r\u00fcn\u00fcr. Yap\u0131n\u0131n kimli\u011fiyle malzemesiyle de ayk\u0131r\u0131 plastik borular ge\u00e7irilmi\u015f.\u201d<\/p>\n<p><img decoding=\"async\" src=\"https:\/\/i01.sozcucdn.com\/wp-content\/uploads\/2023\/06\/09\/boru1.1_23167657.jpg\" alt=\"\" title=\"\"><\/p>\n<p>\u201cYap\u0131n\u0131n d\u0131\u015f cephesinde \u00f6zellikli bir yap\u0131 eleman\u0131 veya bir bezeme, bir s\u00fcs, bir heykel olursa onu ayr\u0131ca \u0131\u015f\u0131kland\u0131rmayla bir vurgu yap\u0131labilir. Ama Osmanl\u0131 yap\u0131lar\u0131nda zaten heykel yok ve di\u011fer bezemeler de yap\u0131n\u0131n i\u00e7inde yo\u011funla\u015f\u0131yor. Bu sebeple d\u0131\u015f cephede \u00f6zel bir vurgu yapmaya ihtiya\u00e7 yok. Yap\u0131n\u0131n genel cephelerinin ayd\u0131nlat\u0131lmas\u0131 yeterli olurdu. Umar\u0131m en k\u0131sa zamanda bu tesisat diyelim, kim taraf\u0131ndan ne \u015fekilde yap\u0131lm\u0131\u015f \u00f6\u011frenilir ve olmas\u0131 gerekti\u011fi hale getirilir.\u201d<\/p>\n<p><img decoding=\"async\" src=\"https:\/\/i01.sozcucdn.com\/wp-content\/uploads\/2023\/06\/09\/boru4.1_23167651.jpg\" alt=\"\" title=\"\"><\/p>\n<p><strong>\u201c\u0130NANILMAZ \u00c7\u0130RK\u0130N\u201d<\/strong><\/p>\n<p>Yap\u0131n\u0131n d\u0131\u015f cephesinde yer alan eklentilerle ilgili konu\u015fan \u00e7evre sakinlerinden Yeliz \u00d6zcanl\u0131, \u201cBiraz inceledik restorasyondan sonra, baz\u0131 eksik yerler var g\u00f6rd\u00fc\u011f\u00fcm\u00fcz kadar\u0131yla. Etrafta ayd\u0131nlatma var ama caminin i\u00e7inde var m\u0131 yok mu emin de\u011filim. \u00c7ok k\u00f6t\u00fc bir g\u00f6r\u00fcnt\u00fc yani, inan\u0131lmaz \u00e7irkin, onaylam\u0131yoruz\u201d diye konu\u015ftu.<\/p>\n<p>Emekli resim ve sanat tarihi \u00f6\u011fretmeni oldu\u011funu belirten \u00e7evre sakinlerinden G\u00fcls\u00fcm Sa\u011flam ise \u201cG\u00fcn\u00fcm\u00fczde kullan\u0131lan herhangi bir malzeme kullan\u0131lmamal\u0131. G\u00f6rsel olarak beni rahats\u0131z ediyor. Bilgisi olan insan\u0131 rahats\u0131z ediyor ama s\u0131radan bir insan zaten ilgilenmiyor ki e\u011fitim, k\u00fclt\u00fcr yok insanlar\u0131m\u0131zda bu t\u00fcr \u015feylere\u201d dedi.<\/p>\n<p>Sosyal medyada da tart\u0131\u015fmalara neden olan restorasyonla ilgili Vak\u0131flar Genel M\u00fcd\u00fcrl\u00fc\u011f\u00fc\u2019nden ise a\u00e7\u0131klama yap\u0131lmad\u0131. (DHA)<\/p>\n","protected":false},"excerpt":{"rendered":"<p>\u00dcsk\u00fcdar&#8217;da Ayazma Camii&#8217;nin restorasyon sonras\u0131 d\u0131\u015f cephesine tak\u0131lan ayd\u0131nlatma sistemi tart\u0131\u015fmalara neden oldu. Ayd\u0131nlatma sisteminin yan\u0131ndaki kablo ve borular\u0131n, g\u00f6r\u00fcnt\u00fc kirlili\u011fi olu\u015fturdu\u011fu belirtildi.<\/p>\n","protected":false},"author":1,"featured_media":95916,"comment_status":"closed","ping_status":"open","sticky":false,"template":"","format":"standard","meta":{"footnotes":""},"categories":[27],"tags":[6149,2667,669,3745],"class_list":["post-95915","post","type-post","status-publish","format-standard","has-post-thumbnail","hentry","category-kultur-sanat","tag-aydinlatma","tag-dis","tag-yapi","tag-yapinin"],"_links":{"self":[{"href":"https:\/\/haberulus.net\/index.php?rest_route=\/wp\/v2\/posts\/95915","targetHints":{"allow":["GET"]}}],"collection":[{"href":"https:\/\/haberulus.net\/index.php?rest_route=\/wp\/v2\/posts"}],"about":[{"href":"https:\/\/haberulus.net\/index.php?rest_route=\/wp\/v2\/types\/post"}],"author":[{"embeddable":true,"href":"https:\/\/haberulus.net\/index.php?rest_route=\/wp\/v2\/users\/1"}],"replies":[{"embeddable":true,"href":"https:\/\/haberulus.net\/index.php?rest_route=%2Fwp%2Fv2%2Fcomments&post=95915"}],"version-history":[{"count":1,"href":"https:\/\/haberulus.net\/index.php?rest_route=\/wp\/v2\/posts\/95915\/revisions"}],"predecessor-version":[{"id":95917,"href":"https:\/\/haberulus.net\/index.php?rest_route=\/wp\/v2\/posts\/95915\/revisions\/95917"}],"wp:featuredmedia":[{"embeddable":true,"href":"https:\/\/haberulus.net\/index.php?rest_route=\/wp\/v2\/media\/95916"}],"wp:attachment":[{"href":"https:\/\/haberulus.net\/index.php?rest_route=%2Fwp%2Fv2%2Fmedia&parent=95915"}],"wp:term":[{"taxonomy":"category","embeddable":true,"href":"https:\/\/haberulus.net\/index.php?rest_route=%2Fwp%2Fv2%2Fcategories&post=95915"},{"taxonomy":"post_tag","embeddable":true,"href":"https:\/\/haberulus.net\/index.php?rest_route=%2Fwp%2Fv2%2Ftags&post=95915"}],"curies":[{"name":"wp","href":"https:\/\/api.w.org\/{rel}","templated":true}]}}