{"id":9593,"date":"2022-07-18T11:21:05","date_gmt":"2022-07-18T11:21:05","guid":{"rendered":"https:\/\/haberulus.net\/?p=9593"},"modified":"2022-07-18T11:21:05","modified_gmt":"2022-07-18T11:21:05","slug":"tuna-uzumcu-bu-sene-altayin-tarihi-bir-senesi","status":"publish","type":"post","link":"https:\/\/haberulus.net\/?p=9593","title":{"rendered":"Tuna \u00dcz\u00fcmc\u00fc: Bu sene, Altay\u2019\u0131n tarihi bir senesi"},"content":{"rendered":"<p><b>Altay Sportif Direkt\u00f6r\u00fc Tuna \u00dcz\u00fcmc\u00fc, bu senenin tarihi bir sene oldu\u011funu belirtirken, yeni sezonda Altay\u2019\u0131 en iyi \u015fekilde temsil edecek kadroyu sahaya \u00e7\u0131kartmay\u0131 hedeflediklerini s\u00f6yledi.<\/b><\/p>\n<p>2022-2023 sezonunda Spor Toto 1. Lig&#8217;de m\u00fccadele edecek olan Altay, haz\u0131rl\u0131klar\u0131na Afyonkarahisar&#8217;da yapt\u0131\u011f\u0131 kampla devam ediyor. Siyah-beyazl\u0131 ekipte Sportif Direkt\u00f6r Tuna \u00dcz\u00fcmc\u00fc, kamp ve transfer s\u00fcreci ile ilgili a\u00e7\u0131klamalarda bulundu.<\/p>\n<p>Tuna \u00dcz\u00fcmc\u00fc, yeni sezonun Altay camias\u0131na hay\u0131rl\u0131 olmas\u0131n\u0131 dileyerek, verimli bir kamp d\u00f6nemi ge\u00e7irdiklerini belirtti.<\/p>\n<p>Camia ve taraftarlardan bir istedi\u011finin oldu\u011funu s\u00f6yleyen \u00dcz\u00fcmc\u00fc, \u015fu ifadelere yer verdi:<\/p>\n<p>\u201cEn \u00e7ok ihtiyac\u0131m\u0131z olan \u015fey \u00f6ncelikle sab\u0131r. Sab\u0131rl\u0131 olaca\u011f\u0131z, en \u00e7ok birbirimize ihtiyac\u0131m\u0131z olan d\u00f6nemdeyiz. Bu sene, Altay\u2019\u0131n tarihi bir senesi. Altay\u2019\u0131n bundan sonraki yar\u0131nlar\u0131 ile alakal\u0131 herkesin \u00fczerine d\u00fc\u015fen g\u00f6revleri var. O y\u00fczden tek v\u00fccut olaca\u011f\u0131z, aile olaca\u011f\u0131z ve en \u00f6nemlisi sab\u0131rl\u0131 olaca\u011f\u0131z. Sab\u0131r bizim en b\u00fcy\u00fck avantaj\u0131m\u0131z olacak. Buradaki oyuncular\u0131m\u0131z\u0131n zaten aidiyetleri, Altay\u2019a olan ba\u011fl\u0131l\u0131klar\u0131, \u00e7al\u0131\u015fma istekleri gayet \u00fcst d\u00fczeyde. Bize sadece beraber hareket edip, tak\u0131m halinde Altay armas\u0131 i\u00e7in sava\u015fmak kalacak. Bunu mutlaka ya\u015fayaca\u011f\u0131z, sava\u015faca\u011f\u0131z. Ama \u00f6nemli olan sab\u0131rl\u0131 olmak. Sab\u0131rl\u0131 olursak ba\u015faraca\u011f\u0131z. \u0130\u00e7leri rahat olsun. Burada B\u00fcy\u00fck Altay\u2019\u0131 temsil edebilecek, ger\u00e7ekten bu i\u015fe g\u00f6n\u00fclden ba\u011fl\u0131, kul\u00fcb\u00fcm\u00fcze g\u00f6n\u00fclden ba\u011fl\u0131 insanlar var. Hepimiz gece g\u00fcnd\u00fcz nas\u0131l bu bayra\u011f\u0131 en yukar\u0131 tutar\u0131z, nas\u0131l altyap\u0131m\u0131zdan gelen gen\u00e7lerimizi \u00f6nce Altay\u2019a sonra T\u00fcrk futboluna kazand\u0131r\u0131r\u0131z diye d\u00fc\u015f\u00fcn\u00fcyoruz. B\u00fct\u00fcn mesaimizi buna harc\u0131yoruz. Ancak dedi\u011fim gibi bu s\u00fcre\u00e7 biraz zor olacak, biraz yoracak. Sab\u0131rl\u0131 oldu\u011fumuzda Altay altyap\u0131s\u0131 mutlaka bu bayra\u011f\u0131 devral\u0131p hedefe do\u011fru gidecektir.\u201d<\/p>\n<p><b>\u201cB\u00fcy\u00fck Altay\u2019\u0131 en iyi \u015fekilde temsil edecek kadroyu sahaya \u00e7\u0131kartmay\u0131 hedefliyoruz\u201d<\/b><\/p>\n<p>\u0130\u00e7 transfer d\u00f6neminde s\u00f6zle\u015fme imzalanan futbolcular\u0131n tamam\u0131n\u0131n Altay&#8217;a aidiyet duygusu oldu\u011funu s\u00f6yleyen Tuna \u00dcz\u00fcmc\u00fc, \u201cSon haftaya, son ma\u00e7a, son dakikaya kadar m\u00fccadele eden yan\u0131m\u0131zda olan oyunculard\u0131. Onlarla ilgili transfer s\u00fcreci ilk etab\u0131 ka\u00e7\u0131rd\u0131k gibi g\u00f6z\u00fck\u00fcyoruz ama ilk etapta kendileriyle s\u00fcrekli temas halindeydik. Bu anla\u015fmalar iki taraf\u0131nda kar\u015f\u0131l\u0131kl\u0131 ad\u0131m atmas\u0131yla mutlu sona ula\u015ft\u0131. \u015eu an kendileri ikinci etap kamp\u0131m\u0131zda. Oyuncular\u0131m\u0131zda fedakarl\u0131k yapt\u0131lar, y\u00f6netimimiz de fedakarl\u0131k yapt\u0131. Sonu\u00e7ta Altay i\u00e7in m\u00fccadele edecek diren\u00e7li bir kadroyu kurmak ad\u0131na g\u00fczel bir ad\u0131m atm\u0131\u015f olduk. Hem oyuncular, hem biz, hem y\u00f6netim yava\u015f yava\u015f yeni sezona haz\u0131r hale geliyoruz. Kadroya dahil etti\u011fimiz i\u00e7 transferdeki tecr\u00fcbeli oyuncular\u0131m\u0131zla, altyap\u0131dan \u00e7\u0131kartt\u0131\u011f\u0131m\u0131z yetenekli gen\u00e7lerimizi bir araya getirip, B\u00fcy\u00fck Altay\u2019\u0131 en iyi \u015fekilde temsil edecek kadroyu sahaya \u00e7\u0131kartmay\u0131 hedefliyoruz. Bu sene bizim en \u00e7ok ihtiyac\u0131m\u0131z olan \u015fey biraz sab\u0131r olacak. Tak\u0131m olmak, aile olmak kolay de\u011fil. Gen\u00e7 oyuncular\u0131m\u0131z\u0131n da zamana ihtiyac\u0131 var. Camiam\u0131zdan, taraftarlar\u0131m\u0131zdan en b\u00fcy\u00fck iste\u011fim bu sene biraz sab\u0131rl\u0131 olmalar\u0131d\u0131r. Bize inans\u0131nlar, biz burada iyi \u00e7al\u0131\u015f\u0131yoruz\u201d ifadelerini kulland\u0131.<\/p>\n<p><b>\u201cAltay Altyap\u0131s\u0131 her zaman fabrikad\u0131r, \u00fcniversitedir\u201d<\/b><\/p>\n<p>Tuna \u00dcz\u00fcmc\u00fc, Altay altyap\u0131s\u0131n\u0131n ge\u00e7mi\u015ften bug\u00fcne kadar \u00f6nemli futbolcular yeti\u015ftirdi\u011fini aktararak, \u201cHer zaman s\u00f6ylerim, \u2018Altay\u2019\u0131n altyap\u0131s\u0131 fabrikad\u0131r, \u00fcniversitedir&#8217;. Buraya gelen oyuncular\u0131m\u0131z yetenekli oyuncular. Onlar\u0131n biraz zamana ihtiyac\u0131 var. Ama B\u00fcy\u00fck Altay i\u00e7in ellerinden gelen her \u015feyi yapacaklar. \u0130\u00e7lerinde \u00e7ok yetenekli, bir an \u00f6nce Altay\u2019a hizmet edebilecek ve akabinde tekrar buraya dahil olup armam\u0131z\u0131 yukar\u0131ya ta\u015f\u0131yacak gen\u00e7lerimiz var. Bu konuda kimsenin \u015f\u00fcphesi olmas\u0131n. Sadece ihtiyac\u0131m\u0131z olan tek \u015fey sab\u0131r\u201d diye konu\u015ftu.<\/p>\n<p><b>\u201cDiren\u00e7li bir Altay, kaybetmeyen bir tak\u0131m olu\u015fturmak istiyoruz\u201d<\/b><\/p>\n<p>Y\u0131llarca bu seviyede oynam\u0131\u015f bir futbolcu olarak 2022-2023 sezonunun birinci lig i\u00e7in gelmi\u015f ge\u00e7mi\u015f en iyi sezon olaca\u011f\u0131n\u0131 vurgulayan Tuna \u00dcz\u00fcmc\u00fc, \u201c\u015eehir tak\u0131mlar\u0131, camialar\u0131 olan tak\u0131mlarla m\u00fccadele edece\u011fiz. Bizim burada amac\u0131m\u0131z Altay armas\u0131n\u0131 ne kadar yukar\u0131 ta\u015f\u0131yabiliriz. Ama onun i\u00e7inde \u015fu an kadromuzda bulunan mevcut durumu, i\u00e7inde bulundu\u011fumuz durumu g\u00f6z \u00f6n\u00fcnde bulundurarak ilk ma\u00e7tan itibaren diren\u00e7li bir Altay, kaybetmeyen bir tak\u0131m olu\u015fturmak istiyoruz. Biz her ma\u00e7a kaybetmemek i\u00e7in \u00e7\u0131kaca\u011f\u0131z. Kazanmak i\u00e7inde taraftarlar\u0131m\u0131z\u0131n deste\u011fine ihtiyac\u0131m\u0131z olacak\u201d c\u00fcmlelerine yer verdi.<\/p>\n<p><b>\u201cAltyap\u0131 oyuncular\u0131m\u0131z\u0131n \u00f6n\u00fcnde \u015fu an inan\u0131lmaz bir f\u0131rsat var\u201d<\/b><\/p>\n<p>Altay&#8217;\u0131n \u015fu an i\u00e7erisinde bulundu\u011fu d\u00f6nemi Altay altyap\u0131s\u0131nda oynarken kendisinin de ya\u015fad\u0131\u011f\u0131 hat\u0131rlayan Tuna \u00dcz\u00fcmc\u00fc, \u015f\u00f6yle konu\u015ftu:<\/p>\n<p>\u201cAltay 20 y\u0131l \u00f6nce k\u00fcme d\u00fc\u015ft\u00fc\u011f\u00fcnde biz altyap\u0131dan yeni \u00e7\u0131km\u0131\u015f oyunculard\u0131k. Buradaki gen\u00e7 oyuncular\u0131m\u0131za onu anlat\u0131yorum. Bizim bir paf tak\u0131m\u0131m\u0131z vard\u0131, kalede Ramazan Kur\u015funlu, \u00c7a\u011fda\u015f Atan, \u0130brahim Ak\u0131n, Fatih Egedik, Oktay Kuday, Necati Ate\u015f ve daha sayamad\u0131\u011f\u0131m bir\u00e7ok di\u011fer de\u011ferli arkada\u015flar\u0131m gibi. Biz A tak\u0131ma \u00e7\u0131k\u0131p, Altay i\u00e7in m\u00fccadele etmeye ba\u015flad\u0131\u011f\u0131m\u0131zda, o \u015fans\u0131 yakalad\u0131\u011f\u0131m\u0131zda bir \u015feyleri ba\u015farabildik. O d\u00f6nem i\u00e7imizden 20-25 tane futbolcu \u00e7\u0131kt\u0131. Bu tip durumlar altyap\u0131dan \u00e7\u0131kan oyuncular i\u00e7in \u00e7ok b\u00fcy\u00fck bir \u015fanst\u0131r. \u0130n\u015fallah bizlerin de\u011ferlendirdi\u011fi bu s\u00fcreci onlarda \u00e7ok iyi \u015fekilde de\u011ferlendirecekler, \u00e7\u00fcnk\u00fc hepsinde o potansiyel var. Benzer \u015feyler ya\u015f\u0131yoruz, bizlerde kiral\u0131k ba\u015fka tak\u0131mlara gittik. Ben iki defa kiral\u0131k g\u00f6nderildim, sonras\u0131nda A tak\u0131ma \u00e7\u0131kt\u0131k bir \u015feyleri ba\u015fard\u0131k. Bu tak\u0131m i\u00e7in hizmet ettik, B\u00fcy\u00fck Altay\u2019a bonservis bedelleri kazand\u0131rd\u0131k. Ama her zaman B\u00fcy\u00fck Altay ile gurur duyduk. Gen\u00e7 oyuncular\u0131m\u0131za bunlar\u0131 a\u015f\u0131lamaya \u00e7al\u0131\u015f\u0131yoruz. Tabii ki \u00f6\u011frenecekleri \u00e7ok \u015fey var. Hiyerar\u015fiden tutun, Altay gelenek ve g\u00f6renekleri, camian\u0131n dinamikleri \u00f6\u011frenmeleri i\u00e7in onlara bu konular\u0131 a\u015f\u0131lamak istiyoruz. Onlar ayn\u0131 zamanda birer Altay taraftar\u0131. \u00c7\u00fcnk\u00fc buradan gittikten sonrada Altayl\u0131l\u0131\u011f\u0131m\u0131z bitmiyor. Altay\u2019\u0131 Kaz\u0131mcan Karata\u015f karde\u015fimiz gibi gittikleri tak\u0131mda temsil etmeleri gerekiyor. O y\u00fczden burada yetenekli gen\u00e7lerimizi T\u00fcrk futboluna arma\u011fan ederken, armam\u0131z\u0131 daha yukar\u0131 ta\u015f\u0131mak en b\u00fcy\u00fck hedefimiz olacak.\u201d<\/p>\n<p><b>\u201cKutay Yoku\u015flu\u2019da kendi gen\u00e7li\u011fimi g\u00f6r\u00fcyorum\u201d<\/b><\/p>\n<p>\u00dcz\u00fcmc\u00fc, baz\u0131 \u015feyleri ba\u015fararak zorlu s\u00fcre\u00e7ten \u00e7\u0131k\u0131ld\u0131\u011f\u0131n\u0131 s\u00f6yleyerek, \u201c\u0130llaki bir isim ver derseniz Kutay\u2019\u0131 kendime yak\u0131n g\u00f6r\u00fcyorum. Bende buradan iki defa kiral\u0131k olarak 3.Lig ve 2.Lig\u2019e g\u00f6nderildim. \u015eu an Kutay\u2019da bu s\u00fcreci ya\u015fad\u0131. \u015eimdi kampta da g\u00f6zlemledi\u011fim kadar\u0131yla kendisini gayet geli\u015ftirmi\u015f durumda. O\u2019da abisi Okay Yoku\u015flu gibi hem Altay\u2019a hem de T\u00fcrk futboluna mutlaka katk\u0131 verecektir. Dedi\u011fim gibi sab\u0131rl\u0131 oldu\u011fumuzda Altay altyap\u0131s\u0131 bu bayra\u011f\u0131 devral\u0131p hedefe do\u011fru gidecektir\u201d dedi.<\/p>\n","protected":false},"excerpt":{"rendered":"<p>Altay Sportif Direkt\u00f6r\u00fc Tuna \u00dcz\u00fcmc\u00fc, bu senenin tarihi bir sene oldu\u011funu belirtirken, yeni sezonda Altay\u2019\u0131 en iyi \u015fekilde temsil edecek kadroyu &#8230;<\/p>\n","protected":false},"author":1,"featured_media":9594,"comment_status":"open","ping_status":"open","sticky":false,"template":"","format":"standard","meta":{"footnotes":""},"categories":[31],"tags":[872,492,643,2857,192],"class_list":["post-9593","post","type-post","status-publish","format-standard","has-post-thumbnail","hentry","category-spor","tag-altay","tag-burada","tag-genc","tag-oyuncularimiz","tag-takim"],"_links":{"self":[{"href":"https:\/\/haberulus.net\/index.php?rest_route=\/wp\/v2\/posts\/9593","targetHints":{"allow":["GET"]}}],"collection":[{"href":"https:\/\/haberulus.net\/index.php?rest_route=\/wp\/v2\/posts"}],"about":[{"href":"https:\/\/haberulus.net\/index.php?rest_route=\/wp\/v2\/types\/post"}],"author":[{"embeddable":true,"href":"https:\/\/haberulus.net\/index.php?rest_route=\/wp\/v2\/users\/1"}],"replies":[{"embeddable":true,"href":"https:\/\/haberulus.net\/index.php?rest_route=%2Fwp%2Fv2%2Fcomments&post=9593"}],"version-history":[{"count":1,"href":"https:\/\/haberulus.net\/index.php?rest_route=\/wp\/v2\/posts\/9593\/revisions"}],"predecessor-version":[{"id":9595,"href":"https:\/\/haberulus.net\/index.php?rest_route=\/wp\/v2\/posts\/9593\/revisions\/9595"}],"wp:featuredmedia":[{"embeddable":true,"href":"https:\/\/haberulus.net\/index.php?rest_route=\/wp\/v2\/media\/9594"}],"wp:attachment":[{"href":"https:\/\/haberulus.net\/index.php?rest_route=%2Fwp%2Fv2%2Fmedia&parent=9593"}],"wp:term":[{"taxonomy":"category","embeddable":true,"href":"https:\/\/haberulus.net\/index.php?rest_route=%2Fwp%2Fv2%2Fcategories&post=9593"},{"taxonomy":"post_tag","embeddable":true,"href":"https:\/\/haberulus.net\/index.php?rest_route=%2Fwp%2Fv2%2Ftags&post=9593"}],"curies":[{"name":"wp","href":"https:\/\/api.w.org\/{rel}","templated":true}]}}