{"id":96196,"date":"2023-06-10T08:05:34","date_gmt":"2023-06-10T08:05:34","guid":{"rendered":"https:\/\/haberulus.net\/?p=96196"},"modified":"2023-06-10T08:05:34","modified_gmt":"2023-06-10T08:05:34","slug":"gladyator-filminin-setinde-korkunc-kaza-oyuncular-soke-oldu","status":"publish","type":"post","link":"https:\/\/haberulus.net\/?p=96196","title":{"rendered":"Gladyat\u00f6r filminin setinde korkun\u00e7 kaza\u2026 Oyuncular \u015foke oldu"},"content":{"rendered":"<p>2000 yap\u0131m\u0131 Gladyat\u00f6r filminin \u00fczerinden 20 y\u0131l\u0131 a\u015fk\u0131n s\u00fcre ge\u00e7tikten sonra Ridley Scott, nihayet ikinci filmin \u00e7ekimlerine ba\u015flad\u0131. Ancak \u00e7ekimlerden talihsiz bir kaza haberi geldi.<\/p>\n<p>Merakla beklenen devam filmi Fas\u2019ta ve Sahra \u00c7\u00f6l\u00fc\u2019nde \u00e7ekiliyordu, ancak \u00e7ekimler trajik bir kazayla durdu. The Sun\u2019\u0131n haberine g\u00f6re, ekipten alt\u0131 ki\u015fi bir ate\u015f topunun i\u00e7inde kald\u0131ktan sonra acilen hastaneye kald\u0131r\u0131ld\u0131.<\/p>\n<p>Olayla ilgili hen\u00fcz pek fazla detay payla\u015f\u0131lmad\u0131. Setten bir kaynak, yaral\u0131lar\u0131n iyile\u015fece\u011fi y\u00f6n\u00fcnde bilgi payla\u015f\u0131rken \u015funlar\u0131 s\u00f6yledi: \u201cKorkun\u00e7tu, b\u00fcy\u00fck bir ate\u015f topu u\u00e7tu ve birka\u00e7 ekip \u00fcyesini yakalad\u0131. \u00c7ekim yapt\u0131\u011f\u0131m y\u0131llarda hi\u00e7 bu kadar korkun\u00e7 bir kaza g\u00f6rmemi\u015ftim. Umar\u0131m herkes iyi olur, ancak bu ciddi bir kazayd\u0131.\u201d<\/p>\n<p>Patlaman\u0131n soru\u015fturuldu\u011fu bildirilirken, olay\u0131n g\u00f6rg\u00fc tan\u0131klar\u0131, patlamaya setteki bir gaz borusunun y\u0131rt\u0131lmas\u0131n\u0131n neden olabilece\u011fini s\u00f6yl\u00fcyor. Setten bir kaynak, t\u00fcm oyuncular\u0131n ya\u015fanan olay kar\u015f\u0131s\u0131nda \u015foke oldu\u011funu belirtti.<\/p>\n<div><img decoding=\"async\" src=\"https:\/\/i01.sozcucdn.com\/wp-content\/uploads\/2023\/06\/10\/gladyator2.jpg\" alt=\"\" title=\"\"><\/p>\n<p>\u0130lk filmde rol alan Connie Neilsen da devam filminde yer alan isimlerden\u2026<\/p>\n<\/div>\n<p>\u0130lk film, b\u00fct\u00e7esinin be\u015f kat\u0131 has\u0131lat elde etmi\u015f ve Russell Crowe ile Joaquin Phoenix\u2019in y\u0131ld\u0131z\u0131n\u0131 parlatm\u0131\u015ft\u0131. Ayr\u0131ca Oscar\u2019da da en iyi film ve en iyi erkek oyuncu da dahil be\u015f \u00f6d\u00fcl kazanm\u0131\u015ft\u0131.<\/p>\n<p>Yeni filmin y\u00f6netmen koltu\u011funda yine Ridley Scott otururken, ilk filmin ba\u015frol\u00fc Russel Crowe yer almayacak. Paul Mescal, \u0130mparator Commodus\u2019un ye\u011feni ve Maximus\u2019un gizli o\u011flu Lucius olarak ba\u015frol oynayacak.<\/p>\n<p>Connie Neilsen, annesi Lucilla rol\u00fcn\u00fc yeniden canland\u0131racak, Derek Jacobi de Romal\u0131 bir senat\u00f6r olarak geri d\u00f6necek ve Djimon Hounsou, eski bir gladyat\u00f6r ve Maximus\u2019un arkada\u015f\u0131 olarak yer alacak.<\/p>\n<p>Denzel Washington da devam filminin kadrosunda yer al\u0131yor ancak hen\u00fcz rol\u00fcyle ilgili herhangi bir ayr\u0131nt\u0131 payla\u015f\u0131lmad\u0131. Pedro Pascal ve Matt Lucas da ikinci filmde g\u00f6r\u00fcnecek isimler aras\u0131nda yer al\u0131rken, Stranger Things\u2019in \u00e7\u0131k\u0131\u015f yapan y\u0131ld\u0131z\u0131 Joseph Quinn de bu \u00f6nemli yap\u0131mda rol alacak.<\/p>\n<p>Gladyat\u00f6r 2\u2019nin 2024\u2019\u00fcn sonlar\u0131nda sinemalarda g\u00f6sterime girmesi bekleniyor.<\/p>\n","protected":false},"excerpt":{"rendered":"<p>Gladyat\u00f6r 2 filminin \u00e7ekimleri s\u0131ras\u0131nda, oyuncular\u0131 \u015foke eden, t\u00fcm ekibi derinden sarsan bir kaza ya\u015fand\u0131.<\/p>\n","protected":false},"author":1,"featured_media":96197,"comment_status":"closed","ping_status":"open","sticky":false,"template":"","format":"standard","meta":{"footnotes":""},"categories":[27],"tags":[287,3576,282],"class_list":["post-96196","post","type-post","status-publish","format-standard","has-post-thumbnail","hentry","category-kultur-sanat","tag-film","tag-filmin","tag-kaza"],"_links":{"self":[{"href":"https:\/\/haberulus.net\/index.php?rest_route=\/wp\/v2\/posts\/96196","targetHints":{"allow":["GET"]}}],"collection":[{"href":"https:\/\/haberulus.net\/index.php?rest_route=\/wp\/v2\/posts"}],"about":[{"href":"https:\/\/haberulus.net\/index.php?rest_route=\/wp\/v2\/types\/post"}],"author":[{"embeddable":true,"href":"https:\/\/haberulus.net\/index.php?rest_route=\/wp\/v2\/users\/1"}],"replies":[{"embeddable":true,"href":"https:\/\/haberulus.net\/index.php?rest_route=%2Fwp%2Fv2%2Fcomments&post=96196"}],"version-history":[{"count":1,"href":"https:\/\/haberulus.net\/index.php?rest_route=\/wp\/v2\/posts\/96196\/revisions"}],"predecessor-version":[{"id":96198,"href":"https:\/\/haberulus.net\/index.php?rest_route=\/wp\/v2\/posts\/96196\/revisions\/96198"}],"wp:featuredmedia":[{"embeddable":true,"href":"https:\/\/haberulus.net\/index.php?rest_route=\/wp\/v2\/media\/96197"}],"wp:attachment":[{"href":"https:\/\/haberulus.net\/index.php?rest_route=%2Fwp%2Fv2%2Fmedia&parent=96196"}],"wp:term":[{"taxonomy":"category","embeddable":true,"href":"https:\/\/haberulus.net\/index.php?rest_route=%2Fwp%2Fv2%2Fcategories&post=96196"},{"taxonomy":"post_tag","embeddable":true,"href":"https:\/\/haberulus.net\/index.php?rest_route=%2Fwp%2Fv2%2Ftags&post=96196"}],"curies":[{"name":"wp","href":"https:\/\/api.w.org\/{rel}","templated":true}]}}