{"id":96217,"date":"2023-06-10T09:05:03","date_gmt":"2023-06-10T09:05:03","guid":{"rendered":"https:\/\/haberulus.net\/?p=96217"},"modified":"2023-06-10T09:05:03","modified_gmt":"2023-06-10T09:05:03","slug":"erdogan-ekonomik-kurtulus-savasi-demisti-tl-o-gunden-bu-gune-ne-hale-geldi","status":"publish","type":"post","link":"https:\/\/haberulus.net\/?p=96217","title":{"rendered":"Erdo\u011fan \u2018ekonomik kurtulu\u015f sava\u015f\u0131\u2019 demi\u015fti\u2026 TL o g\u00fcnden bu g\u00fcne ne hale geldi?"},"content":{"rendered":"<p>T\u00fcrk Liras\u0131 bu hafta tarihinin en k\u00f6t\u00fc d\u00f6nemlerinden birini ya\u015fad\u0131. Piyasalar\u0131n a\u00e7\u0131k oldu\u011fu 5 g\u00fcnde dolar kar\u015f\u0131s\u0131nda y\u00fczde 11,9, Euro kar\u015f\u0131s\u0131nda y\u00fczde 12 de\u011fer yitiren T\u00fcrk Liras\u0131 g\u00fcnden g\u00fcne erirken, \u201cbiliyorsunuz ben ekonomistim\u201d diyen Cumhurba\u015fkan\u0131 Recep Tayyip Erdo\u011fan\u2019\u0131n ge\u00e7mi\u015fte yapt\u0131\u011f\u0131 a\u00e7\u0131klamalar yeniden g\u00fcndeme geldi.<\/p>\n<p>T\u00fcrkiye\u2019nin ya\u015fad\u0131\u011f\u0131 her kur krizinden sonra \u00e7\u0131k\u0131p \u201cekonomik kurtulu\u015f sava\u015f\u0131 veriyoruz\u201d diyen Erdo\u011fan, d\u00f6viz kurunda bu hafta ya\u015fanan ataklar kar\u015f\u0131s\u0131nda suskun kald\u0131.<\/p>\n<p><strong>\u0130LK KEZ 2018\u2019DE S\u00d6YLED\u0130<\/strong><\/p>\n<p>Erdo\u011fan, \u201cekonomik kurtulu\u015f sava\u015f\u0131\u201d ifadesini ilk kez 16 Ekim 2018 tarihinde kulland\u0131. O tarihte kur 5,78 seviyesindeydi.<\/p>\n<p>O d\u00f6nemde yaz aylar\u0131nda d\u00fc\u015f\u00fck faiz \u0131srar\u0131 ve ABD ile ya\u015fanan Rahip Brunson kriziyle kur krizi ya\u015fanm\u0131\u015f, sonras\u0131nda U d\u00f6n\u00fc\u015f\u00fc yap\u0131lm\u0131\u015f ve Rahip Brunson tahliye edilip ABD\u2019ye yollan\u0131rken Merkez Bankas\u0131\u2019n\u0131n politika faizinde de sert art\u0131\u015fa gidilerek kurda gerileme sa\u011flanm\u0131\u015ft\u0131.<\/p>\n<p>Erdo\u011fan, yine bir kur krizinin ya\u015fand\u0131\u011f\u0131 ve faiz tart\u0131\u015fmalar\u0131n\u0131n oldu\u011fu d\u00f6nemde 31 Ekim 2020 tarihinde \u2018ekonomik kurtulu\u015f sava\u015f\u0131\u2019 ifadesini kulland\u0131.<\/p>\n<p>Erdo\u011fan, o tarihte yapt\u0131\u011f\u0131 a\u00e7\u0131klamada \u201c\u00dclkemizi ekonomi alan\u0131ndan ku\u015fatmaya \u00e7al\u0131\u015fanlara cevab\u0131m\u0131z\u0131 yeni bir ekonomik kurtulu\u015f sava\u015f\u0131yla veriyoruz. Y\u0131llarca bu \u00fclkeyi faiz, kur, enflasyon \u015feytan \u00fc\u00e7genine s\u0131k\u0131\u015ft\u0131ran cari a\u00e7\u0131\u011f\u0131n\u0131 y\u00fcksek maliyetli bor\u00e7lanmayla kapatt\u0131rarak s\u00f6m\u00fcrenlerin oyunlar\u0131n\u0131 birer birer bozuyoruz\u201d demi\u015fti.<\/p>\n<p>Bu s\u0131rada \u00fclkede yine bir kur krizi ya\u015fan\u0131yordu ve dolar\/TL 8,30 seviyelerindeydi. Erdo\u011fan, bu a\u00e7\u0131klamas\u0131ndan sadece bir hafta sonra TCMB Ba\u015fkan\u0131 Murat Uysal\u2019\u0131 g\u00f6revden alm\u0131\u015f ve yerine faizlerde sert art\u0131\u015fa giden Naci A\u011fbal\u2019\u0131 atam\u0131\u015ft\u0131.<\/p>\n<p>Hazine ve Maliye Bakan\u0131 Berat Albayrak da Uysal\u2019\u0131n g\u00f6revden al\u0131nmas\u0131n\u0131n ertesi g\u00fcn\u00fc istifa etmi\u015fti.<\/p>\n<p><strong>YEN\u0130 EKONOM\u0130K PROGRAMI<\/strong><\/p>\n<p>Erdo\u011fan, 22 Kas\u0131m 2021\u2019de yeni ekonomi program a\u00e7\u0131klad\u0131\u011f\u0131 bas\u0131n toplant\u0131s\u0131nda ise faiz indirimlerini ve TL\u2019deki de\u011fer kayb\u0131n\u0131 olumlu buldu\u011funu duyururken, ya\u015fananlar\u0131 \u201cekonomik kurtulu\u015f sava\u015f\u0131\u201d olarak nitelendirdi.<\/p>\n<p>Erdo\u011fan, \u201c\u00dclkemizi bunca tuzaktan, bunca badireden nas\u0131l \u00e7\u0131kard\u0131ysak, Allah\u2019\u0131n yard\u0131m\u0131 ve milletimizin deste\u011fiyle bu ekonomik kurtulu\u015f sava\u015f\u0131ndan da zaferle \u00e7\u0131kartaca\u011f\u0131z\u201d ifadelerini kulland\u0131.<\/p>\n<p><strong>\u2018BA\u015eARI \u0130LE S\u00dcRD\u00dcR\u00dcYORUZ\u2019 DEM\u0130\u015eT\u0130<\/strong><\/p>\n<p>Bu a\u00e7\u0131klama \u00f6ncesinde 11,20 civar\u0131nda olan dolar\/TL kuru, a\u00e7\u0131klama sonras\u0131nda \u00e7ok sert y\u00fckseli\u015fe ge\u00e7ti ve bir g\u00fcn sonra kurda 13,45\u2019lik yeni tarihi zirve g\u00f6r\u00fcld\u00fc. Aral\u0131k ay\u0131na gelindi\u011fi dolar\u0131n TL kar\u015f\u0131s\u0131nda 18\u2019li seviyeleri g\u00f6rmesi \u00fczerine 17 Aral\u0131k 2021 g\u00fcn\u00fc Kur Korumal\u0131 Mevduat (KKM) uygulamas\u0131 devreye sokulaca\u011f\u0131 a\u00e7\u0131kland\u0131.<\/p>\n<p>Kur 11 liran\u0131n alt\u0131na inerken , Erdo\u011fan bir g\u00fcn sonra yapt\u0131\u011f\u0131 a\u00e7\u0131klamada \u201cGer\u00e7ekten ekonomik kurtulu\u015f sava\u015f\u0131 m\u00fccadelemizi ba\u015far\u0131l\u0131 bir \u015fekilde s\u00fcrd\u00fcr\u00fcyoruz. Faiz zengini daha zengin yapar, fakiri daha fakir yapar. Milletimizi, vatanda\u015f\u0131m\u0131z\u0131 faize ezdirmeyece\u011fiz. \u0130n\u015fallah en k\u0131sa zamanda enflasyon a\u015fa\u011f\u0131ya inmeye ba\u015flayacak. \u00c7\u00fcnk\u00fc faiz sebep, enflasyon neticedir. Bu da benim tezimdir\u201d dedi.<\/p>\n<p><strong>M\u0130LYARCA DOLAR YAKILDI, AMA\u2026<\/strong><\/p>\n<p>B\u00fct\u00e7eye b\u00fcy\u00fck y\u00fck getiren KKM uygulamas\u0131 ve Merkez Bankas\u0131 rezervlerinin yak\u0131lmas\u0131na ra\u011fmen, 2022 y\u0131l\u0131nda d\u00f6viz kuru yeniden 18 lira seviyesine \u00e7\u0131kt\u0131. 2023 y\u0131l\u0131na gelindi\u011fine ise 6 ayda 25 milyar dolarl\u0131k rezerv kayb\u0131na ra\u011fmen kur se\u00e7im \u00f6ncesi 19 liray\u0131 a\u015ft\u0131.<\/p>\n<p>Se\u00e7imden sonras\u0131 ise politika de\u011fi\u015fikli\u011fi sinyali ile dolar \u00fczerindeki bask\u0131 kalkt\u0131 ve kur k\u0131sa s\u00fcrede 24 lira seviyesine dayand\u0131. Erdo\u011fan\u2019\u0131n \u201cekonomik kurtulu\u015f sava\u015f\u0131\u201d a\u00e7\u0131klamas\u0131n\u0131 yapt\u0131\u011f\u0131 g\u00fcnden bug\u00fcne T\u00fcrk Liras\u0131 Amerikan dolar\u0131 kar\u015f\u0131s\u0131nda y\u00fczde 304 de\u011fer kaybetti. T\u00fcm cephaneleri t\u00fckenen iktidar\u0131n ise faiz politikas\u0131nda de\u011fi\u015fikli\u011fe gidece\u011fi \u00f6n g\u00f6r\u00fcl\u00fcyor.<\/p>\n<p><strong>YEN\u0130 BAKAN SABIR \u0130STED\u0130<\/strong><\/p>\n<p>Gelinen noktada, Hazine ve Maliye Bakan\u0131 olarak atanan Mehmet \u015eim\u015fek\u2019in g\u00f6revi devrald\u0131\u011f\u0131 s\u0131rada s\u00f6yledi\u011fi \u201cT\u00fcrkiye\u2019nin rasyonel bir zemine d\u00f6nme d\u0131\u015f\u0131nda bir se\u00e7ene\u011fi kalmam\u0131\u015ft\u0131r. Kurala dayal\u0131 \u00f6ng\u00f6r\u00fclebilir bir T\u00fcrkiye ekonomisi \u00f6zlenen refaha ula\u015fmam\u0131zda anahtar olacakt\u0131r\u201d s\u00f6zleri yeni d\u00f6nemde politika de\u011fi\u015fikli\u011fi olarak alg\u0131land\u0131.<\/p>\n<p>\u015eim\u015fek \u00fc\u00e7 g\u00fcn \u00f6nce de, TBMM\u2019inde yemin edip resmi olarak g\u00f6reve ba\u015flad\u0131\u011f\u0131 g\u00fcn, Twitter\u2019dan yapt\u0131\u011f\u0131 de\u011ferlendirmede \u201cHedeflerimize in\u015fallah herkesin deste\u011fini alarak ula\u015faca\u011f\u0131z. Ancak biraz sab\u0131r ve zamana ihtiyac\u0131m\u0131z var\u201d dedi. Erdo\u011fan\u2019da yeni ekonomi program\u0131n\u0131n uygulamaya sokuldu\u011fu 2022 y\u0131l\u0131nda vatanda\u015flardan defalarca \u2018sab\u0131r\u2019 talebinde bulunmu\u015ftu\u2026<\/p>\n","protected":false},"excerpt":{"rendered":"<p>Cumhurba\u015fkan\u0131 Erdo\u011fan son y\u0131llarda her kur krizi s\u0131ras\u0131nda &#8216;ekonomik kurtulu\u015f sava\u015f\u0131&#8217; ifadesini kulland\u0131. \u0130lk s\u00f6yledi\u011fi tarihten bu yana T\u00fcrk Liras\u0131 nas\u0131l bir seyir izledi? Detaylar haberimizde&#8230;.<\/p>\n","protected":false},"author":1,"featured_media":96218,"comment_status":"closed","ping_status":"open","sticky":false,"template":"","format":"standard","meta":{"footnotes":""},"categories":[25],"tags":[70,12280,731,82,1329],"class_list":["post-96217","post","type-post","status-publish","format-standard","has-post-thumbnail","hentry","category-ekonomi","tag-dolar","tag-ekonomik-kurtulus-savasi","tag-faiz","tag-gun","tag-kur"],"_links":{"self":[{"href":"https:\/\/haberulus.net\/index.php?rest_route=\/wp\/v2\/posts\/96217","targetHints":{"allow":["GET"]}}],"collection":[{"href":"https:\/\/haberulus.net\/index.php?rest_route=\/wp\/v2\/posts"}],"about":[{"href":"https:\/\/haberulus.net\/index.php?rest_route=\/wp\/v2\/types\/post"}],"author":[{"embeddable":true,"href":"https:\/\/haberulus.net\/index.php?rest_route=\/wp\/v2\/users\/1"}],"replies":[{"embeddable":true,"href":"https:\/\/haberulus.net\/index.php?rest_route=%2Fwp%2Fv2%2Fcomments&post=96217"}],"version-history":[{"count":1,"href":"https:\/\/haberulus.net\/index.php?rest_route=\/wp\/v2\/posts\/96217\/revisions"}],"predecessor-version":[{"id":96219,"href":"https:\/\/haberulus.net\/index.php?rest_route=\/wp\/v2\/posts\/96217\/revisions\/96219"}],"wp:featuredmedia":[{"embeddable":true,"href":"https:\/\/haberulus.net\/index.php?rest_route=\/wp\/v2\/media\/96218"}],"wp:attachment":[{"href":"https:\/\/haberulus.net\/index.php?rest_route=%2Fwp%2Fv2%2Fmedia&parent=96217"}],"wp:term":[{"taxonomy":"category","embeddable":true,"href":"https:\/\/haberulus.net\/index.php?rest_route=%2Fwp%2Fv2%2Fcategories&post=96217"},{"taxonomy":"post_tag","embeddable":true,"href":"https:\/\/haberulus.net\/index.php?rest_route=%2Fwp%2Fv2%2Ftags&post=96217"}],"curies":[{"name":"wp","href":"https:\/\/api.w.org\/{rel}","templated":true}]}}