{"id":96366,"date":"2023-06-10T15:35:03","date_gmt":"2023-06-10T15:35:03","guid":{"rendered":"https:\/\/haberulus.net\/?p=96366"},"modified":"2023-06-10T15:35:03","modified_gmt":"2023-06-10T15:35:03","slug":"tunc-soyer-hayatta-en-cok-ressamlari-kiskandim","status":"publish","type":"post","link":"https:\/\/haberulus.net\/?p=96366","title":{"rendered":"Tun\u00e7 Soyer: Hayatta en \u00e7ok ressamlar\u0131 k\u0131skand\u0131m"},"content":{"rendered":"<p>\u0130zmir B\u00fcy\u00fck\u015fehir Belediye Ba\u015fkan\u0131 Tun\u00e7 Soyer&#8217;in \u0130zmir&#8217;i k\u00fclt\u00fcr sanat kenti haline getirme vizyonuyla y\u00fcr\u00fct\u00fclen \u00e7al\u0131\u015fmalar h\u0131z kesmiyor. \u0130zmir B\u00fcy\u00fck\u015fehir Belediyesi&#8217;nin organizat\u00f6rl\u00fc\u011f\u00fcnde kentin k\u00fclt\u00fcrel de\u011ferlerini sanat\u00e7\u0131lar\u0131n g\u00f6z\u00fcnden g\u00f6rmeyi ama\u00e7layan \u201c\u0130zmir ve K\u00fclt\u00fcrel De\u011ferleri\u201d resim yar\u0131\u015fmas\u0131 sergisi a\u00e7\u0131ld\u0131. \u0130zmir B\u00fcy\u00fck\u015fehir Belediye Ba\u015fkan\u0131 Tun\u00e7 Soyer&#8217;in kat\u0131l\u0131m\u0131yla kap\u0131lar\u0131n\u0131 \u0130zmirlilere a\u00e7an ve 100 eserden olu\u015fan sergi i\u00e7in \u0130zmir B\u00fcy\u00fck\u015fehir Belediyesi Konak Metro Sergi alan\u0131nda etkinlik d\u00fczenlendi. Sergi 30 Temmuz\u2019a kadar ziyaret edilebilecek.<\/p>\n<p>\u0130zmir B\u00fcy\u00fck\u015fehir Belediyesi K\u00fclt\u00fcr ve Sanat Dairesi Ba\u015fkanl\u0131\u011f\u0131, \u0130ZELMAN A.\u015e. ve \u0130zmir Suluboya Ressamlar\u0131 Derne\u011fi (yeni ad\u0131yla Uluslararas\u0131 \u0130zArtist Derne\u011fi) ile haz\u0131rlanan serginin a\u00e7\u0131l\u0131\u015f\u0131na \u0130zmir B\u00fcy\u00fck\u015fehir Belediye Ba\u015fkan\u0131 Tun\u00e7 Soyer&#8217;in e\u015fi Nept\u00fcn Soyer, \u0130ZELMAN A.\u015e. Genel M\u00fcd\u00fcr\u00fc Burak Alp Ersen, \u0130zmir B\u00fcy\u00fck\u015fehir Belediyesi Genel Sekreter Yard\u0131mc\u0131s\u0131 Ertu\u011frul Tugay, Dernek Ba\u015fkan\u0131 Muzaffer Bekta\u015f ve sanat\u00e7\u0131lar kat\u0131ld\u0131.<\/p>\n<p><img decoding=\"async\" src=\"https:\/\/i01.sozcucdn.com\/wp-content\/uploads\/2023\/06\/10\/anka-soyer.png\" alt=\"\" title=\"\"><\/p>\n<p><strong>\u201cDAHA \u0130Y\u0130S\u0130N\u0130 BA\u015eARMAYA MUKTED\u0130R\u0130Z\u201d <\/strong><\/p>\n<p>Kentin k\u00fclt\u00fcrel de\u011ferleri i\u00e7in fark\u0131ndal\u0131k yaratmak amac\u0131yla d\u00fczenlenen ve kazanan yar\u0131\u015fmac\u0131lar\u0131n sertifika ve \u00f6d\u00fcl ald\u0131\u011f\u0131 t\u00f6rende konu\u015fan Ba\u015fkan Tun\u00e7 Soyer, \u201cHayatta en \u00e7ok ressamlar\u0131 k\u0131skand\u0131m. \u00c7\u00fcnk\u00fc onlar\u0131n g\u00f6n\u00fcl penceresi hayata ba\u015fka t\u00fcrl\u00fc bak\u0131yor, onlar ba\u015fka bir zenginlik ta\u015f\u0131yorlar. Ne mutlu sizlere. G\u00f6rd\u00fc\u011f\u00fcm her resim ola\u011fan\u00fcst\u00fc g\u00fczel ve etkileyici. 2023 y\u0131l\u0131 maalesef \u00e7ok b\u00fcy\u00fck can ve mal kay\u0131plar\u0131yla ba\u015flad\u0131. Ama bizler Mustafa Kemal Atat\u00fcrk&#8217;\u00fcn evlatlar\u0131 olarak o b\u00fcy\u00fck y\u0131k\u0131mlar\u0131n ya\u015fand\u0131\u011f\u0131 100 y\u0131l \u00f6ncesinde e\u011fer bir cumhuriyet in\u015fa edip \u00e7\u0131km\u0131\u015fsak bug\u00fcn de mutlaka daha iyisini ba\u015farmaya muktediriz. Hi\u00e7 kimse enseyi karartmas\u0131n\u201d ifadelerini kulland\u0131.<\/p>\n<p>Ba\u015fkan Tun\u00e7 Soyer&#8217;e te\u015fekk\u00fcrlerini sunan \u0130zmir Suluboya Ressamlar\u0131 Derne\u011fi\/ Uluslararas\u0131 \u0130zArtist Derne\u011fi Ba\u015fkan\u0131 Muzaffer Bekta\u015f ise, \u201cB\u00f6ylesi anlaml\u0131 bir projeye imza at\u0131lmas\u0131, sanat ve sanat\u00e7\u0131ya destek vermeleri bizleri mutlu etti ve onurland\u0131rd\u0131\u201d dedi.<\/p>\n<p><strong>DERECEYE G\u0130RENLERE \u00d6D\u00dcLLER\u0130 TESL\u0130M ED\u0130LD\u0130<\/strong><\/p>\n<p>Yar\u0131\u015fman\u0131n j\u00fcrisinde sanat\u00e7\u0131lar Bedri Karaya\u011fmurlar, Hasan Rastgeldi, Mete Sezgin, Turan Engino\u011flu yer ald\u0131. Bask\u0131 kategorisinde birincili\u011fi G\u00fclnaz Ertan, ikincili\u011fi Mualla G\u00fcrle, \u00fc\u00e7\u00fcnc\u00fcl\u00fc\u011f\u00fc Mehlika Korol, mansiyon \u00f6d\u00fcl\u00fcn\u00fc ise Busen Nijen Alparslan ald\u0131. Suluboya kategorisinde birinci Hakan G\u00fcng\u00f6r, ikinci Hatice Turhan, \u00fc\u00e7\u00fcnc\u00fc ise Huriye Tamer oldu. Mansiyon \u00f6d\u00fcl\u00fcn\u00fc de Zekiye Er\u00e7in kazand\u0131. Ya\u011fl\u0131boya kategorisinin ise birincisi Zahit Y\u0131ld\u0131z, ikincisi Fatma \u015eehnaz \u015eim\u015fek, \u00fc\u00e7\u00fcnc\u00fcs\u00fc \u015e\u00fckran Ulucan oldu. Mansiyon \u00f6d\u00fcl\u00fc de Birg\u00fcl Erg\u00fcn&#8217;e verildi. Sanat\u00e7\u0131lara \u00f6d\u00fcller Ba\u015fkan Tun\u00e7 Soyer, Genel Sekreter Yard\u0131mc\u0131s\u0131 Ertu\u011frul Tugay, \u0130ZELMAN A.\u015e. Genel M\u00fcd\u00fcr\u00fc Burak Alp Ersen ve Dernek Ba\u015fkan\u0131 Muzaffer Bekta\u015f taraf\u0131ndan verildi. (ANKA)<\/p>\n","protected":false},"excerpt":{"rendered":"<p>\u0130zmir B\u00fcy\u00fck\u015fehir Belediye Ba\u015fkan\u0131 Tun\u00e7 Soyer, Konak Metro Sergi alan\u0131nda 30 Temmuz&#8217;a kadar sanatseverlere ev sahipli\u011fi yapacak &#8220;\u0130zmir ve K\u00fclt\u00fcrel De\u011ferleri&#8221; resim yar\u0131\u015fmas\u0131 sergisinin a\u00e7\u0131l\u0131\u015f\u0131na kat\u0131ld\u0131. Ba\u015fkan Soyer \u201cHayatta en \u00e7ok ressamlar\u0131 k\u0131skand\u0131m. \u00c7\u00fcnk\u00fc onlar\u0131n g\u00f6n\u00fcl penceresi hayata ba\u015fka t\u00fcrl\u00fc bak\u0131yor, onlar ba\u015fka bir zenginlik ta\u015f\u0131yorlar. Ne mutlu sizlere\u201d dedi.<\/p>\n","protected":false},"author":1,"featured_media":96367,"comment_status":"closed","ping_status":"open","sticky":false,"template":"","format":"standard","meta":{"footnotes":""},"categories":[27],"tags":[40,12291,746,121,5246],"class_list":["post-96366","post","type-post","status-publish","format-standard","has-post-thumbnail","hentry","category-kultur-sanat","tag-baskani","tag-izmir-buyuksehir-belediye","tag-odul","tag-sanat","tag-tunc"],"_links":{"self":[{"href":"https:\/\/haberulus.net\/index.php?rest_route=\/wp\/v2\/posts\/96366","targetHints":{"allow":["GET"]}}],"collection":[{"href":"https:\/\/haberulus.net\/index.php?rest_route=\/wp\/v2\/posts"}],"about":[{"href":"https:\/\/haberulus.net\/index.php?rest_route=\/wp\/v2\/types\/post"}],"author":[{"embeddable":true,"href":"https:\/\/haberulus.net\/index.php?rest_route=\/wp\/v2\/users\/1"}],"replies":[{"embeddable":true,"href":"https:\/\/haberulus.net\/index.php?rest_route=%2Fwp%2Fv2%2Fcomments&post=96366"}],"version-history":[{"count":1,"href":"https:\/\/haberulus.net\/index.php?rest_route=\/wp\/v2\/posts\/96366\/revisions"}],"predecessor-version":[{"id":96368,"href":"https:\/\/haberulus.net\/index.php?rest_route=\/wp\/v2\/posts\/96366\/revisions\/96368"}],"wp:featuredmedia":[{"embeddable":true,"href":"https:\/\/haberulus.net\/index.php?rest_route=\/wp\/v2\/media\/96367"}],"wp:attachment":[{"href":"https:\/\/haberulus.net\/index.php?rest_route=%2Fwp%2Fv2%2Fmedia&parent=96366"}],"wp:term":[{"taxonomy":"category","embeddable":true,"href":"https:\/\/haberulus.net\/index.php?rest_route=%2Fwp%2Fv2%2Fcategories&post=96366"},{"taxonomy":"post_tag","embeddable":true,"href":"https:\/\/haberulus.net\/index.php?rest_route=%2Fwp%2Fv2%2Ftags&post=96366"}],"curies":[{"name":"wp","href":"https:\/\/api.w.org\/{rel}","templated":true}]}}