{"id":96434,"date":"2023-06-10T21:19:33","date_gmt":"2023-06-10T21:19:33","guid":{"rendered":"https:\/\/haberulus.net\/?p=96434"},"modified":"2023-06-10T21:19:33","modified_gmt":"2023-06-10T21:19:33","slug":"chpnin-basina-kim-gecsin-anketi-zirvedeki-isim-rakiplerine-fark-atti","status":"publish","type":"post","link":"https:\/\/haberulus.net\/?p=96434","title":{"rendered":"&#8220;CHP&#8217;nin ba\u015f\u0131na kim ge\u00e7sin?&#8221; anketi! Zirvedeki isim rakiplerine fark att\u0131"},"content":{"rendered":"<p>28 May\u0131s&#8217;ta ger\u00e7ekle\u015ftirilen 2. tur se\u00e7imlerinden istedi\u011fi sonucu alamayan CHP lideri Kemal K\u0131l\u0131\u00e7daro\u011flu&#8217;nun koltu\u011fu sallant\u0131ya girdi. \u0130BB Ba\u015fkan\u0131 Ekrem \u0130mamo\u011flu se\u00e7imin hemen ertesi g\u00fcn\u00fc yapt\u0131\u011f\u0131 &#8220;de\u011fi\u015fim&#8221; vurgusuyla genel ba\u015fkanl\u0131\u011fa aday oldu\u011funu a\u00e7\u0131k a\u00e7\u0131k ilan etti.<\/p>\n<p><b>CHP&#8217;N\u0130N BA\u015eINDA K\u0130M\u0130 G\u00d6RMEK \u0130STERS\u0130N\u0130Z?<\/b><\/p>\n<p>\u0130mamo\u011flu&#8217;nun \u00e7\u0131k\u0131\u015f\u0131 sonras\u0131 anket \u015firketleri de ara\u015ft\u0131rmalar\u0131n\u0131 CHP&#8217;ye \u00e7evirdi. \u015eanl\u0131 Ara\u015ft\u0131rma 1-10 Haziran tarihleri aras\u0131nda yapt\u0131\u011f\u0131 ankette &#8220;CHP Genel Ba\u015fkan\u0131 olarak kimi g\u00f6rmek istersiniz?&#8221; diye sordu.<\/p>\n<p><b>\u0130MAMO\u011eLU RAK\u0130PLER\u0130NE FARK ATTI <\/b><\/p>\n<p>Ankete kat\u0131lanlar\u0131n b\u00fcy\u00fck \u00e7o\u011funlu\u011funun tercihi \u0130mamo\u011flu oldu. \u0130mamo\u011flu y\u00fczde 49,3 ile listede birinci s\u0131rada yer al\u0131rken, Muharrem \u0130nce y\u00fczde 12,2 ile ikinci s\u0131rada yer ald\u0131. <\/p>\n<p><strong>Ara\u015ft\u0131rmadan \u00e7\u0131kan di\u011fer sonu\u00e7lar \u015f\u00f6yle: <\/strong> <\/p>\n<ul>\n<li>%9,8 Karars\u0131z<\/li>\n<li>%8,3 Mustafa Sar\u0131g\u00fcl<\/li>\n<li>%7,3 Di\u011fer<\/li>\n<li>%5,5 Kemal K\u0131l\u0131\u00e7daro\u011flu<\/li>\n<li>%4,2 Tanju \u00d6zcan<\/li>\n<li>%3,4 Mansur Yava\u015f<\/li>\n<\/ul>\n","protected":false},"excerpt":{"rendered":"<p>Se\u00e7im s\u00fcrecinin ard\u0131ndan CHP&#8217;de genel ba\u015fkanl\u0131k yar\u0131\u015f\u0131 ba\u015flad\u0131. \u0130BB Ba\u015fkan\u0131 \u0130mamo\u011flu net bir \u015fekilde &#8220;de\u011fi\u015fim&#8221; mesaj\u0131 verirken, anket \u015firketleri de ara\u015ft\u0131rmalar\u0131n\u0131 CHP&#8217;ye \u00e7evirdi. &#8220;CHP Genel Ba\u015fkan\u0131 olarak kimi g\u00f6rmek istersiniz?&#8221; diye sorulan ankette &#8220;\u0130mamo\u011flu&#8221; diyenlerin oran\u0131 dikkat \u00e7ekti.<\/p>\n","protected":false},"author":1,"featured_media":0,"comment_status":"closed","ping_status":"open","sticky":false,"template":"","format":"standard","meta":{"footnotes":""},"categories":[28],"tags":[97],"class_list":["post-96434","post","type-post","status-publish","format-standard","hentry","category-politika","tag-imamoglu"],"_links":{"self":[{"href":"https:\/\/haberulus.net\/index.php?rest_route=\/wp\/v2\/posts\/96434","targetHints":{"allow":["GET"]}}],"collection":[{"href":"https:\/\/haberulus.net\/index.php?rest_route=\/wp\/v2\/posts"}],"about":[{"href":"https:\/\/haberulus.net\/index.php?rest_route=\/wp\/v2\/types\/post"}],"author":[{"embeddable":true,"href":"https:\/\/haberulus.net\/index.php?rest_route=\/wp\/v2\/users\/1"}],"replies":[{"embeddable":true,"href":"https:\/\/haberulus.net\/index.php?rest_route=%2Fwp%2Fv2%2Fcomments&post=96434"}],"version-history":[{"count":1,"href":"https:\/\/haberulus.net\/index.php?rest_route=\/wp\/v2\/posts\/96434\/revisions"}],"predecessor-version":[{"id":96435,"href":"https:\/\/haberulus.net\/index.php?rest_route=\/wp\/v2\/posts\/96434\/revisions\/96435"}],"wp:attachment":[{"href":"https:\/\/haberulus.net\/index.php?rest_route=%2Fwp%2Fv2%2Fmedia&parent=96434"}],"wp:term":[{"taxonomy":"category","embeddable":true,"href":"https:\/\/haberulus.net\/index.php?rest_route=%2Fwp%2Fv2%2Fcategories&post=96434"},{"taxonomy":"post_tag","embeddable":true,"href":"https:\/\/haberulus.net\/index.php?rest_route=%2Fwp%2Fv2%2Ftags&post=96434"}],"curies":[{"name":"wp","href":"https:\/\/api.w.org\/{rel}","templated":true}]}}