{"id":96472,"date":"2023-06-11T04:51:02","date_gmt":"2023-06-11T04:51:02","guid":{"rendered":"https:\/\/haberulus.net\/?p=96472"},"modified":"2023-06-11T04:51:02","modified_gmt":"2023-06-11T04:51:02","slug":"turkiye-abd-iliskilerinde-tansiyon-yuksek-iste-bidenin-formulu","status":"publish","type":"post","link":"https:\/\/haberulus.net\/?p=96472","title":{"rendered":"T\u00fcrkiye-ABD ili\u015fkilerinde tansiyon y\u00fcksek: \u0130\u015fte Biden\u2019\u0131n form\u00fcl\u00fc"},"content":{"rendered":"<p>T\u00fcrkiye\u2019nin ABD\u2019den sat\u0131n almak istedi\u011fi F-16 sava\u015f u\u00e7aklar\u0131 ve modernizasyon kitleri i\u00e7in belirsizlik devam ederken, Beyaz Saray\u2019da da hummal\u0131 bir \u00e7al\u0131\u015fma devam ediyor\u2026<\/p>\n<p>Yunan medyas\u0131, \u0130sve\u00e7\u2019in NATO \u00fcyeli\u011fini engelleyen T\u00fcrkiye\u2019nin ABD\u2019den sava\u015f u\u00e7aklar\u0131n\u0131 almak bu kozu kulland\u0131\u011f\u0131n\u0131 yazarken ABD\u2019li yetkililerin de bu d\u00fc\u011f\u00fcm\u00fc \u00e7\u00f6zmek i\u00e7in harekete ge\u00e7ti\u011fine vurgu yapt\u0131.<\/p>\n<p>ABD Ba\u015fkan\u0131 Joe Biden\u2019\u0131n ABD Kongresi\u2019ni \u0130sve\u00e7\u2019in Temmuz ay\u0131ndaki NATO Zirvesi \u00f6ncesinde \u00fcye olmas\u0131 i\u00e7in T\u00fcrkiye\u2019ye F-16 sat\u0131\u015f\u0131na onay vermesi i\u00e7in bir form\u00fcl bulmaya \u00e7al\u0131\u015ft\u0131\u011f\u0131 belirtildi. Haberde, normalde ABD D\u0131\u015fi\u015fleri Bakanl\u0131\u011f\u0131\u2019n\u0131n y\u00fcr\u00fctmesi gereken bu s\u00fcreci Beyaz Saray\u2019\u0131n ele ald\u0131\u011f\u0131 da hat\u0131rlat\u0131ld\u0131.<\/p>\n<p><strong>\u201cBU DURUM S\u00dcREC\u0130 ZORLA\u015eTIRIYOR\u201d<\/strong><\/p>\n<p>ABD Ulusal G\u00fcvenlik Dan\u0131\u015fman\u0131 Jake Sullivan\u2019\u0131n Kongre \u00fcyeleriyle telefonda konu\u015farak sava\u015f u\u00e7aklar\u0131 ve modernizasyon kitlerine onay i\u00e7in nab\u0131z yoklad\u0131\u011f\u0131 da ortaya \u00e7\u0131kt\u0131. Fakat Yunan medyas\u0131 \u0130sve\u00e7\u2019in F-16 sat\u0131\u015f\u0131ndaki tek kriter olmad\u0131\u011f\u0131n\u0131 yazarken, \u201cBu durum, Beyaz Saray i\u00e7in durumu daha da zor bir hale getiriyor. \u00c7\u00fcnk\u00fc Kongre\u2019ye T\u00fcrkiye\u2019nin bir\u00e7ok konudaki duru\u015funun de\u011fi\u015fece\u011finin garantisini veremiyor ve ayn\u0131 \u015fekilde T\u00fcrkiye\u2019ye \u0130sve\u00e7\u2019in NATO \u00fcyeli\u011fine onay vermesinin otomatik olarak sava\u015f u\u00e7aklar\u0131n\u0131 sa\u011flamayaca\u011f\u0131n\u0131 anlatmas\u0131 gerekiyor\u201d yorumu yap\u0131ld\u0131.<\/p>\n<p>Hafta i\u00e7inde ABD D\u0131\u015fi\u015fleri Bakan\u0131 Antony Blinken ile mevkida\u015f\u0131 Hakan Fidan aras\u0131ndaki telefon g\u00f6r\u00fc\u015fmesinde de bu konunun g\u00fcndeme geldi\u011fi belirtildi. Yunanistan\u2019\u0131n \u00e7ok okunan gazetelerinden Kathimerini\u2019de yer alan haberde, \u201cBlinken, Fidan\u2019a \u0130sve\u00e7\u2019in \u00fcyeli\u011fi i\u00e7in bariyerleri kald\u0131rmas\u0131n\u0131n Kongre\u2019nin durumu anlamas\u0131 i\u00e7in bir etki yaratabilece\u011fini s\u00f6yledi\u201d ifadelerine yer verildi.<\/p>\n<p><strong>T\u00dcRK LOB\u0130S\u0130 HAREKETE GE\u00c7T\u0130<\/strong><\/p>\n<p>\u00d6te yandan T\u00fcrk lobisinin de Washington\u2019da harekete ge\u00e7ti\u011fi ve kapal\u0131 kap\u0131lar arkas\u0131nda Kongre \u00fcyeleriyle g\u00f6r\u00fc\u015fmeler ger\u00e7ekle\u015ftirdi\u011fi de belirtildi. Yunan lobisinin hamlelerinin ard\u0131ndan T\u00fcrkiye\u2019nin harekete ge\u00e7ti\u011fi belirtilirken, Kongre\u2019deki\u00a0 \u201cg\u00fc\u00e7l\u00fc isimlerden\u201d biri olarak tan\u0131nan Demokrat senat\u00f6r Chuck Schumer\u2019in T\u00fcrkiye kar\u015f\u0131t\u0131 a\u00e7\u0131klamalar\u0131n\u0131n bu s\u00fcreci h\u0131zland\u0131rd\u0131\u011f\u0131n\u0131n da alt\u0131 \u00e7izildi.<\/p>\n<p>Schumer, \u201cT\u00fcrkiye k\u00fcresel istikrara bir tehlike ve Orta Do\u011fu ve Do\u011fu Akdeniz\u2019deki sald\u0131rganl\u0131\u011fa kar\u015f\u0131 olmak i\u00e7in her \u015feyi yapmal\u0131y\u0131z\u201d demi\u015f ve ABD\u2019nin T\u00fcrkiye\u2019ye g\u00fcvenmesi ile ilgili olarak \u201cSadece tehlikeli de\u011fil ayn\u0131 zamanda ABD ve m\u00fcttefiklerini de riske at\u0131yor\u201d yorumunu yapm\u0131\u015ft\u0131.<\/p>\n","protected":false},"excerpt":{"rendered":"<p>Se\u00e7imlerden sonra g\u00f6zler ABD-T\u00fcrkiye aras\u0131ndaki F-16 s\u00fcrecine \u00e7evrildi&#8230;<\/p>\n","protected":false},"author":1,"featured_media":96473,"comment_status":"closed","ping_status":"open","sticky":false,"template":"","format":"standard","meta":{"footnotes":""},"categories":[24],"tags":[11,9856,3434,87,445],"class_list":["post-96472","post","type-post","status-publish","format-standard","has-post-thumbnail","hentry","category-dunya","tag-abd","tag-isvecin","tag-kongre","tag-turk","tag-uye"],"_links":{"self":[{"href":"https:\/\/haberulus.net\/index.php?rest_route=\/wp\/v2\/posts\/96472","targetHints":{"allow":["GET"]}}],"collection":[{"href":"https:\/\/haberulus.net\/index.php?rest_route=\/wp\/v2\/posts"}],"about":[{"href":"https:\/\/haberulus.net\/index.php?rest_route=\/wp\/v2\/types\/post"}],"author":[{"embeddable":true,"href":"https:\/\/haberulus.net\/index.php?rest_route=\/wp\/v2\/users\/1"}],"replies":[{"embeddable":true,"href":"https:\/\/haberulus.net\/index.php?rest_route=%2Fwp%2Fv2%2Fcomments&post=96472"}],"version-history":[{"count":1,"href":"https:\/\/haberulus.net\/index.php?rest_route=\/wp\/v2\/posts\/96472\/revisions"}],"predecessor-version":[{"id":96474,"href":"https:\/\/haberulus.net\/index.php?rest_route=\/wp\/v2\/posts\/96472\/revisions\/96474"}],"wp:featuredmedia":[{"embeddable":true,"href":"https:\/\/haberulus.net\/index.php?rest_route=\/wp\/v2\/media\/96473"}],"wp:attachment":[{"href":"https:\/\/haberulus.net\/index.php?rest_route=%2Fwp%2Fv2%2Fmedia&parent=96472"}],"wp:term":[{"taxonomy":"category","embeddable":true,"href":"https:\/\/haberulus.net\/index.php?rest_route=%2Fwp%2Fv2%2Fcategories&post=96472"},{"taxonomy":"post_tag","embeddable":true,"href":"https:\/\/haberulus.net\/index.php?rest_route=%2Fwp%2Fv2%2Ftags&post=96472"}],"curies":[{"name":"wp","href":"https:\/\/api.w.org\/{rel}","templated":true}]}}