{"id":96508,"date":"2023-06-11T07:05:06","date_gmt":"2023-06-11T07:05:06","guid":{"rendered":"https:\/\/haberulus.net\/?p=96508"},"modified":"2023-06-11T07:05:06","modified_gmt":"2023-06-11T07:05:06","slug":"interin-yenilgisi-hayal-kirikligi-yaratti-italyanlar-tersine-ucleme-yapti","status":"publish","type":"post","link":"https:\/\/haberulus.net\/?p=96508","title":{"rendered":"Inter\u2019in yenilgisi hayal k\u0131r\u0131kl\u0131\u011f\u0131 yaratt\u0131! \u0130talyanlar tersine \u00fc\u00e7leme yapt\u0131!"},"content":{"rendered":"<p>\u0130ngiltere\u2019nin Manchester City tak\u0131m\u0131n\u0131n, \u0130talyan ekibi Inter\u2019i UEFA \u015eampiyonlar Ligi finalinde 1-0 yenerek \u015fampiyon olmas\u0131, m\u00fcsabakay\u0131 \u0130talya\u2019dan takip eden Inter taraftarlar\u0131n\u0131 \u00fczd\u00fc.<\/p>\n<p>\u0130stanbul Atat\u00fcrk Olimpiyat Stad\u0131\u2019nda oynanan \u00f6nemli final m\u00fcsabakas\u0131 \u00f6ncesinde, Inter tak\u0131m\u0131n\u0131n kenti Milano\u2019da mavi-siyahl\u0131 taraftarlar b\u00fcy\u00fck heyecan ve co\u015fkuyla ma\u00e7\u0131 bekledi.<\/p>\n<p>Inter kul\u00fcb\u00fcn\u00fcn organizasyonuyla tak\u0131m\u0131n ma\u00e7lar\u0131n\u0131 oynad\u0131\u011f\u0131 Giuseppe Meazza Stad\u0131\u2019na final i\u00e7in dev ekran kurulurken, yakla\u015f\u0131k 40 bin taraftar ma\u00e7\u0131 buradan izledi. Taraftarlar s\u0131k s\u0131k tak\u0131mlar\u0131 lehine tezah\u00fcratta bulundu.<\/p>\n<p><img decoding=\"async\" src=\"https:\/\/i01.sozcucdn.com\/wp-content\/uploads\/2023\/06\/11\/2023-06-10t210040z_1970984379_up1ej6a1md2pc_rtrmadp_3_soccer-champions-mci-int-milan-fans.jpg\" alt=\"\" title=\"\"><\/p>\n<p>Stada giremeyen pek \u00e7ok taraftar da kentin farkl\u0131 noktalar\u0131nda kafelerde b\u00fcy\u00fck ilgiyle kar\u015f\u0131la\u015fmay\u0131 takip etti.<\/p>\n<p>\u00d6zellikle ma\u00e7\u0131n son anlar\u0131nda, Inter\u2019in yakalad\u0131\u011f\u0131 gol f\u0131rsatlar\u0131nda taraftarlar b\u00fcy\u00fck heyecan ya\u015farken, mavi-siyahl\u0131 tak\u0131m\u0131n gol f\u0131rsatlar\u0131n\u0131 de\u011ferlendirememesi taraftarlar\u0131 hayal k\u0131r\u0131kl\u0131\u011f\u0131na u\u011fratt\u0131.<\/p>\n<p>Inter\u2019in arad\u0131\u011f\u0131 gol\u00fc bulamamas\u0131 ve Manchester City\u2019nin 1-0\u2019l\u0131k sonu\u00e7la \u015eampiyonlar Ligi\u2019ni kazanmas\u0131, mavi-siyahl\u0131 \u0130talyan taraftarlar\u0131n \u00fcz\u00fcnt\u00fcyle da\u011f\u0131lmas\u0131na yol a\u00e7t\u0131.<\/p>\n<p><img decoding=\"async\" src=\"https:\/\/i01.sozcucdn.com\/wp-content\/uploads\/2023\/06\/11\/inter-taraftari-1.jpg\" alt=\"\" title=\"\"><\/p>\n<p><b>\u0130TALYAN BASINI: TERS\u0130NE \u00dc\u00c7LEME<\/b><\/p>\n<p>Final ma\u00e7\u0131n\u0131n ard\u0131ndan Inter\u2019in ma\u011flubiyeti \u0130talyan bas\u0131n\u0131na da yans\u0131d\u0131.<\/p>\n<p>La Gazzetta dello Sport; \u201c\u00c7ok yaz\u0131k\u201d, Corriere dello Sport; \u201cInter, \u0130stanbul\u2019da ac\u0131 g\u00f6zya\u015f\u0131 i\u00e7inde. City, \u015eampiyonlar Ligi\u2019ni kazan\u0131yor\u201d, Tuttosport; \u201cInter, finalde kaybediyor. Guardiola Avrupa \u015eampiyonu\u201d man\u015fetiyle dev ma\u00e7\u0131n sonucunu duyurdu.<\/p>\n<p><img decoding=\"async\" src=\"https:\/\/i01.sozcucdn.com\/wp-content\/uploads\/2023\/06\/11\/inter-1.jpg\" alt=\"\" title=\"\"><\/p>\n<p>Sportmediaset kanal\u0131 ise \u201cG\u00fczel Inter sadece Rodri\u2019nin gol\u00fcne teslim oldu. City, Avrupa \u015eampiyonu\u201d ba\u015fl\u0131\u011f\u0131n\u0131 kulland\u0131.<\/p>\n<p>Kanal\u0131n internet sitesindeki haberde de bu sezon Roma, Fiorentina ve Inter\u2019in UEFA\u2019n\u0131n 3 farkl\u0131 kupas\u0131nda da final oynad\u0131\u011f\u0131na dikkat \u00e7ekilerek, \u201c\u0130talyan tak\u0131mlar\u0131ndan \u00fc\u00e7leme beklenirken, bunun tersten ger\u00e7ekle\u015fti\u011fi ve 3 \u0130talyan ekibinin de finallerini kaybetti\u011fi\u201d yaz\u0131ld\u0131.<\/p>\n<p>Avrupa Ligi\u2019nde Roma, Sevilla\u2019ya ve Konferans Ligi\u2019nde Fiorentina, West Ham United\u2019a finalde kaybederek kupay\u0131 kazanmay\u0131 ba\u015faramad\u0131.<\/p>\n<p>(AA)<\/p>\n<p><img decoding=\"async\" src=\"https:\/\/i01.sozcucdn.com\/wp-content\/uploads\/2023\/06\/11\/inter-2.jpg\" alt=\"\" title=\"\"><\/p>\n","protected":false},"excerpt":{"rendered":"<p>Inter&#8217;in \u015eampiyonlar Ligi finalindeki hayal k\u0131r\u0131kl\u0131\u011f\u0131 \u0130talya&#8217;da b\u00fcy\u00fck \u00fcz\u00fcnt\u00fcye yol a\u00e7t\u0131. Bu sezon Avrupa&#8217;daki \u00fc\u00e7 kupada da finale y\u00fckselen \u0130talyan ekipleri, mutlu sona ula\u015famad\u0131&#8230;<\/p>\n","protected":false},"author":1,"featured_media":96509,"comment_status":"closed","ping_status":"open","sticky":false,"template":"","format":"standard","meta":{"footnotes":""},"categories":[31],"tags":[329,4947,3021,193,4066],"class_list":["post-96508","post","type-post","status-publish","format-standard","has-post-thumbnail","hentry","category-spor","tag-final","tag-inter","tag-italyan","tag-sampiyon","tag-taraftarlar"],"_links":{"self":[{"href":"https:\/\/haberulus.net\/index.php?rest_route=\/wp\/v2\/posts\/96508","targetHints":{"allow":["GET"]}}],"collection":[{"href":"https:\/\/haberulus.net\/index.php?rest_route=\/wp\/v2\/posts"}],"about":[{"href":"https:\/\/haberulus.net\/index.php?rest_route=\/wp\/v2\/types\/post"}],"author":[{"embeddable":true,"href":"https:\/\/haberulus.net\/index.php?rest_route=\/wp\/v2\/users\/1"}],"replies":[{"embeddable":true,"href":"https:\/\/haberulus.net\/index.php?rest_route=%2Fwp%2Fv2%2Fcomments&post=96508"}],"version-history":[{"count":1,"href":"https:\/\/haberulus.net\/index.php?rest_route=\/wp\/v2\/posts\/96508\/revisions"}],"predecessor-version":[{"id":96510,"href":"https:\/\/haberulus.net\/index.php?rest_route=\/wp\/v2\/posts\/96508\/revisions\/96510"}],"wp:featuredmedia":[{"embeddable":true,"href":"https:\/\/haberulus.net\/index.php?rest_route=\/wp\/v2\/media\/96509"}],"wp:attachment":[{"href":"https:\/\/haberulus.net\/index.php?rest_route=%2Fwp%2Fv2%2Fmedia&parent=96508"}],"wp:term":[{"taxonomy":"category","embeddable":true,"href":"https:\/\/haberulus.net\/index.php?rest_route=%2Fwp%2Fv2%2Fcategories&post=96508"},{"taxonomy":"post_tag","embeddable":true,"href":"https:\/\/haberulus.net\/index.php?rest_route=%2Fwp%2Fv2%2Ftags&post=96508"}],"curies":[{"name":"wp","href":"https:\/\/api.w.org\/{rel}","templated":true}]}}