{"id":96517,"date":"2023-06-11T07:21:05","date_gmt":"2023-06-11T07:21:05","guid":{"rendered":"https:\/\/haberulus.net\/?p=96517"},"modified":"2023-06-11T07:21:05","modified_gmt":"2023-06-11T07:21:05","slug":"pep-guardiola-cok-calismak-yeniden-kazanmak-burada-olmak-unutulmamak-istiyorum","status":"publish","type":"post","link":"https:\/\/haberulus.net\/?p=96517","title":{"rendered":"Pep Guardiola: \u00c7ok \u00e7al\u0131\u015fmak, yeniden kazanmak, burada olmak, unutulmamak istiyorum"},"content":{"rendered":"<p>Manchester City Teknik Direkt\u00f6r\u00fc Pep Guardiola, ge\u00e7mi\u015fte \u00e7ok yakla\u015ft\u0131klar\u0131 \u015eampiyonlar Ligi \u015fampiyonlu\u011funa \u0130stanbul\u2019da ula\u015ft\u0131klar\u0131n\u0131 s\u00f6yledi.<\/p>\n<p>Guardiola, UEFA \u015eampiyonlar Ligi finalinde Inter\u2019i 1-0 yendikleri ma\u00e7\u0131n ard\u0131ndan d\u00fczenlenen bas\u0131n toplant\u0131s\u0131na alk\u0131\u015flar e\u015fli\u011finde girdi.<\/p>\n<p>Inter\u2019i g\u00f6sterdi\u011fi performanstan dolay\u0131 kutlayan Guardiola, \u201cBu ac\u0131y\u0131 tamir edebilecek s\u00f6zler yok. Ama Avrupa\u2019n\u0131n en iyi ikinci tak\u0131m\u0131 oldular. Sportif direkt\u00f6r\u00fcm\u00fcze te\u015fekk\u00fcr etmek istiyorum. Genellikle \u015eampiyonlar Ligi\u2019ni kazanmazsan\u0131z ertesi g\u00fcn i\u015ften kovulursunuz. Bizim projemiz i\u015fe yarad\u0131. Ge\u00e7mi\u015fte \u00e7ok yakla\u015ft\u0131k olmad\u0131 ama bug\u00fcn ba\u015fard\u0131k.\u201d diye konu\u015ftu.<\/p>\n<p><b>\u201cH\u0130\u00c7B\u0130R \u015eEY B\u0130TMED\u0130\u201d<\/b><\/p>\n<p>\u201cKariyerinizde ikinci kez \u00fc\u00e7leme yapt\u0131n\u0131z, neler hissediyorsunuz\u201d sorusuna Guardiola, \u201c\u015eu an hi\u00e7bir \u015fey bitmedi. Bunu daha \u00f6nce Barcelona\u2019da da ya\u015fam\u0131\u015ft\u0131m. \u0130lk yar\u0131da kendimizi bulmaya \u00e7al\u0131\u015ft\u0131k, \u00e7abalad\u0131k. Rodri \u00e7ok emek sarf etti. Son dakikalarda inan\u0131lmaz bir bask\u0131 yapt\u0131 rakibimiz. Ederson gibi bir kaleciye sahip olmak b\u00fcy\u00fck \u015fans. \u00c7ok iyi kurtar\u0131\u015flar yapt\u0131.\u201d yan\u0131t\u0131n\u0131 verdi.<\/p>\n<p><img decoding=\"async\" src=\"https:\/\/i01.sozcucdn.com\/wp-content\/uploads\/2023\/06\/11\/pep-guardiola-1.jpg\" alt=\"\" title=\"\"><\/p>\n<p><b>\u201cONSUZ BUNLAR M\u00dcMK\u00dcN OLAMAZDI\u201d<\/b><\/p>\n<p>Alex Ferguson\u2019un da \u00fc\u00e7leme yapt\u0131\u011f\u0131n\u0131 hat\u0131rlatan Guardiola, \u0130ngiltere\u2019de \u0130sko\u00e7 teknik adamla ayn\u0131 ba\u015far\u0131y\u0131 yakalaman\u0131n harika bir duygu oldu\u011funu kaydetti.<\/p>\n<p>\u015eeyh Mansur\u2019un kul\u00fcb\u00fc almas\u0131ndan sonra her \u015feyin \u00e7ok de\u011fi\u015fti\u011fini aktaran Guardiola, \u201cOnsuz bunlar m\u00fcmk\u00fcn olamazd\u0131. \u015eampiyonlar Ligi\u2019ni kazanma, inand\u0131\u011f\u0131m\u0131z \u015feyin pe\u015finden gitmek. Bu f\u0131rsat\u0131, bu imkan\u0131 bize sunduklar\u0131 i\u00e7in onlara te\u015fekk\u00fcr etmeliyim. Manchester City bu y\u0131l kazanmal\u0131yd\u0131, ba\u015farmal\u0131yd\u0131. Bunu hak ettik.\u201d ifadelerini kulland\u0131.<\/p>\n<p><b>\u201cUNUTULMAMAK \u0130ST\u0130YORUM\u201d<\/b><\/p>\n<p>Guardiola, Inter kar\u015f\u0131s\u0131nda \u00e7ok bask\u0131 hissettiklerini belirterek, \u201c\u0130talyan tak\u0131mlar\u0131 \u00f6yle iyi oynuyorlar ki bask\u0131y\u0131 \u00e7ok hissediyorsunuz. Bask\u0131dan ka\u00e7mak m\u00fcmk\u00fcn olmuyor. \u00d6n\u00fcm\u00fczdeki y\u0131l tekrar \u00e7ok \u00e7al\u0131\u015fmak, yeniden kazanmak, burada olmak, unutulmamak istiyorum. Sonunda kazanamamak da var.\u201d \u015feklinde g\u00f6r\u00fc\u015f belirtti.<\/p>\n<div><img decoding=\"async\" src=\"https:\/\/i01.sozcucdn.com\/wp-content\/uploads\/2023\/06\/11\/rodri-guardiola-1.jpg\" alt=\"\" title=\"\"><\/p>\n<p>Manchester City\u2019nin ma\u00e7taki tek gol\u00fcn\u00fc atan Rodri ve Pep Guardiola. Foto\u011fraf: Reuters.<\/p>\n<\/div>\n<p><b>\u201cBAZEN KEND\u0130N\u0130Z OLAMIYORSUNUZ\u201d<\/b><\/p>\n<p>Kendisine y\u00f6nelik her y\u0131l b\u00fct\u00fcn kupalar\u0131 kazanma beklentisi oldu\u011funu dile getiren, 6-7 y\u0131lda \u00e7ok b\u00fcy\u00fck i\u015fler ba\u015fard\u0131klar\u0131n\u0131 s\u00f6yledi.<\/p>\n<p>Deneyimli teknik adam, kalecileri Ederson\u2019un ikinci yar\u0131da bir hatas\u0131n\u0131n oldu\u011funu hat\u0131rlatarak, \u201c\u00c7ok pahal\u0131ya mal olabilirdi ama olmad\u0131. Eski bir futbolcu olarak \u015funu s\u00f6yleyebilirim, bazen kendiniz olam\u0131yorsunuz.\u201d diyerek s\u00f6zlerini tamamlad\u0131.<\/p>\n<p><b>BARCELONA \u0130LE AYNI BA\u015eARI<\/b><\/p>\n<p>Manchester City ile \u00fc\u00e7 kupay\u0131 da kazanan 52 ya\u015f\u0131ndaki Pep Guardiola, bunu iki kez ba\u015faran ilk teknik adam olarak tarihe ge\u00e7ti. Guardiola, Barcelona&#8217;y\u0131 \u00e7al\u0131\u015ft\u0131rd\u0131\u011f\u0131 2009 y\u0131l\u0131nda LaLiga, \u0130spanya Kral Kupas\u0131 ve UEFA \u015eampiyonlar Ligi&#8217;nde \u015fampiyon olarak \u201c\u00fc\u00e7leme\u201d yapm\u0131\u015ft\u0131.<\/p>\n<p>Avrupa futbolunu o d\u00f6nemde domine eden Katalan temsilcisi, \u00fc\u00e7 kupan\u0131n yan\u0131 s\u0131ra \u0130spanya S\u00fcper Kupas\u0131, UEFA S\u00fcper Kupa ve FIFA Kul\u00fcpler D\u00fcnya Kupas\u0131&#8217;n\u0131 da m\u00fczesine g\u00f6t\u00fcrm\u00fc\u015ft\u00fc.<\/p>\n<p><img decoding=\"async\" src=\"https:\/\/i01.sozcucdn.com\/wp-content\/uploads\/2023\/06\/11\/guardiola-1.jpg\" alt=\"\" title=\"\"><\/p>\n<p><b>GUARDIOLA&#8217;NIN \u00dc\u00c7\u00dcNC\u00dc \u015eAMP\u0130YONLU\u011eU<\/b><\/p>\n<p>Manchester City Teknik Direkt\u00f6r\u00fc Pep Guardiola, kariyerinde \u00fc\u00e7\u00fcnc\u00fc kez \u015eampiyonlar Ligi kupas\u0131 sevinci ya\u015fad\u0131.<\/p>\n<p>Deneyimli teknik adam, Barcelona&#8217;y\u0131 \u00e7al\u0131\u015ft\u0131rd\u0131\u011f\u0131 d\u00f6nemde 2008-2009 ve 2010-2011 sezonlar\u0131nda Avrupa&#8217;n\u0131n 1 numaral\u0131 kupas\u0131nda \u015fampiyonlu\u011fa uzanm\u0131\u015ft\u0131.<\/p>\n","protected":false},"excerpt":{"rendered":"<p>Pep Guardiola, \u015eampiyonlar Ligi zaferi sonras\u0131 duygular\u0131n\u0131 payla\u015ft\u0131. Kariyerinde ikinci kez &#8216;\u00fc\u00e7leme&#8217; yapan ve 24 y\u0131l sonra \u0130ngiliz futboluna benzer ba\u015far\u0131y\u0131 tatt\u0131ran deneyimli \u00e7al\u0131\u015ft\u0131r\u0131c\u0131, \u00f6nemli a\u00e7\u0131klamalar yapt\u0131.<\/p>\n","protected":false},"author":1,"featured_media":96518,"comment_status":"closed","ping_status":"open","sticky":false,"template":"","format":"standard","meta":{"footnotes":""},"categories":[31],"tags":[818,11778,7685,1910,1169],"class_list":["post-96517","post","type-post","status-publish","format-standard","has-post-thumbnail","hentry","category-spor","tag-city","tag-guardiola","tag-kazanma","tag-sampiyonlar-ligi","tag-teknik"],"_links":{"self":[{"href":"https:\/\/haberulus.net\/index.php?rest_route=\/wp\/v2\/posts\/96517","targetHints":{"allow":["GET"]}}],"collection":[{"href":"https:\/\/haberulus.net\/index.php?rest_route=\/wp\/v2\/posts"}],"about":[{"href":"https:\/\/haberulus.net\/index.php?rest_route=\/wp\/v2\/types\/post"}],"author":[{"embeddable":true,"href":"https:\/\/haberulus.net\/index.php?rest_route=\/wp\/v2\/users\/1"}],"replies":[{"embeddable":true,"href":"https:\/\/haberulus.net\/index.php?rest_route=%2Fwp%2Fv2%2Fcomments&post=96517"}],"version-history":[{"count":1,"href":"https:\/\/haberulus.net\/index.php?rest_route=\/wp\/v2\/posts\/96517\/revisions"}],"predecessor-version":[{"id":96519,"href":"https:\/\/haberulus.net\/index.php?rest_route=\/wp\/v2\/posts\/96517\/revisions\/96519"}],"wp:featuredmedia":[{"embeddable":true,"href":"https:\/\/haberulus.net\/index.php?rest_route=\/wp\/v2\/media\/96518"}],"wp:attachment":[{"href":"https:\/\/haberulus.net\/index.php?rest_route=%2Fwp%2Fv2%2Fmedia&parent=96517"}],"wp:term":[{"taxonomy":"category","embeddable":true,"href":"https:\/\/haberulus.net\/index.php?rest_route=%2Fwp%2Fv2%2Fcategories&post=96517"},{"taxonomy":"post_tag","embeddable":true,"href":"https:\/\/haberulus.net\/index.php?rest_route=%2Fwp%2Fv2%2Ftags&post=96517"}],"curies":[{"name":"wp","href":"https:\/\/api.w.org\/{rel}","templated":true}]}}