{"id":96592,"date":"2023-06-11T09:35:32","date_gmt":"2023-06-11T09:35:32","guid":{"rendered":"https:\/\/haberulus.net\/?p=96592"},"modified":"2023-06-11T09:35:32","modified_gmt":"2023-06-11T09:35:32","slug":"mansur-yavastan-dikkat-ceken-hamle-kilicdarogluna-fark-attigi-anketi-begendi","status":"publish","type":"post","link":"https:\/\/haberulus.net\/?p=96592","title":{"rendered":"Mansur Yava\u015f&#8217;tan dikkat \u00e7eken hamle! K\u0131l\u0131\u00e7daro\u011flu&#8217;na fark att\u0131\u011f\u0131 anketi be\u011fendi"},"content":{"rendered":"<p>28 May\u0131s&#8217;ta ger\u00e7ekle\u015fen cumhurba\u015fkan\u0131 se\u00e7imlerinde Millet \u0130ttifak\u0131&#8217;n\u0131n aday\u0131 CHP Genel Ba\u015fkan\u0131 Kemal K\u0131l\u0131\u00e7daro\u011flu bir yenilgi daha ald\u0131.<\/p>\n<p><b>\u0130S\u0130MLER\u0130 ADAYLIK \u0130\u00c7\u0130N GE\u00c7\u0130YORDU<\/b><\/p>\n<p> <strong>Se\u00e7im<\/strong> sonu\u00e7lar\u0131n\u0131n ard\u0131ndan istifa \u00e7a\u011fr\u0131lar\u0131n\u0131n yap\u0131ld\u0131\u011f\u0131 K\u0131l\u0131\u00e7daro\u011flu&#8217;nun,  <strong>se\u00e7im<\/strong> \u00f6ncesinde isimleri adayl\u0131k i\u00e7in ge\u00e7en \u0130BB Ba\u015fkan\u0131 Ekrem \u0130mamo\u011flu ve ABB Ba\u015fkan\u0131 Mansur Yava\u015f ile de aralar\u0131n\u0131n a\u00e7\u0131ld\u0131\u011f\u0131 iddia edildi. Yava\u015f sessizli\u011fini korurken, \u0130mamo\u011flu ise s\u0131k s\u0131k &#8220;de\u011fi\u015fim&#8221; mesaj\u0131 vererek CHP liderli\u011fine g\u00f6z k\u0131rp\u0131yor.<\/p>\n<p><b>\u00d6NDE OLDU\u011eU ANKET\u0130 BE\u011eEND\u0130<\/b><\/p>\n<p>Yava\u015f g\u00fcnler s\u00fcren sessizli\u011fini dikkat \u00e7eken bir sosyal medya be\u011fenisi ile bozdu. Ankara B\u00fcy\u00fck\u015fehir Belediye Ba\u015fkan\u0131 Mansur Yava\u015f, akademisyen Evren Balta&#8217;n\u0131n kendisini di\u011fer liderlerden \u00f6nde g\u00f6steren &#8216;pozitif oy&#8217; anketini Twitter&#8217;dan be\u011fendi. S\u00f6z konusu ankette Yava\u015f&#8217;a &#8220;Kesinlikle oy verirdim&#8221; diyenlerin oran\u0131n\u0131n, K\u0131l\u0131\u00e7daro\u011flu&#8217;nun oran\u0131na g\u00f6re daha y\u00fcksek oldu\u011fu g\u00f6r\u00fcl\u00fcyor.<\/p>\n<p><img decoding=\"async\" src=\"https:\/\/i.hbrcdn.com\/haber\/2023\/06\/11\/mansur-yavas-tan-dikkat-ceken-hamle-kilicdaroglu-16018594_963_m.jpg\" alt=\"\" title=\"\"><\/p>\n","protected":false},"excerpt":{"rendered":"<p>Ankara B\u00fcy\u00fck\u015fehir Belediye Ba\u015fkan\u0131 Mansur Yava\u015f, Twitter hesab\u0131ndan 6 ay \u00f6nce yap\u0131lan bir adayl\u0131k anketine dair payla\u015f\u0131m\u0131 be\u011fendi. S\u00f6z konusu ankette Yava\u015f&#8217;a &#8220;Kesinlikle oy veririm&#8221; diyenlerin, Kemal K\u0131l\u0131\u00e7daro\u011flu&#8217;nun oy oran\u0131ndan \u00e7ok daha fazla olmas\u0131 dikkat \u00e7ekti.<\/p>\n","protected":false},"author":1,"featured_media":0,"comment_status":"closed","ping_status":"open","sticky":false,"template":"","format":"standard","meta":{"footnotes":""},"categories":[28],"tags":[3483],"class_list":["post-96592","post","type-post","status-publish","format-standard","hentry","category-politika","tag-yavas"],"_links":{"self":[{"href":"https:\/\/haberulus.net\/index.php?rest_route=\/wp\/v2\/posts\/96592","targetHints":{"allow":["GET"]}}],"collection":[{"href":"https:\/\/haberulus.net\/index.php?rest_route=\/wp\/v2\/posts"}],"about":[{"href":"https:\/\/haberulus.net\/index.php?rest_route=\/wp\/v2\/types\/post"}],"author":[{"embeddable":true,"href":"https:\/\/haberulus.net\/index.php?rest_route=\/wp\/v2\/users\/1"}],"replies":[{"embeddable":true,"href":"https:\/\/haberulus.net\/index.php?rest_route=%2Fwp%2Fv2%2Fcomments&post=96592"}],"version-history":[{"count":1,"href":"https:\/\/haberulus.net\/index.php?rest_route=\/wp\/v2\/posts\/96592\/revisions"}],"predecessor-version":[{"id":96593,"href":"https:\/\/haberulus.net\/index.php?rest_route=\/wp\/v2\/posts\/96592\/revisions\/96593"}],"wp:attachment":[{"href":"https:\/\/haberulus.net\/index.php?rest_route=%2Fwp%2Fv2%2Fmedia&parent=96592"}],"wp:term":[{"taxonomy":"category","embeddable":true,"href":"https:\/\/haberulus.net\/index.php?rest_route=%2Fwp%2Fv2%2Fcategories&post=96592"},{"taxonomy":"post_tag","embeddable":true,"href":"https:\/\/haberulus.net\/index.php?rest_route=%2Fwp%2Fv2%2Ftags&post=96592"}],"curies":[{"name":"wp","href":"https:\/\/api.w.org\/{rel}","templated":true}]}}