{"id":96706,"date":"2023-06-11T12:51:05","date_gmt":"2023-06-11T12:51:05","guid":{"rendered":"https:\/\/haberulus.net\/?p=96706"},"modified":"2023-06-11T12:51:05","modified_gmt":"2023-06-11T12:51:05","slug":"depremden-7-ay-once-yaptigi-konutlar-yikilmisti-akpli-baskandan-piskin-savunma","status":"publish","type":"post","link":"https:\/\/haberulus.net\/?p=96706","title":{"rendered":"Depremden 7 ay \u00f6nce yapt\u0131\u011f\u0131 konutlar y\u0131k\u0131lm\u0131\u015ft\u0131! AKP\u2019li ba\u015fkandan pi\u015fkin savunma\u00a0"},"content":{"rendered":"<p>Malatya\u2019n\u0131n Ye\u015filyurt il\u00e7esinde AKP\u2019li Ye\u015filyurt Belediyesi taraf\u0131ndan, 2020 y\u0131l\u0131nda temeli at\u0131lan 136 daire, 7 blok, 6 d\u00fckk\u00e2ndan olu\u015fan \u2018Ye\u015fil T\u00f6ps\u00f6\u011f\u00fct Konutlar\u0131\u2019 yakla\u015f\u0131k 7 ay \u00f6nce sahiplerine teslim edilmi\u015fti. Kahramanmara\u015f merkezli depremlerde hasar g\u00f6ren konutlar oturulamaz hale gelmi\u015fti.<\/p>\n<p>Ye\u015filyurt Belediyesi, haziran ay\u0131 meclis toplant\u0131s\u0131nda Tops\u00f6\u011f\u00fct Kar\u015f\u0131yaka Mahallesi\u2019nde bakanl\u0131k taraf\u0131ndan belediyeye verilen parsel alanlar\u0131na kat kar\u015f\u0131l\u0131\u011f\u0131nda in\u015faat yap\u0131lmas\u0131 talebi g\u00f6r\u00fc\u015f\u00fcld\u00fc. CHP\u2019nin ret oyu vermesine ra\u011fmen g\u00fcndem d\u0131\u015f\u0131 olan madde oy \u00e7oklu\u011fuyla kabul edildi.<br \/><strong><br \/>\u201c\u0130NSANLAR Y\u0130NE PER\u0130\u015eAN OLACAK\u201d<\/strong><\/p>\n<p>AKP\u2019li belediyenin meclis toplant\u0131s\u0131nda g\u00fcndem d\u0131\u015f\u0131 maddesinde, \u201cBelediyemizin g\u00f6rev ve yetki sahas\u0131nda bulunan il\u00e7emiz Tops\u00f6\u011f\u00fct Kar\u015f\u0131yaka Mahallesi&#8217;nde baz\u0131 alanlar bakanl\u0131k onay\u0131 ile taraf\u0131m\u0131za verilen parsel alan\u0131na belediyemizce kat kar\u015f\u0131l\u0131\u011f\u0131 in\u015faat yap\u0131lmas\u0131 planlanmaktad\u0131r. Uygun g\u00f6r\u00fcld\u00fc\u011f\u00fc takdirde m\u00fclkiyeti belediyemize ait parsellerin kapal\u0131 teklif usul\u00fc ile kat kar\u015f\u0131l\u0131\u011f\u0131 in\u015faat yap\u0131lma ihalesinin yap\u0131l\u0131p yap\u0131lmayaca\u011f\u0131, yap\u0131ld\u0131\u011f\u0131 takdirde sat\u0131\u015f i\u015f ve i\u015flerinin y\u00fcr\u00fct\u00fclmesi i\u00e7in belediye enc\u00fcmenine sat\u0131\u015f yetkisinin verilip verilemeyece\u011fi meclis karar\u0131yla oylara sunulmas\u0131na karar verildi\u201d \u015feklindeki yaz\u0131 okundu.<\/p>\n<p>Konuya ili\u015fkin s\u00f6z alan CHP meclis \u00fcyesi G\u00fcnnur Tabel, Tops\u00f6\u011f\u00fct\u2019te yap\u0131lan binalar\u0131n depremlerde a\u011f\u0131r hasar ald\u0131\u011f\u0131n\u0131 hat\u0131rlatarak, \u201cYine ayn\u0131 riske girece\u011fiz, yar\u0131n \u00f6b\u00fcr g\u00fcn yine insanlar peri\u015fan olacak. Yine ayn\u0131 \u015feyler ya\u015fanacak, oran\u0131n zemin et\u00fcd\u00fc yap\u0131ld\u0131 m\u0131? Demek ki oras\u0131 sa\u011flam de\u011fil ki binalar depreme dayanamad\u0131. Hala ders almad\u0131k m\u0131?\u201d diyerek meclise getirilen \u00f6nergeye tepki g\u00f6sterdi.<\/p>\n<p><strong>\u201cKAZA YAPACA\u011eIZ D\u0130YE TRAF\u0130\u011eE \u00c7IKMAYALIM MI?\u201d<\/strong><\/p>\n<p>Belediye Ba\u015fkan\u0131 Mehmet \u00c7\u0131nar bu s\u00f6zlere cevap verdi:<\/p>\n<p>\u201c\u015eu anda ciddi bir konut ihtiyac\u0131 var. M\u00fcteahhitlerin de \u015fehirde talepleri var. Arsalarla ilgili de gelecekte bize ihtiya\u00e7 olacak. O zamana kadar haz\u0131rl\u0131k yapm\u0131\u015f olmam\u0131z gerekiyor. Biliyorsunuz 1 Temmuz&#8217;dan itibaren yeni imar y\u00f6netmeli\u011fi de \u00e7\u0131kacak, orta hasarlarla ilgili yak\u0131n zamanda genelge ya da kanun da \u00e7\u0131kacak.\u00a0Mecburen haz\u0131rl\u0131k da yapmak zorunday\u0131z.<\/p>\n<p>Ona bak\u0131l\u0131rsa kaza yapaca\u011f\u0131z diye, trafi\u011fe \u00e7\u0131kmayal\u0131m m\u0131 yani? Bu y\u0131l \u00f6zellikle 6 \u015fubat depreminin olmas\u0131yla beraber hasarlardan dolay\u0131 fen i\u015fleri, \u00f6zellikle park, bah\u00e7e gibi m\u00fcd\u00fcrl\u00fcklerimizin ciddi anlamda malzeme ve i\u015f yap\u0131m\u0131yla ilgili talepleri var.\u00a0\u00c7ok yo\u011fun bir \u015fekilde Temizlik \u0130\u015fleri M\u00fcd\u00fcrl\u00fc\u011f\u00fc \u00f6zellikle b\u00f6lgemizdeki y\u0131k\u0131mlardan dolay\u0131 ciddi anlamda vatanda\u015ftan molozlar\u0131n kald\u0131r\u0131lmas\u0131 noktas\u0131nda talepler var.<\/p>\n<p>Ayn\u0131 zamanda yine kanun gere\u011fi baz\u0131 personellerimize hem sendikasyon hakk\u0131 hem de Kararnamesi gere\u011fince birtak\u0131m tazminat ve ek \u00f6demelerin yap\u0131lmas\u0131 ve maa\u015flara temmuz ay\u0131nda gelecek olan zamlardan dolay\u0131 tedbiren b\u00fct\u00e7emizi revize etmek durumunda kald\u0131k.\u201d<\/p>\n<p><strong>\u201cSONU\u00c7TA B\u0130R MA\u011eDUR\u0130YET VAR\u201d<\/strong><\/p>\n<p>Ye\u015filyurt Meclis \u00dcyesi G\u00fcnnur Tabel, Ye\u015filyurt Belediyesi&#8217;nin ihtiya\u00e7lar\u0131yla ilgili taleplerin meclise sunulmas\u0131n\u0131n ard\u0131ndan, talep edilen desteklerle ilgili \u00c7\u0131nar&#8217;a, \u201cDeprem b\u00f6lgesindeyiz, sonu\u00e7ta bir ma\u011fduriyet var, devlet bunun i\u00e7in bir \u00f6denek ay\u0131rm\u0131yor mu?\u201d \u015feklinde soru y\u00f6neltti. Tabel&#8217;in sorusuna yan\u0131t veren Mehmet \u00c7\u0131nar , AFAD&#8217;\u0131n destek oldu\u011funu fakat bu desteklerin hem yetmedi\u011fini hem de kendilerinin birtak\u0131m b\u00fct\u00e7eler olu\u015fturmalar\u0131 gerekti\u011fini vurgulad\u0131.<\/p>\n","protected":false},"excerpt":{"rendered":"<p>Malatya&#8217;da AKP\u2019li Ye\u015filyurt Belediyesi taraf\u0131ndan yap\u0131lan ve yakla\u015f\u0131k 7 ay \u00f6nce vatanda\u015flara teslim edilen \u2018Ye\u015fil Tops\u00f6\u011f\u00fct Konutlar\u0131\u2019 6 \u015eubat depreminde zarar g\u00f6rm\u00fc\u015ft\u00fc. Meclis toplant\u0131s\u0131nda ayn\u0131 b\u00f6lgede kat kar\u015f\u0131l\u0131\u011f\u0131nda in\u015faat yap\u0131lmas\u0131na y\u00f6nelik maddeye kar\u015f\u0131 \u00e7\u0131kan CHP&#8217;li meclis \u00fcyesi G\u00fcnnur Tabel&#8217;in &#8216;Yine ayn\u0131 riske girece\u011fiz. Yar\u0131n \u00f6b\u00fcr g\u00fcn yine insanlar peri\u015fan olacak&#8221; \u015feklindeki uyar\u0131s\u0131na AKP&#8217;li belediye ba\u015fkan\u0131 Mehmet \u00c7\u0131nar, &#8220;Kaza yapaca\u011f\u0131z diye, trafi\u011fe \u00e7\u0131kmayal\u0131m m\u0131 yani?&#8221; diyerek cevap verdi.<\/p>\n","protected":false},"author":1,"featured_media":96707,"comment_status":"closed","ping_status":"open","sticky":false,"template":"","format":"standard","meta":{"footnotes":""},"categories":[26],"tags":[417,82,83,581,302],"class_list":["post-96706","post","type-post","status-publish","format-standard","has-post-thumbnail","hentry","category-gundem","tag-belediye","tag-gun","tag-is","tag-meclis","tag-talep"],"_links":{"self":[{"href":"https:\/\/haberulus.net\/index.php?rest_route=\/wp\/v2\/posts\/96706","targetHints":{"allow":["GET"]}}],"collection":[{"href":"https:\/\/haberulus.net\/index.php?rest_route=\/wp\/v2\/posts"}],"about":[{"href":"https:\/\/haberulus.net\/index.php?rest_route=\/wp\/v2\/types\/post"}],"author":[{"embeddable":true,"href":"https:\/\/haberulus.net\/index.php?rest_route=\/wp\/v2\/users\/1"}],"replies":[{"embeddable":true,"href":"https:\/\/haberulus.net\/index.php?rest_route=%2Fwp%2Fv2%2Fcomments&post=96706"}],"version-history":[{"count":1,"href":"https:\/\/haberulus.net\/index.php?rest_route=\/wp\/v2\/posts\/96706\/revisions"}],"predecessor-version":[{"id":96708,"href":"https:\/\/haberulus.net\/index.php?rest_route=\/wp\/v2\/posts\/96706\/revisions\/96708"}],"wp:featuredmedia":[{"embeddable":true,"href":"https:\/\/haberulus.net\/index.php?rest_route=\/wp\/v2\/media\/96707"}],"wp:attachment":[{"href":"https:\/\/haberulus.net\/index.php?rest_route=%2Fwp%2Fv2%2Fmedia&parent=96706"}],"wp:term":[{"taxonomy":"category","embeddable":true,"href":"https:\/\/haberulus.net\/index.php?rest_route=%2Fwp%2Fv2%2Fcategories&post=96706"},{"taxonomy":"post_tag","embeddable":true,"href":"https:\/\/haberulus.net\/index.php?rest_route=%2Fwp%2Fv2%2Ftags&post=96706"}],"curies":[{"name":"wp","href":"https:\/\/api.w.org\/{rel}","templated":true}]}}