{"id":97054,"date":"2023-06-12T09:19:34","date_gmt":"2023-06-12T09:19:34","guid":{"rendered":"https:\/\/haberulus.net\/?p=97054"},"modified":"2023-06-12T09:19:34","modified_gmt":"2023-06-12T09:19:34","slug":"desticiden-bir-garip-paylasim-fondaki-turku-de-dustugu-not-da-manidar","status":"publish","type":"post","link":"https:\/\/haberulus.net\/?p=97054","title":{"rendered":"Destici&#8217;den bir garip payla\u015f\u0131m! Fondaki t\u00fcrk\u00fc de d\u00fc\u015ft\u00fc\u011f\u00fc not da manidar"},"content":{"rendered":"<p>14 May\u0131s se\u00e7imlerinde Cumhur \u0130ttifak\u0131 i\u00e7inden ayr\u0131 liste ile se\u00e7ime kat\u0131lan BBP Genel Ba\u015fkan\u0131 Mustafa Destici, aday oldu\u011fu \u0130stanbul 1. b\u00f6lgede y\u00fczde 1 oy ald\u0131 ve milletvekili se\u00e7ilemedi. <\/p>\n<p><b>D\u0130KKAT \u00c7EKEN PAYLA\u015eIM<\/b><\/p>\n<p>\u00d6nceki g\u00fcn yapt\u0131\u011f\u0131 a\u00e7\u0131klamada vakit kaybetmeden ola\u011fan b\u00fcy\u00fck kurultay s\u00fcrecini ba\u015flatacaklar\u0131n\u0131 ifade eden Destici, sosyal medya hesab\u0131ndan dikkat \u00e7eken bir payla\u015f\u0131ma imza att\u0131. <\/p>\n<p><b>&#8220;KULA M\u0130NNET EYLEMEM&#8221;<\/b><\/p>\n<p>Yaylada bir kayan\u0131n \u00fczerine oturdu\u011fu anlar\u0131n videosunu payla\u015fan Destici, &#8220;Zerrece tamah\u0131m yoktur \u015fu d\u00fcnyan\u0131n var\u0131na, r\u0131zk\u0131m\u0131 veren H\u00fcda&#8217;d\u0131r kula minnet eylemem&#8221; notunu d\u00fc\u015ft\u00fc. O esnada fonda ise &#8220;Minnet eylemem&#8221; t\u00fcrk\u00fcs\u00fc vard\u0131.<\/p>\n","protected":false},"excerpt":{"rendered":"<p>14 May\u0131s se\u00e7imlerinde parlamentoya giremeyen B\u00fcy\u00fck Birlik Partisi Genel Ba\u015fkan\u0131 Mustafa Destici, sosyal medya hesab\u0131ndan dikkat \u00e7eken bir payla\u015f\u0131ma imza att\u0131. Yaylada bir kayan\u0131n \u00fczerine oturdu\u011fu anlar\u0131n videosunu payla\u015fan Destici, &#8220;Zerrece tamah\u0131m yoktur \u015fu d\u00fcnyan\u0131n var\u0131na, r\u0131zk\u0131m\u0131 veren H\u00fcda&#8217;d\u0131r kula minnet eylemem&#8221; notunu d\u00fc\u015ft\u00fc.<\/p>\n","protected":false},"author":1,"featured_media":0,"comment_status":"closed","ping_status":"open","sticky":false,"template":"","format":"standard","meta":{"footnotes":""},"categories":[28],"tags":[],"class_list":["post-97054","post","type-post","status-publish","format-standard","hentry","category-politika"],"_links":{"self":[{"href":"https:\/\/haberulus.net\/index.php?rest_route=\/wp\/v2\/posts\/97054","targetHints":{"allow":["GET"]}}],"collection":[{"href":"https:\/\/haberulus.net\/index.php?rest_route=\/wp\/v2\/posts"}],"about":[{"href":"https:\/\/haberulus.net\/index.php?rest_route=\/wp\/v2\/types\/post"}],"author":[{"embeddable":true,"href":"https:\/\/haberulus.net\/index.php?rest_route=\/wp\/v2\/users\/1"}],"replies":[{"embeddable":true,"href":"https:\/\/haberulus.net\/index.php?rest_route=%2Fwp%2Fv2%2Fcomments&post=97054"}],"version-history":[{"count":1,"href":"https:\/\/haberulus.net\/index.php?rest_route=\/wp\/v2\/posts\/97054\/revisions"}],"predecessor-version":[{"id":97055,"href":"https:\/\/haberulus.net\/index.php?rest_route=\/wp\/v2\/posts\/97054\/revisions\/97055"}],"wp:attachment":[{"href":"https:\/\/haberulus.net\/index.php?rest_route=%2Fwp%2Fv2%2Fmedia&parent=97054"}],"wp:term":[{"taxonomy":"category","embeddable":true,"href":"https:\/\/haberulus.net\/index.php?rest_route=%2Fwp%2Fv2%2Fcategories&post=97054"},{"taxonomy":"post_tag","embeddable":true,"href":"https:\/\/haberulus.net\/index.php?rest_route=%2Fwp%2Fv2%2Ftags&post=97054"}],"curies":[{"name":"wp","href":"https:\/\/api.w.org\/{rel}","templated":true}]}}