{"id":97056,"date":"2023-06-12T09:20:04","date_gmt":"2023-06-12T09:20:04","guid":{"rendered":"https:\/\/haberulus.net\/?p=97056"},"modified":"2023-06-12T09:20:04","modified_gmt":"2023-06-12T09:20:04","slug":"israil-basini-hakan-fidani-konusuyor-gerilimin-yuksek-oldugu-donemlerde-bile-kilit-rol-oynadi","status":"publish","type":"post","link":"https:\/\/haberulus.net\/?p=97056","title":{"rendered":"\u0130srail bas\u0131n\u0131 Hakan Fidan&#8217;\u0131 konu\u015fuyor: Gerilimin y\u00fcksek oldu\u011fu d\u00f6nemlerde bile kilit rol oynad\u0131"},"content":{"rendered":"<p>Cumhurba\u015fkan\u0131 Erdo\u011fan&#8217;\u0131n atamalar\u0131 d\u00fcnyada geni\u015f yer bulmaya devam ediyor. Uluslararas\u0131 ajanslar, pek \u00e7ok gazete ve televizyon objektiflerini  <strong>T\u00fcrkiye<\/strong>&#8216;ye \u00e7evirmi\u015f durumda.  <strong>Se\u00e7im<\/strong> d\u00f6neminde  <strong>T\u00fcrkiye<\/strong>&#8216;yi yak\u0131ndan takip eden \u0130srail bas\u0131n\u0131 D\u0131\u015fi\u015fleri Bakanl\u0131\u011f\u0131&#8217;nda Hakan Fidan d\u00f6nemini mercek alt\u0131na ald\u0131 ve \u00e7arp\u0131c\u0131 bir analiz yay\u0131nlad\u0131.<\/p>\n<p><b>&#8220;GER\u0130L\u0130M\u0130N Y\u00dcKSEK OLDU\u011eU D\u00d6NEMDE B\u0130LE BA\u011eLANTI HAL\u0130NDEYD\u0130&#8221;<\/b><\/p>\n<p>\u0130srail merkezli Jerusalem Post, &#8220;Yeni T\u00fcrk D\u0131\u015fi\u015fleri Bakan\u0131, \u0130srail ile i\u015fbirli\u011finde b\u00fcy\u00fck rol oynad\u0131&#8221; ba\u015fl\u0131kl\u0131 yazs\u0131nda &#8220;Fidan, uzun y\u0131llar Ankara-Kud\u00fcs ili\u015fkilerinde kilit rol oynayan biri&#8221; dedi. \u0130srail B\u00f6lgesel D\u0131\u015f \u0130li\u015fkiler Enstit\u00fcs\u00fc Mitvim ba\u015fkan\u0131 Nimrod Goren&#8217;in g\u00f6r\u00fc\u015flerine yer verilen yaz\u0131da Fidan&#8217;\u0131n gerilimin y\u00fcksek oldu\u011fu d\u00f6nemlerde bile \u0130srail istihbarat liderli\u011fiyle ba\u011flant\u0131 halinde oldu\u011fu belirtildi.<\/p>\n<p><img decoding=\"async\" src=\"https:\/\/i.hbrcdn.com\/haber\/2023\/06\/12\/israil-basini-hakan-fidan-i-konusuyor-gerilimin-16020371_4134_m.jpg\" alt=\"\" title=\"\"><\/p>\n<p><b>&#8220;BA\u015eKANIN G\u00dcVEN\u0130NE, B\u00dcY\u00dcK DENEY\u0130ME VE B\u0130LG\u0130YE SAH\u0130P&#8221;<\/b><\/p>\n<p>Yaz\u0131da Fidan&#8217;\u0131n oynad\u0131\u011f\u0131 kilit role dikkat \u00e7ekildi ve \u015fu ifadelere yer verildi; &#8220;Bunun da \u00f6tesinde, Fidan&#8217;\u0131n son y\u0131llarda &#8220;\u0130srail ile T\u00fcrkiye aras\u0131ndaki ili\u015fkileri geli\u015ftirmeye y\u00f6nelik hamlelere \u00f6nc\u00fcl\u00fck etti\u011fini&#8221; s\u00f6yleyen Goren, \u015funlar\u0131 kaydetti: &#8220;Erdo\u011fan g\u00f6reve geldi\u011finden beri g\u00fcvenlik stratejisinin i\u00e7indeydi. T\u00fcrkiye&#8217;nin b\u00f6lgedeki ili\u015fkileriyle ilgili t\u00fcm merkezi meseleleri ele ald\u0131. Ba\u015fkan\u0131n g\u00fcvenine, b\u00fcy\u00fck deneyime ve bilgiye sahip.&#8221;<\/p>\n<p><b>&#8220;\u0130SRA\u0130L&#8217;\u0130N HAMAS HAKKINDAK\u0130 END\u0130\u015eELER\u0130 DE&#8230;&#8221;<\/b><\/p>\n<p>Yaz\u0131da gazetenin &#8220;T\u00fcrkiye-\u0130srail yak\u0131nla\u015fmas\u0131nda rol oynayan Ba\u015fkan Isaac Herzog&#8217;un s\u0131rda\u015f\u0131&#8221; olarak nitelendirdi\u011fi Haham Marc Schneier&#8217;in de g\u00f6r\u00fc\u015flerine yer verildi. Schneier, &#8220;Fidan, \u0130srail istihbarat\u0131yla \u0130srail&#8217;in Hamas hakk\u0131ndaki endi\u015feleri de dahil olmak \u00fczere \u00e7e\u015fitli konularda do\u011frudan g\u00f6r\u00fc\u015fmelere dahil oldu&#8221; dedi.<\/p>\n","protected":false},"excerpt":{"rendered":"<p>Cumhurba\u015fkan\u0131 Erdo\u011fan&#8217;\u0131n a\u00e7\u0131klad\u0131\u011f\u0131 yeni Kabine&#8217;de D\u0131\u015fi\u015fleri Bakanl\u0131\u011f\u0131 g\u00f6revine getirilen eski M\u0130T Ba\u015fkan\u0131 Hakan Fidan, \u0130srail bas\u0131n\u0131nda da geni\u015f yank\u0131 uyand\u0131rd\u0131. \u00c7arp\u0131c\u0131 bir analiz kaleme alan \u0130srail merkezli Jerusalem Post, &#8220;Uzun y\u0131llar Ankara-Kud\u00fcs ili\u015fkilerinde kilit rol oynayan biri&#8221; ifadelerini kulland\u0131\u011f\u0131 haberinde Fidan&#8217;\u0131n gerilimin y\u00fcksek oldu\u011fu d\u00f6nemlerde bile \u0130srail istihbarat liderli\u011fiyle ba\u011flant\u0131 halinde oldu\u011funa yer verdi.<\/p>\n","protected":false},"author":1,"featured_media":0,"comment_status":"closed","ping_status":"open","sticky":false,"template":"","format":"standard","meta":{"footnotes":""},"categories":[28],"tags":[9754,349,87],"class_list":["post-97056","post","type-post","status-publish","format-standard","hentry","category-politika","tag-fidan","tag-israil","tag-turk"],"_links":{"self":[{"href":"https:\/\/haberulus.net\/index.php?rest_route=\/wp\/v2\/posts\/97056","targetHints":{"allow":["GET"]}}],"collection":[{"href":"https:\/\/haberulus.net\/index.php?rest_route=\/wp\/v2\/posts"}],"about":[{"href":"https:\/\/haberulus.net\/index.php?rest_route=\/wp\/v2\/types\/post"}],"author":[{"embeddable":true,"href":"https:\/\/haberulus.net\/index.php?rest_route=\/wp\/v2\/users\/1"}],"replies":[{"embeddable":true,"href":"https:\/\/haberulus.net\/index.php?rest_route=%2Fwp%2Fv2%2Fcomments&post=97056"}],"version-history":[{"count":1,"href":"https:\/\/haberulus.net\/index.php?rest_route=\/wp\/v2\/posts\/97056\/revisions"}],"predecessor-version":[{"id":97057,"href":"https:\/\/haberulus.net\/index.php?rest_route=\/wp\/v2\/posts\/97056\/revisions\/97057"}],"wp:attachment":[{"href":"https:\/\/haberulus.net\/index.php?rest_route=%2Fwp%2Fv2%2Fmedia&parent=97056"}],"wp:term":[{"taxonomy":"category","embeddable":true,"href":"https:\/\/haberulus.net\/index.php?rest_route=%2Fwp%2Fv2%2Fcategories&post=97056"},{"taxonomy":"post_tag","embeddable":true,"href":"https:\/\/haberulus.net\/index.php?rest_route=%2Fwp%2Fv2%2Ftags&post=97056"}],"curies":[{"name":"wp","href":"https:\/\/api.w.org\/{rel}","templated":true}]}}