{"id":97121,"date":"2023-06-12T10:05:33","date_gmt":"2023-06-12T10:05:33","guid":{"rendered":"https:\/\/haberulus.net\/?p=97121"},"modified":"2023-06-12T10:05:33","modified_gmt":"2023-06-12T10:05:33","slug":"ak-partide-belli-bir-kesimin-istifasini-istedigi-cuneyt-yuksel-melek-mosso-konserinde-neler-soyledi","status":"publish","type":"post","link":"https:\/\/haberulus.net\/?p=97121","title":{"rendered":"AK Parti&#8217;de belli bir kesimin istifas\u0131n\u0131 istedi\u011fi C\u00fcneyt Y\u00fcksel, Melek Mosso konserinde neler s\u00f6yledi?"},"content":{"rendered":"<p>14 May\u0131s se\u00e7imleri \u00f6ncesi AK Parti ve Cumhur \u0130ttifak\u0131&#8217;na oy vermi\u015f kad\u0131nlara y\u00f6nelik k\u00fcf\u00fcrl\u00fc mesajlar\u0131 destekleyen Melek Mosso&#8217;nun Tekirda\u011f&#8217;da S\u00fcleymanpa\u015fa Belediyesi taraf\u0131ndan d\u00fczenlenen festivalde sahne almas\u0131 ve burada Belediye Ba\u015fkan\u0131 C\u00fcneyt Y\u00fcksel&#8217;in Mosso&#8217;ya sar\u0131larak birlikte \u015fark\u0131 s\u00f6ylemesi b\u00fcy\u00fck yank\u0131 uyand\u0131rd\u0131. <\/p>\n<p><b>&#8220;DOSTUNUN HATASINI \u00d6RTECEKS\u0130N&#8221;<\/b><\/p>\n<p>AK Partili Y\u00fcksel&#8217;in bu tavr\u0131, kendi cenah\u0131ndan belli belli bir kesimin tepkisini \u00e7ekti. Konser esnas\u0131nda sahnede s\u00f6z alan Y\u00fcksel, &#8220;Biz b\u00fcy\u00fck ve g\u00fc\u00e7l\u00fc T\u00fcrkiye olmak istiyorsak, b\u00fct\u00fcn renklerimizi zenginli\u011fimiz olarak g\u00f6rmek zorunday\u0131z. Birbirimizin hatalar\u0131n\u0131 \u00f6z\u00fcr dilendi\u011finde kapatmak zorunday\u0131z. Dostunun hatas\u0131n\u0131 \u00f6rteceksin ki biz g\u00fc\u00e7l\u00fc olaca\u011f\u0131z&#8221; dedi. <\/p>\n<p><b>&#8220;B\u0130RL\u0130K, BERABERL\u0130K&#8221; VURGUSU YAPTI <\/b><\/p>\n<p>A\u00e7\u0131klamas\u0131n\u0131n devam\u0131nda Mustafa Kemal Atat\u00fcrk&#8217;e ayr\u0131 bir parantez a\u00e7an Y\u00fcksel, \u015funlar\u0131 s\u00f6yledi: &#8220;Bir hedefimiz var gen\u00e7ler, Gazi Mustafa Kemal Atat\u00fcrk, bize &#8216;muas\u0131r medeniyetler seviyesinin \u00fczerine \u00e7\u0131kacaks\u0131n\u0131z&#8217; demi\u015f. Cumhurba\u015fkan\u0131m\u0131z bize bir hedef g\u00f6stermi\u015f. &#8216;B\u00fcy\u00fck ve g\u00fc\u00e7l\u00fc T\u00fcrkiye olaca\u011f\u0131z&#8217; demi\u015f. Bunu ancak birlik ve beraberlik i\u00e7erisinde olursak yapabiliriz. T\u00fcrk, K\u00fcrt, Alevi, S\u00fcnni, Roman yok. B\u00fcy\u00fck ve g\u00fc\u00e7l\u00fc T\u00fcrkiye var. Hatalar\u0131m\u0131z\u0131 kabul edece\u011fiz, \u00f6z\u00fcr dileyece\u011fiz. \u00d6z\u00fcr dileyenleri kucaklayaca\u011f\u0131z. Bu milletin bir ferdi olmaktan gurur duyuyorum.&#8221;<\/p>\n<p><b>\u0130ST\u0130FASINI \u0130STED\u0130LER <\/b><\/p>\n<p>Konserin ard\u0131ndan S\u00fcleymanpa\u015fa Belediye Ba\u015fkan\u0131 C\u00fcneyt Y\u00fcksel, sosyal medyan\u0131n g\u00fcndemine oturdu. AK Parti&#8217;ye yak\u0131nl\u0131\u011f\u0131yla bilinen isimler, Y\u00fcksel&#8217;in istifas\u0131n\u0131 istedi. <\/p>\n<p><img decoding=\"async\" src=\"https:\/\/i.hbrcdn.com\/haber\/2023\/06\/12\/ak-parti-de-belli-bir-kesimin-istifasini-istedigi-16020530_5200_m.jpg\" alt=\"\" title=\"\"><span>Y\u00fcksel&#8217;e tepki g\u00f6steren isimlerden biri de eski Ankara B\u00fcy\u00fck\u015fehir Belediye Ba\u015fkan\u0131 Melih G\u00f6k\u00e7ek oldu. <\/span><\/p>\n","protected":false},"excerpt":{"rendered":"<p>\u015eark\u0131c\u0131 Melek Mosso, Tekirda\u011f S\u00fcleymanpa\u015fa Belediyesi&#8217;nin bu y\u0131l 57&#8217;ncisini d\u00fczenledi\u011fi Uluslararas\u0131 Kiraz Festivali&#8217;nde sahne ald\u0131. Konser esnas\u0131nda Melek Mosso&#8217;ya sar\u0131lan ve birlikte \u015fark\u0131 s\u00f6yleyen AK Partili S\u00fcleymanpa\u015fa Belediye Ba\u015fkan\u0131 C\u00fcneyt Y\u00fcksel, sosyal medyada kendi cenah\u0131n\u0131n tepkisini \u00e7ekti. Peki sahneye \u00e7\u0131kan Y\u00fcksel, Melek Mosso i\u00e7in neler s\u00f6yledi? Detaylar haberimizde&#8230;<\/p>\n","protected":false},"author":1,"featured_media":0,"comment_status":"closed","ping_status":"open","sticky":false,"template":"","format":"standard","meta":{"footnotes":""},"categories":[28],"tags":[],"class_list":["post-97121","post","type-post","status-publish","format-standard","hentry","category-politika"],"_links":{"self":[{"href":"https:\/\/haberulus.net\/index.php?rest_route=\/wp\/v2\/posts\/97121","targetHints":{"allow":["GET"]}}],"collection":[{"href":"https:\/\/haberulus.net\/index.php?rest_route=\/wp\/v2\/posts"}],"about":[{"href":"https:\/\/haberulus.net\/index.php?rest_route=\/wp\/v2\/types\/post"}],"author":[{"embeddable":true,"href":"https:\/\/haberulus.net\/index.php?rest_route=\/wp\/v2\/users\/1"}],"replies":[{"embeddable":true,"href":"https:\/\/haberulus.net\/index.php?rest_route=%2Fwp%2Fv2%2Fcomments&post=97121"}],"version-history":[{"count":1,"href":"https:\/\/haberulus.net\/index.php?rest_route=\/wp\/v2\/posts\/97121\/revisions"}],"predecessor-version":[{"id":97122,"href":"https:\/\/haberulus.net\/index.php?rest_route=\/wp\/v2\/posts\/97121\/revisions\/97122"}],"wp:attachment":[{"href":"https:\/\/haberulus.net\/index.php?rest_route=%2Fwp%2Fv2%2Fmedia&parent=97121"}],"wp:term":[{"taxonomy":"category","embeddable":true,"href":"https:\/\/haberulus.net\/index.php?rest_route=%2Fwp%2Fv2%2Fcategories&post=97121"},{"taxonomy":"post_tag","embeddable":true,"href":"https:\/\/haberulus.net\/index.php?rest_route=%2Fwp%2Fv2%2Ftags&post=97121"}],"curies":[{"name":"wp","href":"https:\/\/api.w.org\/{rel}","templated":true}]}}