{"id":97175,"date":"2023-06-12T11:19:03","date_gmt":"2023-06-12T11:19:03","guid":{"rendered":"https:\/\/haberulus.net\/?p=97175"},"modified":"2023-06-12T11:19:03","modified_gmt":"2023-06-12T11:19:03","slug":"istanbul-valisinden-devler-ligi-finalinde-gorevli-personele-dagitildigi-iddia-edilen-kumanyaya-iliskin-aciklama","status":"publish","type":"post","link":"https:\/\/haberulus.net\/?p=97175","title":{"rendered":"\u0130stanbul Valisi&#8217;nden Devler Ligi finalinde g\u00f6revli personele da\u011f\u0131t\u0131ld\u0131\u011f\u0131 iddia edilen kumanyaya ili\u015fkin a\u00e7\u0131klama"},"content":{"rendered":"<p>10 Haziran ak\u015fam\u0131  <strong>\u0130stanbul<\/strong>&#8216;daki Atat\u00fcrk Olimpiyat Stad\u0131&#8217;nda oynanan UEFA \u015eampiyonlar Ligi final ma\u00e7\u0131nda g\u00f6revli olan personellere da\u011f\u0131t\u0131ld\u0131\u011f\u0131 iddia edilen yeme\u011fin foto\u011fraflar\u0131 sosyal medyada b\u00fcy\u00fck bir tart\u0131\u015fman\u0131n fitilini ate\u015fledi.<\/p>\n<p><img decoding=\"async\" src=\"https:\/\/i.hbrcdn.com\/haber\/2023\/06\/12\/istanbul-valisi-nden-devler-ligi-finalinde-16020815_4895_m.jpg\" alt=\"\" title=\"\"><\/p>\n<p><b>PAYLA\u015eILAN FOTO\u011eRAF TARTI\u015eMA YARATTI<\/b><\/p>\n<p>\u0130nternete d\u00fc\u015fen g\u00f6r\u00fcnt\u00fclerde polislere bir ekme\u011fin i\u00e7inde iki dilim ka\u015far peynirden olu\u015fan sandvi\u00e7in verildi\u011fi \u00f6ne s\u00fcr\u00fcl\u00fcrken, s\u00f6z konusu haberlere yan\u0131t ise \u0130stanbul Valisi Davut G\u00fcl&#8217;den geldi.<\/p>\n<p><img decoding=\"async\" src=\"https:\/\/i.hbrcdn.com\/haber\/2023\/06\/12\/istanbul-valisi-nden-devler-ligi-finalinde-16020815_9411_m.jpg\" alt=\"\" title=\"\"><\/p>\n<p><b>\u0130STANBUL VAL\u0130S\u0130 G\u00dcL: G\u00d6R\u00dcNT\u00dcLER GER\u00c7E\u011e\u0130 YANSITMAMAKTADIR<\/b><\/p>\n<p>Twitter hesab\u0131ndan final ma\u00e7\u0131nda g\u00f6rev yapan personellere da\u011f\u0131t\u0131lan kumanyalara ili\u015fkin foto\u011fraflar\u0131 payla\u015fan Vali G\u00fcl, &#8220;10.06.2023 tarihinde ilimizde ger\u00e7ekle\u015ftirilen UEFA \u015fampiyonlar ligi final ma\u00e7\u0131nda g\u00f6revli personellerimizin kumanyalar\u0131 ile ilgili baz\u0131 sosyal medya hesaplar\u0131ndan payla\u015f\u0131lan g\u00f6r\u00fcnt\u00fcler ger\u00e7e\u011fi yans\u0131tmamaktad\u0131r. \u0130ki \u00f6\u011f\u00fcn halinde da\u011f\u0131t\u0131m\u0131 yap\u0131lan kumanyalar\u0131m\u0131z g\u00f6rseldeki gibidir&#8221; ifadelerini kulland\u0131.<\/p>\n","protected":false},"excerpt":{"rendered":"<p>\u0130stanbul&#8217;da oynanan \u015eampiyonlar Ligi finalinde g\u00f6revli polislere da\u011f\u0131t\u0131ld\u0131\u011f\u0131 iddia edilen kumanyaya ili\u015fkin g\u00f6rsel sosyal medyada b\u00fcy\u00fck tart\u0131\u015fma yaratm\u0131\u015ft\u0131. Konuya ili\u015fkin Twitter hesab\u0131ndan iki foto\u011fraf payla\u015fan \u0130stanbul Valisi Davut G\u00fcl, &#8220;Sosyal medya hesaplar\u0131ndan payla\u015f\u0131lan g\u00f6r\u00fcnt\u00fcler ger\u00e7e\u011fi yans\u0131tmamaktad\u0131r. \u0130ki \u00f6\u011f\u00fcn halinde da\u011f\u0131t\u0131m\u0131 yap\u0131lan kumanyalar\u0131m\u0131z g\u00f6rseldeki gibidir&#8221; ifadelerini kulland\u0131.<\/p>\n","protected":false},"author":1,"featured_media":97176,"comment_status":"closed","ping_status":"open","sticky":false,"template":"","format":"standard","meta":{"footnotes":""},"categories":[28],"tags":[],"class_list":["post-97175","post","type-post","status-publish","format-standard","has-post-thumbnail","hentry","category-politika"],"_links":{"self":[{"href":"https:\/\/haberulus.net\/index.php?rest_route=\/wp\/v2\/posts\/97175","targetHints":{"allow":["GET"]}}],"collection":[{"href":"https:\/\/haberulus.net\/index.php?rest_route=\/wp\/v2\/posts"}],"about":[{"href":"https:\/\/haberulus.net\/index.php?rest_route=\/wp\/v2\/types\/post"}],"author":[{"embeddable":true,"href":"https:\/\/haberulus.net\/index.php?rest_route=\/wp\/v2\/users\/1"}],"replies":[{"embeddable":true,"href":"https:\/\/haberulus.net\/index.php?rest_route=%2Fwp%2Fv2%2Fcomments&post=97175"}],"version-history":[{"count":1,"href":"https:\/\/haberulus.net\/index.php?rest_route=\/wp\/v2\/posts\/97175\/revisions"}],"predecessor-version":[{"id":97177,"href":"https:\/\/haberulus.net\/index.php?rest_route=\/wp\/v2\/posts\/97175\/revisions\/97177"}],"wp:featuredmedia":[{"embeddable":true,"href":"https:\/\/haberulus.net\/index.php?rest_route=\/wp\/v2\/media\/97176"}],"wp:attachment":[{"href":"https:\/\/haberulus.net\/index.php?rest_route=%2Fwp%2Fv2%2Fmedia&parent=97175"}],"wp:term":[{"taxonomy":"category","embeddable":true,"href":"https:\/\/haberulus.net\/index.php?rest_route=%2Fwp%2Fv2%2Fcategories&post=97175"},{"taxonomy":"post_tag","embeddable":true,"href":"https:\/\/haberulus.net\/index.php?rest_route=%2Fwp%2Fv2%2Ftags&post=97175"}],"curies":[{"name":"wp","href":"https:\/\/api.w.org\/{rel}","templated":true}]}}