{"id":97196,"date":"2023-06-12T11:35:05","date_gmt":"2023-06-12T11:35:05","guid":{"rendered":"https:\/\/haberulus.net\/?p=97196"},"modified":"2023-06-12T11:35:05","modified_gmt":"2023-06-12T11:35:05","slug":"avrupa-bileti-alan-adana-demirspor-montellanin-kararini-bekliyor","status":"publish","type":"post","link":"https:\/\/haberulus.net\/?p=97196","title":{"rendered":"Avrupa bileti alan Adana Demirspor, Montella\u2019n\u0131n karar\u0131n\u0131 bekliyor"},"content":{"rendered":"<p>2020-21 sezonunda \u015fampiyon olarak S\u00fcper Lig\u2019e y\u00fckselen Adana Demirspor, 26 y\u0131l sonra m\u00fccadele etti\u011fi ligin ilk sezonunu \u0130talyan teknik direkt\u00f6r Vincenzo Montella liderli\u011finde 55 puanla 9\u2019uncu s\u0131rada bitirdi. \u0130talyan forvet Mario Balotelli transferiyle sezon boyunca dikkatleri \u00fczerine \u00e7eken mavi lacivertliler, bu sezon da Montella\u2019n\u0131n y\u00f6netiminde i\u00e7 sahada oynad\u0131\u011f\u0131 16 ma\u00e7ta ba\u015far\u0131l\u0131 bir seri yakalayarak hi\u00e7 kaybetmedi. Ligin 35\u2019inci haftas\u0131nda sahas\u0131nda a\u011f\u0131rlad\u0131\u011f\u0131 Be\u015fikta\u015f\u2019a 4-1 ma\u011flup olan mavi-lacivertli ekibin bu ma\u00e7la birlikte i\u00e7 sahadaki nama\u011flup serisi de son bulmu\u015f oldu. Sezon boyu istikrarl\u0131 performans g\u00f6steren Adana Demirspor, S\u00fcper Lig\u2019i 4\u2019\u00fcnc\u00fc s\u0131rada tamamlad\u0131. Kul\u00fcb\u00fcn S\u00fcper Lig tarihindeki en iyi ba\u015far\u0131s\u0131n\u0131 sa\u011flayan ekip, Fenerbah\u00e7e\u2019nin Ziraat T\u00fcrkiye Kupas\u0131\u2019n\u0131 kazanmas\u0131yla UEFA Avrupa Konferans Ligi\u2019ne kat\u0131lmaya hak kazand\u0131.<\/p>\n<p><b>CO\u015eKUYLA KUTLANDI<\/b><\/p>\n<p>Adana Demirspor\u2019un Avrupa\u2019da m\u00fccadele etmeyi hak kazanmas\u0131 kentte co\u015fkuyla kutland\u0131. Kentin en kalabal\u0131k noktalar\u0131ndan olan Gen\u00e7lik Meydan\u0131\u2019nda toplanan taraftarlar, me\u015fale yak\u0131p, tezah\u00fcratlarda bulundu. Tak\u0131mlar\u0131n\u0131n formas\u0131 ve atk\u0131lar\u0131yla alanlar\u0131 dolduran Adana Demirspor taraftarlar\u0131na, kupa sevinci ya\u015fayan baz\u0131 Fenerbah\u00e7e taraftarlar\u0131 da e\u015flik etti. Havai fi\u015feklerin de at\u0131ld\u0131\u011f\u0131 kutlamalarda meydan\u0131 dolduran taraftarlar, kortej olu\u015fturup, Turgut \u00d6zal Bulvar\u0131\u2019nda y\u00fcr\u00fcd\u00fc. Gece yar\u0131s\u0131na kadar devam eden, kentte bayram havas\u0131 estiren kutlamalar, olays\u0131z \u015fekilde tamamland\u0131.<\/p>\n<p><b>MONTELLA\u2019NIN KARARI BEKLEN\u0130YOR<\/b><\/p>\n<p>Avrupa\u2019da m\u00fccadele verecek olan mavi lacivertli tak\u0131mda teknik direkt\u00f6r Vincenzo Montella\u2019n\u0131n devam etmesi bekleniyor. Ligin bitimiyle \u00fclkesi \u0130talya\u2019ya d\u00f6nen Montella ile kul\u00fcp ba\u015fkan\u0131 Murat Sancak, son bir g\u00f6r\u00fc\u015fmede bulunacak. Adana Demirspor, Montella\u2019n\u0131n kalmamas\u0131 durumunda yeni teknik direkt\u00f6r aray\u0131\u015f\u0131na girecek.<\/p>\n<p><b>KADRO G\u00dc\u00c7LEND\u0130R\u0130LECEK<\/b><\/p>\n<p>Sezonu ba\u015far\u0131yla tamamlayan Adana Demirspor, Avrupa Konferans Ligi\u2019nde m\u00fccadele edece\u011fi i\u00e7in kadroyu geni\u015fletecek. Daha \u00f6nce Avrupa\u2019ya gidememeleri durumunda 3 transfer yapacaklar\u0131n\u0131 a\u00e7\u0131klayan ba\u015fkan Murat Sancak, Avrupa\u2019da da ba\u015far\u0131 sa\u011flamak i\u00e7in kadroyu geni\u015fleteceklerini, 5 nokta transfere imza atacaklar\u0131n\u0131 kaydetti.<\/p>\n","protected":false},"excerpt":{"rendered":"<p>Spor Toto S\u00fcper Lig&#8217;i 4. tamamlay\u0131p, Fenerbah\u00e7e&#8217;nin de T\u00fcrkiye Kupas\u0131&#8217;n\u0131 kazanmas\u0131yla kul\u00fcp tarihinde ilk kez Avrupa Konferans Ligi&#8217;ne kat\u0131lmaya hak kazanan Adana Demirspor&#8217;da haz\u0131rl\u0131klar ba\u015flad\u0131.<\/p>\n","protected":false},"author":1,"featured_media":97197,"comment_status":"closed","ping_status":"open","sticky":false,"template":"","format":"standard","meta":{"footnotes":""},"categories":[31],"tags":[2466,253,437,6065,201],"class_list":["post-97196","post","type-post","status-publish","format-standard","has-post-thumbnail","hentry","category-spor","tag-adana-demirspor","tag-avrupa","tag-lig","tag-montella","tag-sezon"],"_links":{"self":[{"href":"https:\/\/haberulus.net\/index.php?rest_route=\/wp\/v2\/posts\/97196","targetHints":{"allow":["GET"]}}],"collection":[{"href":"https:\/\/haberulus.net\/index.php?rest_route=\/wp\/v2\/posts"}],"about":[{"href":"https:\/\/haberulus.net\/index.php?rest_route=\/wp\/v2\/types\/post"}],"author":[{"embeddable":true,"href":"https:\/\/haberulus.net\/index.php?rest_route=\/wp\/v2\/users\/1"}],"replies":[{"embeddable":true,"href":"https:\/\/haberulus.net\/index.php?rest_route=%2Fwp%2Fv2%2Fcomments&post=97196"}],"version-history":[{"count":1,"href":"https:\/\/haberulus.net\/index.php?rest_route=\/wp\/v2\/posts\/97196\/revisions"}],"predecessor-version":[{"id":97198,"href":"https:\/\/haberulus.net\/index.php?rest_route=\/wp\/v2\/posts\/97196\/revisions\/97198"}],"wp:featuredmedia":[{"embeddable":true,"href":"https:\/\/haberulus.net\/index.php?rest_route=\/wp\/v2\/media\/97197"}],"wp:attachment":[{"href":"https:\/\/haberulus.net\/index.php?rest_route=%2Fwp%2Fv2%2Fmedia&parent=97196"}],"wp:term":[{"taxonomy":"category","embeddable":true,"href":"https:\/\/haberulus.net\/index.php?rest_route=%2Fwp%2Fv2%2Fcategories&post=97196"},{"taxonomy":"post_tag","embeddable":true,"href":"https:\/\/haberulus.net\/index.php?rest_route=%2Fwp%2Fv2%2Ftags&post=97196"}],"curies":[{"name":"wp","href":"https:\/\/api.w.org\/{rel}","templated":true}]}}