{"id":97199,"date":"2023-06-12T11:35:06","date_gmt":"2023-06-12T11:35:06","guid":{"rendered":"https:\/\/haberulus.net\/?p=97199"},"modified":"2023-06-12T11:35:06","modified_gmt":"2023-06-12T11:35:06","slug":"fenerbahce-sezonun-ilk-transferini-acikladi-ryan-kent","status":"publish","type":"post","link":"https:\/\/haberulus.net\/?p=97199","title":{"rendered":"Fenerbah\u00e7e, sezonun ilk transferini a\u00e7\u0131klad\u0131: Ryan Kent"},"content":{"rendered":"<p>Sezonu T\u00fcrkiye Kupas\u0131 zaferiyle tamamlayan Fenerbah\u00e7e, gelecek y\u0131l\u0131n ilk transferini resmen a\u00e7\u0131klad\u0131. Ryan Kent transferini sosyal medyadan video ile duyuran sar\u0131 lacivertliler, \u201cYeni sezonun ilk videosu geldi\u201d mesaj\u0131n\u0131 payla\u015ft\u0131.<\/p>\n<p>26 ya\u015f\u0131ndaki \u0130sko\u00e7 futbolcu, her iki kanatta da forma giyebiliyor. Liverpool altyap\u0131s\u0131nda yeti\u015fen Ryan Kent, 2017\u2019de Freiburg\u2019a kiral\u0131k olarak gitti. Bir sene sonra Bristol City\u2019ye kiralanan Kent, Temmuz 2018\u2019de Rangers\u2019a kiraland\u0131.<\/p>\n<p>\u0130sko\u00e7 ekibindeki performans\u0131yla \u00f6ne \u00e7\u0131kan y\u0131ld\u0131z futbolcu, 2019\u2019da 7 milyon Euro bonservis bedeliyle transfer edildi.<\/p>\n<p>Ryan Kent\u2019in Fenerbah\u00e7e\u2019ye transferine dair detaylar hen\u00fcz payla\u015f\u0131lmad\u0131.<\/p>\n<blockquote class=\"twitter-tweet\" data-width=\"500\" data-dnt=\"true\">\n<p lang=\"tr\" dir=\"ltr\">Yeni sezonun ilk videosu geldi \ud83d\udc9b\ud83d\udc99\u263a\ufe0f <a href=\"https:\/\/t.co\/qMAEbipNH3\" target=\"_blank\">pic.twitter.com\/qMAEbipNH3<\/a><\/p>\n<p>&mdash; Fenerbah\u00e7e SK (@Fenerbahce) <a href=\"https:\/\/twitter.com\/Fenerbahce\/status\/1668209456289570816?ref_src=twsrc%5Etfw\" target=\"_blank\" rel=\"noopener\">June 12, 2023<\/a><\/p><\/blockquote>\n<p><script async src=\"https:\/\/platform.twitter.com\/widgets.js\" charset=\"utf-8\"><\/script><\/p>\n<p><b>\u0130LK HEDEF\u0130 GALATASARAY MA\u00c7I<\/b><\/p>\n<p>Fenerbah\u00e7e\u2019ye transferi sonras\u0131 duygular\u0131n\u0131 payla\u015fan Kent, ilk hedef olarak Galatasaray ile oynayacaklar\u0131 S\u00fcper Kupa ma\u00e7\u0131n\u0131 g\u00f6sterdi. \u0130\u015fte Ryan Kent\u2019in a\u00e7\u0131klamalar\u0131:<\/p>\n<p>\u201cT\u00fcm Fenerbah\u00e7e taraftar\u0131na merhaba. Ben Ryan Kent. \u00d6ncelikle kul\u00fcb\u00fcm\u00fcz i\u00e7in kupan\u0131n kazan\u0131lmas\u0131nda pay sahibi olan t\u00fcm tak\u0131m arkada\u015flar\u0131m\u0131 tebrik ediyorum. Fenerbah\u00e7e\u2019ye transfer oldu\u011fum i\u00e7in b\u00fcy\u00fck onur duyuyorum. Yeni sezon ile ilgili konu\u015fmak gerekirse Fenerbah\u00e7e\u2019nin hedeflerine ula\u015fabilmesi konusunda, tak\u0131m\u0131m\u0131z\u0131n ba\u015far\u0131l\u0131 olmas\u0131 i\u00e7in elimden geleni yapmaya \u00e7al\u0131\u015faca\u011f\u0131m.\u201d<\/p>\n<p>\u201c\u0130lk hedefimiz \u00f6n\u00fcm\u00fczdeki ay oynayaca\u011f\u0131m\u0131z S\u00fcper Kupa\u2019y\u0131 kazanmak olacak. Tak\u0131m arkada\u015flar\u0131mla birlikte yeni sezon \u00e7al\u0131\u015fmalar\u0131na ba\u015flamak i\u00e7in \u00e7ok heyecanl\u0131y\u0131m. Kendinize iyi bak\u0131n.\u201d<\/p>\n","protected":false},"excerpt":{"rendered":"<p>Fenerbah\u00e7e&#8217;nin yeni transferi Ryan Kent, Galatasaray ile oynanacak S\u00fcper Kupa ma\u00e7\u0131n\u0131 ilk hedef olarak g\u00f6sterdi ve taraftara hitaben yapt\u0131\u011f\u0131 a\u00e7\u0131klamada, Fenerbah\u00e7e&#8217;nin hedeflerine ula\u015fmas\u0131 i\u00e7in elinden geleni yapaca\u011f\u0131n\u0131 belirtti.<\/p>\n","protected":false},"author":1,"featured_media":97201,"comment_status":"closed","ping_status":"open","sticky":false,"template":"","format":"standard","meta":{"footnotes":""},"categories":[31],"tags":[346,12343,438],"class_list":["post-97199","post","type-post","status-publish","format-standard","has-post-thumbnail","hentry","category-spor","tag-fenerbahce","tag-ryan-kent","tag-transfer"],"_links":{"self":[{"href":"https:\/\/haberulus.net\/index.php?rest_route=\/wp\/v2\/posts\/97199","targetHints":{"allow":["GET"]}}],"collection":[{"href":"https:\/\/haberulus.net\/index.php?rest_route=\/wp\/v2\/posts"}],"about":[{"href":"https:\/\/haberulus.net\/index.php?rest_route=\/wp\/v2\/types\/post"}],"author":[{"embeddable":true,"href":"https:\/\/haberulus.net\/index.php?rest_route=\/wp\/v2\/users\/1"}],"replies":[{"embeddable":true,"href":"https:\/\/haberulus.net\/index.php?rest_route=%2Fwp%2Fv2%2Fcomments&post=97199"}],"version-history":[{"count":1,"href":"https:\/\/haberulus.net\/index.php?rest_route=\/wp\/v2\/posts\/97199\/revisions"}],"predecessor-version":[{"id":97202,"href":"https:\/\/haberulus.net\/index.php?rest_route=\/wp\/v2\/posts\/97199\/revisions\/97202"}],"wp:featuredmedia":[{"embeddable":true,"href":"https:\/\/haberulus.net\/index.php?rest_route=\/wp\/v2\/media\/97201"}],"wp:attachment":[{"href":"https:\/\/haberulus.net\/index.php?rest_route=%2Fwp%2Fv2%2Fmedia&parent=97199"}],"wp:term":[{"taxonomy":"category","embeddable":true,"href":"https:\/\/haberulus.net\/index.php?rest_route=%2Fwp%2Fv2%2Fcategories&post=97199"},{"taxonomy":"post_tag","embeddable":true,"href":"https:\/\/haberulus.net\/index.php?rest_route=%2Fwp%2Fv2%2Ftags&post=97199"}],"curies":[{"name":"wp","href":"https:\/\/api.w.org\/{rel}","templated":true}]}}