{"id":97206,"date":"2023-06-12T11:51:03","date_gmt":"2023-06-12T11:51:03","guid":{"rendered":"https:\/\/haberulus.net\/?p=97206"},"modified":"2023-06-12T11:51:03","modified_gmt":"2023-06-12T11:51:03","slug":"kirkpinar-agasi-seyfettin-selim-baspehlivana-1-milyon-tl-verecegiz","status":"publish","type":"post","link":"https:\/\/haberulus.net\/?p=97206","title":{"rendered":"K\u0131rkp\u0131nar A\u011fas\u0131 Seyfettin Selim: Ba\u015fpehlivana 1 milyon TL verece\u011fiz"},"content":{"rendered":"<p>Edirne\u2019de d\u00fczenlenen tarihi K\u0131rkp\u0131nar Ya\u011fl\u0131 G\u00fcre\u015fleri\u2019nin a\u011fas\u0131 Seyfettin Selim, bu y\u0131l 662\u2019ncisi ger\u00e7ekle\u015ftirilecek organizasyonda ba\u015fpehlivan olacak g\u00fcre\u015f\u00e7iye yine 1 milyon lira para \u00f6d\u00fcl\u00fc vereceklerini a\u00e7\u0131klad\u0131. \u00d6d\u00fcl\u00fcn 500 bin liras\u0131n\u0131 Edirne Belediyesi, 500 bin liras\u0131n\u0131 kendisinin verece\u011fini s\u00f6yleyen Selim, \u201cEdirne Belediye Ba\u015fkan\u0131 ile g\u00f6r\u00fc\u015ft\u00fck ve K\u0131rkp\u0131nar \u00f6d\u00fcl\u00fcn\u00fc de yine 1 milyon olarak kararla\u015ft\u0131rd\u0131k. 500 bin lira ben verece\u011fim, 500 bin lira belediye ba\u015fkan\u0131 verecek. Bunun ekstras\u0131 olarak yeni birisi \u00e7\u0131karsa yine 1 milyon s\u00f6z\u00fcm ge\u00e7erli\u201d dedi.<\/p>\n<p>Ya\u011fl\u0131 g\u00fcre\u015fin olimpiyat\u0131 olarak adland\u0131r\u0131lan, tarihi K\u0131rkp\u0131nar Ya\u011fl\u0131 G\u00fcre\u015fleri\u2019nin 3 alt\u0131n kemerli a\u011fas\u0131 Seyfettin Selim, gazetecilerle yapt\u0131\u011f\u0131 toplant\u0131da, bu y\u0131l ger\u00e7ekle\u015ftirilecek 662\u2019nci tarihi K\u0131rkp\u0131nar Ya\u011fl\u0131 G\u00fcre\u015fleri\u2019ne dair a\u00e7\u0131klamalarda bulundu. Selim, ge\u00e7ti\u011fimiz y\u0131l oldu\u011fu gibi bu y\u0131l da ba\u015fpehlivan olan g\u00fcre\u015f\u00e7iye 500 bin lira Edirne Belediyesi, 500 bin lira kendisi olmak \u00fczere 1 milyon lira \u00f6d\u00fcl vereceklerini a\u00e7\u0131klarken, yeni bir ismin ba\u015fpehlivan olmas\u0131 halinde kendisinin de ayr\u0131ca 1 milyon lira \u00f6d\u00fcl verece\u011fini belirtti.<\/p>\n<p><img decoding=\"async\" src=\"https:\/\/i01.sozcucdn.com\/wp-content\/uploads\/2023\/06\/12\/depophotos_17551656-660x439.jpg\" alt=\"\" title=\"\"><\/p>\n<p><b>\u201c1 M\u0130LYON L\u0130RA \u00d6D\u00dcL S\u00d6Z\u00dcM HALEN GE\u00c7ERL\u0130\u201d<\/b><\/p>\n<p>\u00d6zellikle son y\u0131llarda gen\u00e7 g\u00fcre\u015f\u00e7ilerin ba\u015far\u0131 yakalamas\u0131yla g\u00fcre\u015flerin daha kaliteli hale geldi\u011fini, bu y\u0131l da K\u0131rkp\u0131nar\u2019da s\u00fcrprizler bekledi\u011fini ifade eden K\u0131rkp\u0131nar A\u011fas\u0131 Selim, \u201cGe\u00e7en y\u0131l K\u0131rkp\u0131nar\u2019da \u015fampiyon olana 1 milyon s\u00f6z\u00fcm\u00fc tuttu\u011fumu t\u00fcm pehlivanlar biliyor. Daha fazlas\u0131n\u0131 da da\u011f\u0131tt\u0131m orada ilk d\u00f6rde. Bug\u00fcn de Kocaeli\u2019deki g\u00fcre\u015fleri takip ettim, orada da \u00e7ok g\u00fczel \u015feyler oldu. Ata sporu g\u00fcre\u015f g\u00fczel yerlere gidiyor. Yeni getirilen lig usul\u00fc g\u00fcre\u015f de g\u00fczel oldu. Tabi bu sene K\u0131rkp\u0131nar\u2019da yeni bir pehlivan kazan\u0131rsa gene bizim s\u00f6z\u00fcm\u00fcz devam ediyor. Zaten Edirne Belediye Ba\u015fkan\u0131 ile g\u00f6r\u00fc\u015ft\u00fck ve K\u0131rkp\u0131nar \u00f6d\u00fcl\u00fcn\u00fc de yine 1 milyon olarak kararla\u015ft\u0131rd\u0131k. 500 bin lira ben verece\u011fim, 500 bin lira belediye ba\u015fkan\u0131 verecek. Bunun ekstras\u0131 az \u00f6nce dedi\u011fim gibi yeni birisi \u00e7\u0131karsa yine 1 milyon s\u00f6z\u00fcm ge\u00e7erli. Ben K\u0131rkp\u0131nar\u2019dan umutluyum, yeni y\u00fczleri g\u00f6rebiliriz, s\u00fcrprizler olabilir bu sene\u201d dedi.<\/p>\n<p><b>\u201cG\u00dcRE\u015eLER BELL\u0130 B\u0130R SEV\u0130YEYE GELD\u0130\u201d<\/b><\/p>\n<p>Ya\u011fl\u0131 g\u00fcre\u015flerin kalitesinin son y\u0131llarda seviye olarak artt\u0131\u011f\u0131n\u0131 kaydeden Selim, \u201cK\u0131rkp\u0131nar ata sporunun sembol\u00fc, ba\u015fkenti. Ya\u011fl\u0131 g\u00fcre\u015fin do\u011fdu\u011fu yer, b\u00fcy\u00fcd\u00fc\u011f\u00fc yer K\u0131rkp\u0131nar\u2019d\u0131r. Di\u011ferleri ayr\u0131 K\u0131rkp\u0131nar ayr\u0131. K\u0131rkp\u0131nar\u2019daki heyecan, K\u0131rkp\u0131nar\u2019daki ba\u015fpehlivan ba\u015fka olur. Bug\u00fcn Kocaeli\u2019de veya ge\u00e7en hafta Antalya\u2019da ba\u015fpehlivan olana \u00f6d\u00fcl vermiyorlar, K\u0131rkp\u0131nar\u2019da olana ba\u015fpehlivan diyorlar, onun i\u00e7in K\u0131rkp\u0131nar ayr\u0131d\u0131r, pehlivanlar da K\u0131rkp\u0131nar\u2019a ayr\u0131 bir heyecanla geliyorlar. K\u0131rkp\u0131nar heyecan\u0131 ba\u015fka bir heyecana benzemez. K\u0131rkp\u0131nar\u2019da ba\u015fpehlivan olan T\u00fcrkiye\u2019nin ba\u015fpehlivan\u0131 oluyor. \u0130n\u015fallah bu y\u0131l da hak eden kazan\u0131r. A\u015fa\u011f\u0131 yukar\u0131 14 seneden beri a\u011fal\u0131k yap\u0131yorum, bence K\u0131rkp\u0131nar dahil b\u00fct\u00fcn g\u00fcre\u015fler belli bir seviye geldi. Yani her yerde millet k\u0131ran k\u0131rana yi\u011fit\u00e7e g\u00fcre\u015f yap\u0131yor, bu da bizi memnun ediyor\u201d diye konu\u015ftu.<\/p>\n<p><b>\u201cG\u00dcC\u00dcM YETT\u0130\u011e\u0130NCE A\u011eALI\u011eA DEVAM EDECE\u011e\u0130M\u201d<\/b><\/p>\n<p>A\u011fal\u0131\u011fa g\u00fcc\u00fc yetti\u011fince devam etmeyi d\u00fc\u015f\u00fcnd\u00fc\u011f\u00fcn\u00fc belirten Selim, \u201cK\u0131rkp\u0131nar a\u011fas\u0131z kalmaz. K\u0131rkp\u0131nar er meydan\u0131nda ben g\u00fcc\u00fcm yetti\u011fi m\u00fcddet\u00e7e devam edece\u011fim. Bizden iyi birisi \u00e7\u0131kabilir, biz o koltu\u011fa yap\u0131\u015fmad\u0131k. Gelir birisi ba\u015far\u0131r o i\u015fi, der ki \u2018ben yapmak istiyorum\u2019, 1 sene yapar, 2 sene yapar beceremezse ertesi sene yine yapar\u0131z. Biliyorsunuz ben daha \u00f6nce a\u011fal\u0131\u011f\u0131 2 sefer b\u0131rakt\u0131m, 2 sefer de geri ald\u0131m. Yani bunu hem madden, hem de manen seven birisi olacak. Ata sporu g\u00fcre\u015fe g\u00f6nl\u00fcn\u00fc verecek. \u0130zlemeye gidecek, destek olacak. Biz gitti\u011fimiz b\u00fct\u00fcn g\u00fcre\u015flerde maddi olarak destek oluyoruz\u201d ifadelerini kulland\u0131.<\/p>\n<p><b>\u201cL\u0130G USUL\u00dc S\u0130STEM KIRKPINAR \u0130\u00c7\u0130N \u00c7OK \u0130Y\u0130 OLACAK\u201d<\/b><\/p>\n<p>Ya\u011fl\u0131 g\u00fcre\u015flerde \u00f6n\u00fcm\u00fczdeki y\u0131l ba\u015flayacak lig usul\u00fc sistemin g\u00fcre\u015flere b\u00fcy\u00fck katk\u0131 yapaca\u011f\u0131n\u0131 ifade eden Selim, \u201cLig usul\u00fc g\u00fcre\u015f bence \u00e7ok b\u00fcy\u00fck katk\u0131 yapacak K\u0131rkp\u0131nar\u2019a. Bu sene belki K\u0131rkp\u0131nar\u2019da 3 bin ki\u015fi olacak ama seneye art\u0131k her boydan 32 ki\u015fi olacak. Bu K\u0131rkp\u0131nar i\u00e7in \u00e7ok iyi olacak. \u00c7antas\u0131n\u0131 al\u0131p K\u0131rkp\u0131nar\u2019a gelen g\u00fcre\u015fmeyecek. Hayat\u0131nda g\u00fcre\u015fmemi\u015f adam gelip K\u0131rkp\u0131nar\u2019da er meydan\u0131n\u0131 bo\u015funa oyalamayacak. Bu y\u00f6re g\u00fcre\u015flerinde puan alanlar seneye burada g\u00fcre\u015fecek. Bu \u00e7ok \u00f6nemli. Dolay\u0131s\u0131yla hem Edirne i\u00e7in iyi, hem K\u0131rkp\u0131nar i\u00e7in iyi hem de pehlivanlar a\u015f\u0131r\u0131 g\u00fcre\u015f yap\u0131p yorulmayacak. Bu \u00e7ok g\u00fczel bir karar oldu, K\u0131rkp\u0131nar da bunu hak ediyor\u201d \u015feklinde konu\u015ftu.<\/p>\n","protected":false},"excerpt":{"rendered":"<p>Tarihi K\u0131rkp\u0131nar Ya\u011fl\u0131 G\u00fcre\u015fleri&#8217;nin a\u011fas\u0131 Seyfettin Selim, ba\u015fpehlivan olacak g\u00fcre\u015f\u00e7iye 1 milyon TL \u00f6d\u00fcl vereceklerini a\u00e7\u0131klad\u0131.<\/p>\n","protected":false},"author":1,"featured_media":97207,"comment_status":"closed","ping_status":"open","sticky":false,"template":"","format":"standard","meta":{"footnotes":""},"categories":[31],"tags":[12345,304,189,307,199],"class_list":["post-97206","post","type-post","status-publish","format-standard","has-post-thumbnail","hentry","category-spor","tag-500-bin-lira","tag-baspehlivan","tag-gures","tag-kirkpinar","tag-sene"],"_links":{"self":[{"href":"https:\/\/haberulus.net\/index.php?rest_route=\/wp\/v2\/posts\/97206","targetHints":{"allow":["GET"]}}],"collection":[{"href":"https:\/\/haberulus.net\/index.php?rest_route=\/wp\/v2\/posts"}],"about":[{"href":"https:\/\/haberulus.net\/index.php?rest_route=\/wp\/v2\/types\/post"}],"author":[{"embeddable":true,"href":"https:\/\/haberulus.net\/index.php?rest_route=\/wp\/v2\/users\/1"}],"replies":[{"embeddable":true,"href":"https:\/\/haberulus.net\/index.php?rest_route=%2Fwp%2Fv2%2Fcomments&post=97206"}],"version-history":[{"count":1,"href":"https:\/\/haberulus.net\/index.php?rest_route=\/wp\/v2\/posts\/97206\/revisions"}],"predecessor-version":[{"id":97208,"href":"https:\/\/haberulus.net\/index.php?rest_route=\/wp\/v2\/posts\/97206\/revisions\/97208"}],"wp:featuredmedia":[{"embeddable":true,"href":"https:\/\/haberulus.net\/index.php?rest_route=\/wp\/v2\/media\/97207"}],"wp:attachment":[{"href":"https:\/\/haberulus.net\/index.php?rest_route=%2Fwp%2Fv2%2Fmedia&parent=97206"}],"wp:term":[{"taxonomy":"category","embeddable":true,"href":"https:\/\/haberulus.net\/index.php?rest_route=%2Fwp%2Fv2%2Fcategories&post=97206"},{"taxonomy":"post_tag","embeddable":true,"href":"https:\/\/haberulus.net\/index.php?rest_route=%2Fwp%2Fv2%2Ftags&post=97206"}],"curies":[{"name":"wp","href":"https:\/\/api.w.org\/{rel}","templated":true}]}}