{"id":97218,"date":"2023-06-12T12:21:04","date_gmt":"2023-06-12T12:21:04","guid":{"rendered":"https:\/\/haberulus.net\/?p=97218"},"modified":"2023-06-12T12:21:04","modified_gmt":"2023-06-12T12:21:04","slug":"yunan-liderden-turkiyeye-karsi-guclu-hukumet-cikisi","status":"publish","type":"post","link":"https:\/\/haberulus.net\/?p=97218","title":{"rendered":"Yunan liderden \u2018T\u00fcrkiye\u2019ye kar\u015f\u0131 g\u00fc\u00e7l\u00fc h\u00fck\u00fcmet\u2019 \u00e7\u0131k\u0131\u015f\u0131"},"content":{"rendered":"<p>Yunanistan Ba\u015fbakan\u0131 Kiriakos Mi\u00e7otakis, 25 Haziran&#8217;da d\u00fczenlenecek ikinci tur se\u00e7im kampanyas\u0131nda \u201cT\u00fcrkiye&#8217;ye kar\u015f\u0131 g\u00fc\u00e7l\u00fc h\u00fck\u00fcmet\u201d mesaj\u0131 verdi.<\/p>\n<p>Ege Denizi&#8217;ndeki Leros Adas\u0131&#8217;n\u0131 ziyaret eden Mi\u00e7otakis, burada destek\u00e7ilerine yapt\u0131\u011f\u0131 konu\u015fmada \u201cT\u00fcrkiye&#8217;yle s\u00fcrekli bir gerilim ya\u015famaya mecbur de\u011filiz\u201d diyerek, Yunanistan&#8217;\u0131n T\u00fcrkiye&#8217;ye y\u00f6nelik d\u0131\u015f politikan\u0131n s\u00fcrd\u00fcr\u00fclmesini sa\u011flayacak g\u00fc\u00e7l\u00fc bir h\u00fck\u00fcmete ihtiyac\u0131 oldu\u011funu s\u00f6yledi.<\/p>\n<p>T\u00fcrkiye&#8217;yle gerilimlerin iyi kom\u015fuluk ili\u015fkileri temelinde uluslararas\u0131 hukuka uygun \u015fekilde \u00e7\u00f6z\u00fclebilece\u011fini kaydeden Mi\u00e7otakis, T\u00fcrkiye&#8217;yle tansiyonu y\u00fckselten Ege adalar\u0131n\u0131n silahs\u0131zland\u0131r\u0131lmas\u0131 ve ba\u011f\u0131ms\u0131zl\u0131k haklar\u0131 gibi konular\u0131 kendisi dahil hi\u00e7bir Yunan liderin konu\u015fmak istemeyece\u011fini ifade etti.<\/p>\n<p><strong>\u2018ORDUMUZU G\u00dc\u00c7LEND\u0130RECE\u011e\u0130Z\u2019<\/strong><\/p>\n<p>Mi\u00e7otakis, son d\u00f6nemde tansiyonun d\u00fc\u015fm\u00fc\u015f olmas\u0131na kar\u015f\u0131n T\u00fcrk d\u0131\u015f politikas\u0131nda ani de\u011fi\u015fimler beklemediklerini ve bu konuda yan\u0131lsamaya kap\u0131lamayacaklar\u0131n\u0131 belirterek \u201cDost elimizi uzat\u0131r\u0131z ama ordumuzu g\u00fc\u00e7lendirmeye devam ederiz. S\u0131n\u0131rlar\u0131m\u0131z\u0131 koruma s\u00f6z\u00fcm\u00fcze ba\u011fl\u0131y\u0131z\u201d diye konu\u015ftu.<\/p>\n<p>Yunanistan\u2019da 21 May\u0131s&#8217;ta d\u00fczenlenen genel se\u00e7imlerde, yasa d\u0131\u015f\u0131 g\u00f6\u00e7e kar\u015f\u0131 T\u00fcrkiye s\u0131n\u0131r\u0131nda g\u00fcvenli\u011fi art\u0131rma s\u00f6z\u00fc veren Mi\u00e7otakis\u2019in liderli\u011fini yapt\u0131\u011f\u0131 Yeni Demokrasi Partisi y\u00fczde 40\u2019\u0131n \u00fczerinde oy alarak b\u00fcy\u00fck ba\u015far\u0131 kazanm\u0131\u015ft\u0131.<\/p>\n<p>\u00dclke, hi\u00e7bir partinin ilk turda h\u00fck\u00fcmet kuracak \u00e7o\u011funlu\u011fa ula\u015famamas\u0131 nedeniyle 25 Haziran&#8217;da yeniden sand\u0131\u011fa gidecek.<\/p>\n","protected":false},"excerpt":{"rendered":"<p>Yunanistan 25 Haziran\u2019da d\u00fczenlenecek ikinci tur genel se\u00e7ime haz\u0131rlan\u0131rken, Ba\u015fbakan Mi\u00e7otakis kampanyas\u0131nda T\u00fcrkiye\u2019yi dilinden d\u00fc\u015f\u00fcrm\u00fcyor.<\/p>\n","protected":false},"author":1,"featured_media":97219,"comment_status":"closed","ping_status":"open","sticky":false,"template":"","format":"standard","meta":{"footnotes":""},"categories":[24],"tags":[87],"class_list":["post-97218","post","type-post","status-publish","format-standard","has-post-thumbnail","hentry","category-dunya","tag-turk"],"_links":{"self":[{"href":"https:\/\/haberulus.net\/index.php?rest_route=\/wp\/v2\/posts\/97218","targetHints":{"allow":["GET"]}}],"collection":[{"href":"https:\/\/haberulus.net\/index.php?rest_route=\/wp\/v2\/posts"}],"about":[{"href":"https:\/\/haberulus.net\/index.php?rest_route=\/wp\/v2\/types\/post"}],"author":[{"embeddable":true,"href":"https:\/\/haberulus.net\/index.php?rest_route=\/wp\/v2\/users\/1"}],"replies":[{"embeddable":true,"href":"https:\/\/haberulus.net\/index.php?rest_route=%2Fwp%2Fv2%2Fcomments&post=97218"}],"version-history":[{"count":1,"href":"https:\/\/haberulus.net\/index.php?rest_route=\/wp\/v2\/posts\/97218\/revisions"}],"predecessor-version":[{"id":97220,"href":"https:\/\/haberulus.net\/index.php?rest_route=\/wp\/v2\/posts\/97218\/revisions\/97220"}],"wp:featuredmedia":[{"embeddable":true,"href":"https:\/\/haberulus.net\/index.php?rest_route=\/wp\/v2\/media\/97219"}],"wp:attachment":[{"href":"https:\/\/haberulus.net\/index.php?rest_route=%2Fwp%2Fv2%2Fmedia&parent=97218"}],"wp:term":[{"taxonomy":"category","embeddable":true,"href":"https:\/\/haberulus.net\/index.php?rest_route=%2Fwp%2Fv2%2Fcategories&post=97218"},{"taxonomy":"post_tag","embeddable":true,"href":"https:\/\/haberulus.net\/index.php?rest_route=%2Fwp%2Fv2%2Ftags&post=97218"}],"curies":[{"name":"wp","href":"https:\/\/api.w.org\/{rel}","templated":true}]}}