{"id":97221,"date":"2023-06-12T12:21:04","date_gmt":"2023-06-12T12:21:04","guid":{"rendered":"https:\/\/haberulus.net\/?p=97221"},"modified":"2023-06-12T12:21:04","modified_gmt":"2023-06-12T12:21:04","slug":"koskten-cikmiyor-prens-andrewun-kalici-tahliye-korkusu-agir-basti","status":"publish","type":"post","link":"https:\/\/haberulus.net\/?p=97221","title":{"rendered":"K\u00f6\u015fkten \u00e7\u0131km\u0131yor: Prens Andrew\u2019\u00fcn \u201ckal\u0131c\u0131 tahliye\u201d korkusu a\u011f\u0131r bast\u0131"},"content":{"rendered":"<p><span><span>Ge\u00e7ti\u011fimiz ay tahta ge\u00e7en \u0130ngiltere Kral\u0131 III. Charles\u2019\u0131n karde\u015fi Prens Andrew, <\/span><\/span>30 odal\u0131, 30 milyon sterlinlik Royal Lodge isimli malikaneyi sadece eski e\u015fi Sarah Ferguson ile payla\u015f\u0131yor.<\/p>\n<p>Ancak pedofili ve cinsel istismar su\u00e7uyla hapse at\u0131lan milyarder <span><span>Jeffrey Epstein\u2019le olan yak\u0131n dostlu\u011fu nedeniyle \u0130ngiltere Kraliyet Ailesi\u2019ndeki resmi g\u00f6revlerinden ayr\u0131lmak zorunda kalan Prens Andrew\u2019un konumu, annesi Krali\u00e7e II. Elizabeth\u2019in \u00f6l\u00fcm\u00fcyle daha da sars\u0131lm\u0131\u015ft\u0131.<\/span><\/span><\/p>\n<p>Abisi Kral Charles ile aras\u0131n\u0131n iyi olmad\u0131\u011f\u0131 bilinen Andrew\u2019un, tadilata girmesi beklenen k\u00f6\u015fkten \u00e7\u0131kmay\u0131 reddetmesi \u015fa\u015fk\u0131nl\u0131k yaratt\u0131.<\/p>\n<div><img decoding=\"async\" src=\"https:\/\/i01.sozcucdn.com\/wp-content\/uploads\/2023\/06\/12\/depophotos_17942264.jpg\" alt=\"\" title=\"\"><\/p>\n<p>Kral 3. Charles, May\u0131s 2023\u2019te \u0130ngiltere Kraliyeti\u2019nin ba\u015f\u0131na ge\u00e7ti\u2026<\/p>\n<\/div>\n<p><b>7 M\u0130LYON STERL\u0130N HARCAMI\u015e<\/b><\/p>\n<p><span>Kral, m\u00fclk\u00fcn daha iyi bir amaca d\u00f6n\u00fc\u015ft\u00fcr\u00fclebilece\u011fine inan\u0131yor, ancak evi uzun vadeli bir kira s\u00f6zle\u015fmesiyle devralan ve kendi servetinden 7 milyon sterline kadar\u0131n\u0131 tadilatlara harcayan Andrew, k\u0131m\u0131ldamay\u0131 reddediyor.<\/span><\/p>\n<p><span>Kaynaklar, prensin ge\u00e7ici olarak yak\u0131nlardaki Prens Harry ve Meghan Markle\u2019\u0131n eski evi olan Frogmore Kul\u00fcbesi\u2019ne ta\u015f\u0131nmas\u0131n\u0131n mant\u0131kl\u0131 olaca\u011f\u0131n\u0131 s\u00f6yl\u00fcyor.<\/span><\/p>\n<p><span>Ancak kaynak ayn\u0131 zamanda Andrew\u2019un m\u00fclk\u00fc ge\u00e7ici olarak da olsa terk etmesi durumunda kal\u0131c\u0131 olarak tahliye edilebilece\u011finden korktu\u011funu iddia ediyor: \u201cAndrew\u2019un bu yaz\u0131n sonunda yap\u0131lmas\u0131 planlanan \u00e7at\u0131 onar\u0131mlar\u0131 var ve tamamlanmas\u0131 birka\u00e7 ay s\u00fcrecek ve bu onar\u0131mlar s\u0131ras\u0131nda evde kalman\u0131n sorun yaratabilece\u011fi s\u00f6ylendi. Ama kendisi gitmek istemiyor.\u201d<\/span><\/p>\n<p><span>Buckingham Saray\u0131 konuyla ilgili yorum yapmay\u0131 reddetti, ancak ba\u015fka bir kaynak da, York D\u00fck\u00fc\u2019n\u00fcn ta\u015f\u0131nmas\u0131na gerek olmad\u0131\u011f\u0131 konusunda \u0131srar etti.<\/span><\/p>\n","protected":false},"excerpt":{"rendered":"<p>Prens Andrew hakk\u0131nda \u015fa\u015f\u0131rt\u0131c\u0131 iddia&#8230; York D\u00fck\u00fc&#8217;n\u00fcn &#8220;bir daha asla giremeyece\u011fi&#8221; korkusuyla tadilat s\u0131ras\u0131nda Kraliyet K\u00f6\u015fk\u00fc&#8217;nden \u00e7\u0131kmay\u0131 reddetti\u011fi ortaya \u00e7\u0131kt\u0131.\u00a0<\/p>\n","protected":false},"author":1,"featured_media":97222,"comment_status":"closed","ping_status":"open","sticky":false,"template":"","format":"standard","meta":{"footnotes":""},"categories":[24],"tags":[5476],"class_list":["post-97221","post","type-post","status-publish","format-standard","has-post-thumbnail","hentry","category-dunya","tag-kral"],"_links":{"self":[{"href":"https:\/\/haberulus.net\/index.php?rest_route=\/wp\/v2\/posts\/97221","targetHints":{"allow":["GET"]}}],"collection":[{"href":"https:\/\/haberulus.net\/index.php?rest_route=\/wp\/v2\/posts"}],"about":[{"href":"https:\/\/haberulus.net\/index.php?rest_route=\/wp\/v2\/types\/post"}],"author":[{"embeddable":true,"href":"https:\/\/haberulus.net\/index.php?rest_route=\/wp\/v2\/users\/1"}],"replies":[{"embeddable":true,"href":"https:\/\/haberulus.net\/index.php?rest_route=%2Fwp%2Fv2%2Fcomments&post=97221"}],"version-history":[{"count":1,"href":"https:\/\/haberulus.net\/index.php?rest_route=\/wp\/v2\/posts\/97221\/revisions"}],"predecessor-version":[{"id":97223,"href":"https:\/\/haberulus.net\/index.php?rest_route=\/wp\/v2\/posts\/97221\/revisions\/97223"}],"wp:featuredmedia":[{"embeddable":true,"href":"https:\/\/haberulus.net\/index.php?rest_route=\/wp\/v2\/media\/97222"}],"wp:attachment":[{"href":"https:\/\/haberulus.net\/index.php?rest_route=%2Fwp%2Fv2%2Fmedia&parent=97221"}],"wp:term":[{"taxonomy":"category","embeddable":true,"href":"https:\/\/haberulus.net\/index.php?rest_route=%2Fwp%2Fv2%2Fcategories&post=97221"},{"taxonomy":"post_tag","embeddable":true,"href":"https:\/\/haberulus.net\/index.php?rest_route=%2Fwp%2Fv2%2Ftags&post=97221"}],"curies":[{"name":"wp","href":"https:\/\/api.w.org\/{rel}","templated":true}]}}