{"id":97227,"date":"2023-06-12T12:21:06","date_gmt":"2023-06-12T12:21:06","guid":{"rendered":"https:\/\/haberulus.net\/?p=97227"},"modified":"2023-06-12T12:21:06","modified_gmt":"2023-06-12T12:21:06","slug":"suna-kana-veda","status":"publish","type":"post","link":"https:\/\/haberulus.net\/?p=97227","title":{"rendered":"Suna Kan\u2019a veda\u2026"},"content":{"rendered":"<p>Cumhurba\u015fkanl\u0131\u011f\u0131 Senfoni Orkestras\u0131\u2019nda solist ve ba\u015fkemanc\u0131 olarak g\u00f6rev yapan Suna Kan, bir s\u00fcredir nefes darl\u0131\u011f\u0131 nedeniyle tedavi g\u00f6rd\u00fc\u011f\u00fc Ankara\u2019daki \u00f6zel hastanede d\u00fcn hayat\u0131n\u0131 kaybetti. Kan i\u00e7in bug\u00fcn CSO Tarihi Salon\u2019da t\u00f6ren d\u00fczenlendi.<\/p>\n<p><img decoding=\"async\" src=\"https:\/\/i01.sozcucdn.com\/wp-content\/uploads\/2023\/06\/12\/suna2.jpeg\" alt=\"\" title=\"\"><\/p>\n<p>T\u00f6rene, K\u00fclt\u00fcr ve Turizm Bakanl\u0131\u011f\u0131 G\u00fczel Sanatlar Genel M\u00fcd\u00fcr\u00fc \u00d6mer Faruk Belviranl\u0131, 2\u2019nci Cumhurba\u015fkan\u0131 \u0130smet \u0130n\u00f6n\u00fc\u2019n\u00fcn k\u0131z\u0131 \u00d6zden Toker, Hacettepe \u00dcniversitesi Ankara Devlet Konservatuvar\u0131 M\u00fcd\u00fcr\u00fc Prof. Dr. Metin Munzur, Hacettepe \u00dcniversitesi Ankara Devlet Konservatuvar\u0131 \u00f6\u011fretim \u00fcyesi Prof. Rengim G\u00f6kmen, keman sanat\u00e7\u0131s\u0131 Prof. Cihat A\u015fk\u0131n, Kan\u0131n o\u011flu \u00d6mer \u00dcstel, aile fertleri ve sevenleri kat\u0131ld\u0131.<\/p>\n<p>T\u00f6rende Kan i\u00e7in sayg\u0131 duru\u015funda bulunuldu, daha sonra hayat ser\u00fcveni anlat\u0131ld\u0131.<\/p>\n<p><img decoding=\"async\" src=\"https:\/\/i01.sozcucdn.com\/wp-content\/uploads\/2023\/06\/12\/s4.1_23187383.jpg\" alt=\"\" title=\"\"><\/p>\n<p><strong>\u201cO, HAR\u0130KA \u00c7OCUKLARIN YILDIZI\u201d<\/strong><\/p>\n<p>\u00d6zden Toker,\u00a0 Suna Kan ve kendisi gibi \u00f6zel yetenekli \u00e7ocuklar\u0131n yurt d\u0131\u015f\u0131na devlet bursuyla g\u00f6nderilmesi i\u00e7in \u00e7\u0131kar\u0131lan \u2018Harika \u00c7ocuklar Yasas\u0131\u2019n\u0131 hat\u0131rlatarak, \u201cSuna Kan, harika \u00e7ocuk olarak bu kanunun \u00e7\u0131kmas\u0131na vesile olan \u00e7ocu\u011fun kendisi ve o kanunu \u00e7\u0131karan da o zaman Cumhurba\u015fkan\u0131 olan babam \u0130smet \u0130n\u00f6n\u00fc. Babam, onun gibi yetenekli \u00e7ocuklara sahip \u00e7\u0131k\u0131lmas\u0131na, onlar\u0131n ileride bir y\u0131ld\u0131z gibi parlamas\u0131na vesile olan yasay\u0131 \u00e7\u0131karan insan. Suna Kan\u2019a ve \u0130dil Biret\u2019e inand\u0131\u011f\u0131 i\u00e7in bu kanun \u00f6zel olarak \u00e7\u0131kt\u0131. O harika \u00e7ocuklar\u0131n kendisi, y\u0131ld\u0131z\u0131. O harika bir \u00e7ocuktu. O \u00e7ok zarif, \u00e7ok g\u00fczel bir \u00e7ocuktu ve o \u00e7ocuk bizim ailemizde b\u00fcy\u00fcd\u00fc. Annemin en sevdi\u011fi \u00e7ocuklar\u0131ndan bir tanesi oldu. \u0130yi ki vard\u0131n. Seni seviyoruz ve seni hi\u00e7 unutmayaca\u011f\u0131z. Suna Kan\u2019a te\u015fekk\u00fcr ediyorum. Her zaman var olacaks\u0131n\u201d dedi.<\/p>\n<p><img decoding=\"async\" src=\"https:\/\/i01.sozcucdn.com\/wp-content\/uploads\/2023\/06\/12\/s7.1_23187372.jpg\" alt=\"\" title=\"\"><\/p>\n<p><strong>KILI\u00c7DARO\u011eLU CENAZE T\u00d6REN\u0130NE KATILDI<\/strong><\/p>\n<p>Buradaki t\u00f6renin ard\u0131ndan Kan i\u00e7in Kocatepe Camisi\u2019nde cenaze t\u00f6reni d\u00fczenlendi. T\u00f6rene, Kan\u2019\u0131n ailesi, yak\u0131nlar\u0131, CHP Genel Ba\u015fkan\u0131 Kemal K\u0131l\u0131\u00e7daro\u011flu ve beraberindeki parti heyeti kat\u0131ld\u0131. K\u0131l\u0131\u00e7daro\u011flu, Kan\u2019\u0131n yak\u0131nlar\u0131na ba\u015fsa\u011fl\u0131\u011f\u0131 dile\u011finde bulundu.<\/p>\n<p><img decoding=\"async\" src=\"https:\/\/i01.sozcucdn.com\/wp-content\/uploads\/2023\/06\/12\/s1.1_23187520.jpg\" alt=\"\" title=\"\"><\/p>\n<p>Kan \u00f6\u011fle namaz\u0131 sonras\u0131 k\u0131l\u0131nan cenaze namaz\u0131n\u0131n ard\u0131ndan Kar\u015f\u0131yaka Mezarl\u0131\u011f\u0131\u2019nda topra\u011fa verildi. (DHA)<\/p>\n","protected":false},"excerpt":{"rendered":"<p>Cumhurba\u015fkanl\u0131\u011f\u0131 Senfoni Orkestras\u0131&#8217;nda solist ve ba\u015fkemanc\u0131 olarak g\u00f6rev yapan Suna Kan, 86 ya\u015f\u0131nda vefat etti\u011fi Ankara&#8217;da son yolculu\u011funa u\u011furland\u0131.<\/p>\n","protected":false},"author":1,"featured_media":97228,"comment_status":"closed","ping_status":"open","sticky":false,"template":"","format":"standard","meta":{"footnotes":""},"categories":[27],"tags":[331,6414,169,12304,1088],"class_list":["post-97227","post","type-post","status-publish","format-standard","has-post-thumbnail","hentry","category-kultur-sanat","tag-cocuklar","tag-harika","tag-kan","tag-suna-kan","tag-toren"],"_links":{"self":[{"href":"https:\/\/haberulus.net\/index.php?rest_route=\/wp\/v2\/posts\/97227","targetHints":{"allow":["GET"]}}],"collection":[{"href":"https:\/\/haberulus.net\/index.php?rest_route=\/wp\/v2\/posts"}],"about":[{"href":"https:\/\/haberulus.net\/index.php?rest_route=\/wp\/v2\/types\/post"}],"author":[{"embeddable":true,"href":"https:\/\/haberulus.net\/index.php?rest_route=\/wp\/v2\/users\/1"}],"replies":[{"embeddable":true,"href":"https:\/\/haberulus.net\/index.php?rest_route=%2Fwp%2Fv2%2Fcomments&post=97227"}],"version-history":[{"count":1,"href":"https:\/\/haberulus.net\/index.php?rest_route=\/wp\/v2\/posts\/97227\/revisions"}],"predecessor-version":[{"id":97229,"href":"https:\/\/haberulus.net\/index.php?rest_route=\/wp\/v2\/posts\/97227\/revisions\/97229"}],"wp:featuredmedia":[{"embeddable":true,"href":"https:\/\/haberulus.net\/index.php?rest_route=\/wp\/v2\/media\/97228"}],"wp:attachment":[{"href":"https:\/\/haberulus.net\/index.php?rest_route=%2Fwp%2Fv2%2Fmedia&parent=97227"}],"wp:term":[{"taxonomy":"category","embeddable":true,"href":"https:\/\/haberulus.net\/index.php?rest_route=%2Fwp%2Fv2%2Fcategories&post=97227"},{"taxonomy":"post_tag","embeddable":true,"href":"https:\/\/haberulus.net\/index.php?rest_route=%2Fwp%2Fv2%2Ftags&post=97227"}],"curies":[{"name":"wp","href":"https:\/\/api.w.org\/{rel}","templated":true}]}}