{"id":97236,"date":"2023-06-12T12:35:33","date_gmt":"2023-06-12T12:35:33","guid":{"rendered":"https:\/\/haberulus.net\/?p=97236"},"modified":"2023-06-12T12:35:33","modified_gmt":"2023-06-12T12:35:33","slug":"yerel-secimde-ak-parti-ile-ittifak-yapacaklar-mi-yrp-lideri-erbakan-sessizligini-bozdu","status":"publish","type":"post","link":"https:\/\/haberulus.net\/?p=97236","title":{"rendered":"Yerel se\u00e7imde AK Parti ile ittifak yapacaklar m\u0131? YRP lideri Erbakan sessizli\u011fini bozdu"},"content":{"rendered":"<p>T\u00fcrkiye 14 May\u0131s&#8217;ta sand\u0131k ba\u015f\u0131na giderken, hem milletvekili genel se\u00e7imi hem de cumhurba\u015fkanl\u0131\u011f\u0131 se\u00e7imleri ger\u00e7ekle\u015ftirildi. Erdo\u011fan yeniden cumhurba\u015fkan\u0131 se\u00e7ilirken, Meclis&#8217;te ise Cumhur \u0130ttifak\u0131 partileri \u00e7o\u011funlu\u011fu elde etti.<\/p>\n<p>Se\u00e7imlere Cumhur \u0130ttifak\u0131 taraf\u0131nda giren Yeniden Refah Partisi ise milletvekili se\u00e7imlerine ayr\u0131 girdi ve TBMM&#8217;de 5 vekil ile temsil edilme hakk\u0131 kazand\u0131. Parti lideri Fatih Erbakan, partisinin Kartal il\u00e7e te\u015fkilat binas\u0131nda bas\u0131n mensuplar\u0131 ve parti \u00fcyeleriyle kahvalt\u0131 program\u0131na kat\u0131ld\u0131. Burada ise yerel se\u00e7imlere ili\u015fkin dikkat \u00e7eken a\u00e7\u0131klamalarda bulundu.<\/p>\n<p><b>&#8220;ANKET F\u0130RMALARININ DED\u0130\u011e\u0130 OLMADI&#8221;<\/b><\/p>\n<p>Erbakan, se\u00e7imleri de\u011ferlendirip, &#8220;Partimizin T\u00fcrkiye&#8217;nin en h\u0131zl\u0131 b\u00fcy\u00fcyen partisi oldu\u011fu ortaya \u00e7\u0131km\u0131\u015ft\u0131r. Bu se\u00e7imden sonra ifade edilmesi gereken di\u011fer \u00f6nemli bir husus da anket \u015firketlerinin manip\u00fclasyonlar\u0131d\u0131r. Anket \u015firketleri Yeniden Refah Partimizi 3 sene boyunca hi\u00e7 g\u00f6stermediler. En son se\u00e7ime yak\u0131n art\u0131k l\u00fctfettiler. Y\u00fczde 1 civar\u0131nda bir oyu uygun g\u00f6rd\u00fcler. Ancak  <strong>se\u00e7im<\/strong> sonu\u00e7lar\u0131 bu anketlerin bilimsel, objektif bir \u015fekilde yap\u0131lmad\u0131\u011f\u0131n\u0131 ortaya koydu. Cumhurba\u015fkanl\u0131\u011f\u0131 se\u00e7imiyle ilgili de anket firmalar\u0131 s\u0131n\u0131fta kald\u0131. \u00c7\u00fcnk\u00fc anket firmalar\u0131n\u0131n y\u00fczde 80&#8217;i Say\u0131n K\u0131l\u0131\u00e7daro\u011flu&#8217;nu \u00f6nde g\u00f6sterdi.  <strong>Se\u00e7im<\/strong> sonu\u00e7lar\u0131 hi\u00e7 de bu anket firmalar\u0131n\u0131n s\u00f6yledi\u011fi gibi olmad\u0131.&#8221; dedi.<\/p>\n<p><img decoding=\"async\" src=\"https:\/\/i.hbrcdn.com\/haber\/2023\/06\/12\/yerel-secimde-ak-parti-ile-ittifak-yapacaklar-mi-16021020_246_m.jpg\" alt=\"\" title=\"\"><\/p>\n<p><b>&#8220;KEND\u0130 ADAYLARIMIZLA SE\u00c7\u0130ME G\u0130RME D\u00dc\u015e\u00dcNCES\u0130NDEY\u0130Z&#8221;<\/b><\/p>\n<p>Yerel se\u00e7imlerde ittifakla hareket edip etmeyecekleri y\u00f6n\u00fcndeki soru \u00fczerine Erbakan, &#8220;Yerel se\u00e7imler yakla\u015ft\u0131\u011f\u0131nda yetkili kurumlar\u0131m\u0131zla herhangi bir ba\u015fka partiden teklif halinde isti\u015fare, de\u011ferlendirme yap\u0131larak bir karar al\u0131nabilir. Ama \u015fu an i\u00e7in in\u015fallah kendi adaylar\u0131m\u0131zla m\u00fcstakil olarak gitme d\u00fc\u015f\u00fcncesi i\u00e7erisindeyiz. Tabii s\u00fcre yakla\u015ft\u0131\u011f\u0131 zaman bir teklif olmas\u0131 halinde de bunun temsil kurullar\u0131m\u0131zda de\u011ferlendirilmesi, g\u00f6r\u00fc\u015f\u00fclmesi s\u00f6z konusu olacakt\u0131r. Ama \u015fu an i\u00e7in kendimiz, kendi g\u00fcc\u00fcm\u00fczle kendi adaylar\u0131m\u0131zla gitmek i\u00e7in \u00e7al\u0131\u015fmalar\u0131 yap\u0131yoruz.&#8221; ifadelerini kulland\u0131.<\/p>\n<p>Erbakan, TBMM&#8217;de yer alarak kamuoyunun, h\u00fck\u00fcmetin, \u00fclkenin g\u00fcndemine getirecekleri konularla tekliflerle yap\u0131c\u0131 ele\u015ftirilerle meclisin rengini de\u011fi\u015ftireceklerini dile getirerek, mecliste, y\u00f6netimde ve yarg\u0131da adalet i\u00e7in m\u00fccadele edeceklerini kaydetti.<\/p>\n","protected":false},"excerpt":{"rendered":"<p>Yeniden Refah Partisi Genel Ba\u015fkan\u0131 Fatih Erbakan, 2024&#8217;te yap\u0131lacak yerel se\u00e7imde ittifakla hareket edip etmeyeceklerine ili\u015fkin soruya &#8220;Yerel se\u00e7imler yakla\u015ft\u0131\u011f\u0131nda yetkili kurumlar\u0131m\u0131zla herhangi bir ba\u015fka partiden teklif halinde isti\u015fare, de\u011ferlendirme yap\u0131larak bir karar al\u0131nabilir. Ama \u015fu an i\u00e7in in\u015fallah kendi adaylar\u0131m\u0131zla m\u00fcstakil olarak gitme d\u00fc\u015f\u00fcncesi i\u00e7erisindeyiz&#8221; yan\u0131t\u0131n\u0131 verdi.<\/p>\n","protected":false},"author":1,"featured_media":0,"comment_status":"closed","ping_status":"open","sticky":false,"template":"","format":"standard","meta":{"footnotes":""},"categories":[28],"tags":[272,1122,442,320],"class_list":["post-97236","post","type-post","status-publish","format-standard","hentry","category-politika","tag-anket","tag-cumhur","tag-parti","tag-secim"],"_links":{"self":[{"href":"https:\/\/haberulus.net\/index.php?rest_route=\/wp\/v2\/posts\/97236","targetHints":{"allow":["GET"]}}],"collection":[{"href":"https:\/\/haberulus.net\/index.php?rest_route=\/wp\/v2\/posts"}],"about":[{"href":"https:\/\/haberulus.net\/index.php?rest_route=\/wp\/v2\/types\/post"}],"author":[{"embeddable":true,"href":"https:\/\/haberulus.net\/index.php?rest_route=\/wp\/v2\/users\/1"}],"replies":[{"embeddable":true,"href":"https:\/\/haberulus.net\/index.php?rest_route=%2Fwp%2Fv2%2Fcomments&post=97236"}],"version-history":[{"count":1,"href":"https:\/\/haberulus.net\/index.php?rest_route=\/wp\/v2\/posts\/97236\/revisions"}],"predecessor-version":[{"id":97237,"href":"https:\/\/haberulus.net\/index.php?rest_route=\/wp\/v2\/posts\/97236\/revisions\/97237"}],"wp:attachment":[{"href":"https:\/\/haberulus.net\/index.php?rest_route=%2Fwp%2Fv2%2Fmedia&parent=97236"}],"wp:term":[{"taxonomy":"category","embeddable":true,"href":"https:\/\/haberulus.net\/index.php?rest_route=%2Fwp%2Fv2%2Fcategories&post=97236"},{"taxonomy":"post_tag","embeddable":true,"href":"https:\/\/haberulus.net\/index.php?rest_route=%2Fwp%2Fv2%2Ftags&post=97236"}],"curies":[{"name":"wp","href":"https:\/\/api.w.org\/{rel}","templated":true}]}}